{"id":26447,"date":"2019-08-28T15:34:06","date_gmt":"2019-08-28T18:34:06","guid":{"rendered":"https:\/\/cbr.org.br\/?p=26447"},"modified":"2025-03-26T13:42:29","modified_gmt":"2025-03-26T16:42:29","slug":"curso-gestao-de-clinicas-aborda-oportunidades-e-tendencias-do-mercado-da-saude-suplementar-com-participantes-de-todo-brasil","status":"publish","type":"post","link":"https:\/\/cbr.org.br\/es\/curso-gestao-de-clinicas-aborda-oportunidades-e-tendencias-do-mercado-da-saude-suplementar-com-participantes-de-todo-brasil\/","title":{"rendered":"El curso \u201cGesti\u00f3n Cl\u00ednica\u201d aborda oportunidades y tendencias en el mercado de Salud Suplementaria, con participantes de todo Brasil."},"content":{"rendered":"<p><em>La actividad que fue un punto destacado de las acciones educativas del CBR en agosto, se realizar\u00e1 nuevamente los d\u00edas 26 y 27 de septiembre, ahora centrada en las negociaciones con las compa\u00f1\u00edas de seguros de salud.<\/em><\/p>\n<p>El Curso \u201cGesti\u00f3n de Cl\u00ednicas\u201d, realizado desde hace algunos a\u00f1os por el Colegio Brasile\u00f1o de Radiolog\u00eda y Diagn\u00f3stico por Imagen (CBR) y la Asociaci\u00f3n Brasile\u00f1a de Cl\u00ednicas de Diagn\u00f3stico por Imagen (ABCDI), tuvo lugar en agosto, en Brasilia, con el tema \u201cOportunidades y Tendencias en el Mercado de Salud Suplementaria\u201d, con los instructores Carlos Moura, asesor econ\u00f3mico del CBR, y Rodolfo Siqueira.<\/p>\n<p>\u201cEl curso fue muy bueno, abarcando aspectos pr\u00e1cticos, administrativos y de gesti\u00f3n para cl\u00ednicas. Los compa\u00f1eros interactuaron mucho con los instructores, compartiendo sus problemas y dificultades locales, lo que hizo que el curso fuera muy din\u00e1mico e interactivo, como debe ser\u201d, destaca el Dr. Adelson Andr\u00e9 Martins, director de ABCDI.<\/p>\n<p>Los instructores trajeron a colaci\u00f3n discusiones actuales, abordando el panorama de la medicina diagn\u00f3stica en Brasil, las principales regulaciones y opiniones, cifras de salud complementaria, un amplio an\u00e1lisis de mercado, fundamental para una buena gesti\u00f3n, y las novedades y tendencias del sector.<\/p>\n<p>Tuvimos muchas conversaciones sobre las glosas y ajustes de los planes de seguro m\u00e9dico, as\u00ed como sobre el incumplimiento de la Ley ANS 13.003\/14 por parte de las aseguradoras. Fue muy productivo, ya que los instructores pudieron orientar a las cl\u00ednicas sobre c\u00f3mo denunciar, c\u00f3mo evitar represalias y qu\u00e9 precauciones deben observarse en los contratos, a\u00f1ade el Dr. Adelson.<\/p>\n<p>El curso reuni\u00f3 a participantes de todos los rincones de Brasil, como Acre, Amap\u00e1, Par\u00e1, Brasilia (DF), R\u00edo de Janeiro, S\u00e3o Paulo, Rio Grande do Sul, entre otros estados.<\/p>\n<p>Para el Dr. Luciano Muniz, del Centro Radiol\u00f3gico de Bragan\u00e7a, en Bragan\u00e7a Paulista (interior de S\u00e3o Paulo), comprender la din\u00e1mica del mercado de salud complementaria, que es extremadamente r\u00e1pida, fue lo que lo motiv\u00f3 a participar del curso. Necesitaba comprender los cambios y la complejidad de las mesas de procedimientos m\u00e9dicos, la din\u00e1mica de la creaci\u00f3n de nuevos est\u00e1ndares y, como m\u00e9dico y propietario de una cl\u00ednica, sent\u00ed la necesidad de facilitar las negociaciones en el mercado en el que trabajo. Este fue mi primer contacto con el \u00e1rea de gesti\u00f3n y vi cu\u00e1nto necesitamos ser activos, explica.<\/p>\n<p>El m\u00e9dico, que tambi\u00e9n participar\u00e1 en el segundo m\u00f3dulo del curso, destaca adem\u00e1s que el curso tambi\u00e9n fue una oportunidad para conocer y comprender mejor el papel del CBR y ABCDI en la defensa profesional de los radi\u00f3logos y de las cl\u00ednicas de diagn\u00f3stico por im\u00e1genes. \u201cMuchas veces, debido a nuestra apretada rutina, no utilizamos ni nos mantenemos actualizados con alguna herramienta que tenemos a nuestra disposici\u00f3n como socios y quedamos muy desprotegidos\u201d, a\u00f1ade.<\/p>\n<p>Para el instructor y asesor econ\u00f3mico del CBR, Carlos Moura, es fundamental conocer el mercado, sus cambios y la necesidad de mejorar los m\u00e9todos de gesti\u00f3n. Es importante recordar que cuando un m\u00e9dico decide abrir una cl\u00ednica, se convierte en emprendedor. Actualmente, no basta con delegar; es necesario comprender el enfoque del mercado, los cambios y las amenazas. El porcentaje de denegaciones en Brasil en el sector de salud complementaria es del 61% de todos los servicios prestados. Esta cifra es alarmante, ya que implica un desperdicio de inversiones y esfuerzos, adem\u00e1s del mecanismo y la estructura que la cl\u00ednica debe tener para presentar una apelaci\u00f3n. Antes, era posible sobrevivir con este porcentaje, pero ya no es as\u00ed\u00bb, advierte.<\/p>\n<p>Para proporcionar un nivel a\u00fan mayor de conocimiento sobre el tema, el Curso \u201cGesti\u00f3n Cl\u00ednica\u201d se realizar\u00e1 nuevamente en septiembre, del 26 al 27 de septiembre, tambi\u00e9n en Brasilia. En este segundo m\u00f3dulo el tema ser\u00e1 \u201cAprender a Negociar Efectivamente con Compa\u00f1\u00edas de Seguros de Salud\u201d. Los participantes tendr\u00e1n la oportunidad de aprender a dirigir una estrategia de negociaci\u00f3n, profundizando en temas como estructuraci\u00f3n del \u00e1rea comercial, ajustes de la negociaci\u00f3n, oportunidades y estrategias de negociaci\u00f3n, m\u00e9todos de cobranza, herramientas de priorizaci\u00f3n de programaci\u00f3n, contrataci\u00f3n de acuerdo con la Ley 13.003\/14, entre otros puntos.<\/p>\n<p>Toda la informaci\u00f3n sobre el curso est\u00e1 disponible en la web del CBR, as\u00ed como en el entorno de inscripci\u00f3n (<a href=\"https:\/\/cbr.org.br\/es\/educacao\/gestao-de-clinicas\/\">https:\/\/cbr.org.br\/educacao\/gestao-de-clinicas\/<\/a>). Para inscripciones m\u00faltiples, comun\u00edquese con CBR\/ABCDI por tel\u00e9fono (11) 3372-4566.<\/p>","protected":false},"excerpt":{"rendered":"<p>La actividad que fue punto culminante de las acciones educativas del CBR en agosto se realizar\u00e1 nuevamente los d\u00edas 26 y 27 de septiembre, ahora centrada en las negociaciones con las compa\u00f1\u00edas de seguros de salud. El Curso \u201cGesti\u00f3n Cl\u00ednica\u201d, que se realiza desde hace algunos a\u00f1os por el Colegio Brasile\u00f1o de Radiolog\u00eda y Diagn\u00f3stico por Imagen (CBR) y\u2026 <a href=\"https:\/\/cbr.org.br\/es\/curso-gestao-de-clinicas-aborda-oportunidades-e-tendencias-do-mercado-da-saude-suplementar-com-participantes-de-todo-brasil\/\">Sigue leyendo<\/a><\/p>","protected":false},"author":8,"featured_media":26469,"comment_status":"closed","ping_status":"closed","sticky":false,"template":"","format":"standard","meta":{"_acf_changed":false,"footnotes":""},"categories":[675],"tags":[122,50,665,837,111,84],"class_list":["post-26447","post","type-post","status-publish","format-standard","has-post-thumbnail","hentry","category-abcdi","tag-abcdi","tag-cbr","tag-cbr_radiologia","tag-curso-gestao-de-clinicas","tag-diagnostico-por-imagem","tag-medicina-diagnostica"],"acf":[],"_links":{"self":[{"href":"https:\/\/cbr.org.br\/es\/wp-json\/wp\/v2\/posts\/26447","targetHints":{"allow":["GET"]}}],"collection":[{"href":"https:\/\/cbr.org.br\/es\/wp-json\/wp\/v2\/posts"}],"about":[{"href":"https:\/\/cbr.org.br\/es\/wp-json\/wp\/v2\/types\/post"}],"author":[{"embeddable":true,"href":"https:\/\/cbr.org.br\/es\/wp-json\/wp\/v2\/users\/8"}],"replies":[{"embeddable":true,"href":"https:\/\/cbr.org.br\/es\/wp-json\/wp\/v2\/comments?post=26447"}],"version-history":[{"count":1,"href":"https:\/\/cbr.org.br\/es\/wp-json\/wp\/v2\/posts\/26447\/revisions"}],"predecessor-version":[{"id":44439,"href":"https:\/\/cbr.org.br\/es\/wp-json\/wp\/v2\/posts\/26447\/revisions\/44439"}],"wp:featuredmedia":[{"embeddable":true,"href":"https:\/\/cbr.org.br\/es\/wp-json\/wp\/v2\/media\/26469"}],"wp:attachment":[{"href":"https:\/\/cbr.org.br\/es\/wp-json\/wp\/v2\/media?parent=26447"}],"wp:term":[{"taxonomy":"category","embeddable":true,"href":"https:\/\/cbr.org.br\/es\/wp-json\/wp\/v2\/categories?post=26447"},{"taxonomy":"post_tag","embeddable":true,"href":"https:\/\/cbr.org.br\/es\/wp-json\/wp\/v2\/tags?post=26447"}],"curies":[{"name":"wp","href":"https:\/\/api.w.org\/{rel}","templated":true}]}}