{"id":26561,"date":"2019-09-11T16:25:37","date_gmt":"2019-09-11T19:25:37","guid":{"rendered":"https:\/\/cbr.org.br\/?p=26561"},"modified":"2025-03-26T13:07:25","modified_gmt":"2025-03-26T16:07:25","slug":"defesa-profissional-do-cbr-tem-contato-direto-para-atendimento-dos-associados","status":"publish","type":"post","link":"https:\/\/cbr.org.br\/es\/defesa-profissional-do-cbr-tem-contato-direto-para-atendimento-dos-associados\/","title":{"rendered":"CBR Professional Defense tiene contacto directo para ayudar a los miembros"},"content":{"rendered":"<p>La Defensa Profesional es uno de los principales frentes del Colegio Brasile\u00f1o de Radiolog\u00eda y Diagn\u00f3stico por Im\u00e1genes. Por lo tanto, adem\u00e1s de un consejo y una comisi\u00f3n espec\u00edficos, que trabajan en las directrices de inter\u00e9s para los radi\u00f3logos y el diagn\u00f3stico por imagen, la CBR tambi\u00e9n cuenta con una asesor\u00eda parlamentaria en Brasilia (DF) y una asesor\u00eda econ\u00f3mica, que brindan todo el apoyo necesario en reuniones y reuniones estrat\u00e9gicas. encuentros, anticipar escenarios y orientar al CBR en las mejores decisiones.<br \/>\nPara monitorear toda esta estructura, se cre\u00f3 un contacto directo, espec\u00edfico para que los miembros de la CBR puedan enviar sus consultas, quejas o cualquier otra manifestaci\u00f3n de su inter\u00e9s con garant\u00eda de total secreto. La direcci\u00f3n de correo electr\u00f3nico es Defesaprofissional@cbr.org.br.<\/p>\n<p><a href=\"https:\/\/www.youtube.com\/watch?v=AXFi2oXl-oU\">mira el video<\/a> que CBR prepar\u00f3 para publicitar este canal.<\/p>\n<p>Adem\u00e1s de este medio de contacto, el Workplace de CBR cuenta con un grupo espec\u00edfico de Defensa Profesional, donde es posible compartir dudas, experiencias y conocimientos con radi\u00f3logos de todo Brasil, adem\u00e1s de acompa\u00f1ar las actividades de CBR en esta \u00e1rea. Dr. Cibele Alves de Carvalho, directora de defensa profesional de CBR, est\u00e1 activa en el grupo y tambi\u00e9n est\u00e1 disponible a trav\u00e9s de \u201cWorkchat\u201d, una funci\u00f3n de Workplace donde es posible contactar a cada miembro individualmente.<\/p>","protected":false},"excerpt":{"rendered":"<p>La Defensa Profesional es uno de los principales frentes del Colegio Brasile\u00f1o de Radiolog\u00eda y Diagn\u00f3stico por Im\u00e1genes. Por lo tanto, adem\u00e1s de un consejo y una comisi\u00f3n espec\u00edficos, que trabajan en las directrices de inter\u00e9s para los radi\u00f3logos y el diagn\u00f3stico por imagen, la CBR tambi\u00e9n tiene una asesor\u00eda parlamentaria en Brasilia (DF) y \u2026 <a href=\"https:\/\/cbr.org.br\/es\/defesa-profissional-do-cbr-tem-contato-direto-para-atendimento-dos-associados\/\">Sigue leyendo<\/a><\/p>","protected":false},"author":8,"featured_media":26590,"comment_status":"closed","ping_status":"closed","sticky":false,"template":"","format":"standard","meta":{"_acf_changed":false,"footnotes":""},"categories":[4],"tags":[50,665,6,111,84],"class_list":["post-26561","post","type-post","status-publish","format-standard","has-post-thumbnail","hentry","category-defesa-profissional","tag-cbr","tag-cbr_radiologia","tag-defesa-profissional","tag-diagnostico-por-imagem","tag-medicina-diagnostica"],"acf":[],"_links":{"self":[{"href":"https:\/\/cbr.org.br\/es\/wp-json\/wp\/v2\/posts\/26561","targetHints":{"allow":["GET"]}}],"collection":[{"href":"https:\/\/cbr.org.br\/es\/wp-json\/wp\/v2\/posts"}],"about":[{"href":"https:\/\/cbr.org.br\/es\/wp-json\/wp\/v2\/types\/post"}],"author":[{"embeddable":true,"href":"https:\/\/cbr.org.br\/es\/wp-json\/wp\/v2\/users\/8"}],"replies":[{"embeddable":true,"href":"https:\/\/cbr.org.br\/es\/wp-json\/wp\/v2\/comments?post=26561"}],"version-history":[{"count":1,"href":"https:\/\/cbr.org.br\/es\/wp-json\/wp\/v2\/posts\/26561\/revisions"}],"predecessor-version":[{"id":51456,"href":"https:\/\/cbr.org.br\/es\/wp-json\/wp\/v2\/posts\/26561\/revisions\/51456"}],"wp:featuredmedia":[{"embeddable":true,"href":"https:\/\/cbr.org.br\/es\/wp-json\/wp\/v2\/media\/26590"}],"wp:attachment":[{"href":"https:\/\/cbr.org.br\/es\/wp-json\/wp\/v2\/media?parent=26561"}],"wp:term":[{"taxonomy":"category","embeddable":true,"href":"https:\/\/cbr.org.br\/es\/wp-json\/wp\/v2\/categories?post=26561"},{"taxonomy":"post_tag","embeddable":true,"href":"https:\/\/cbr.org.br\/es\/wp-json\/wp\/v2\/tags?post=26561"}],"curies":[{"name":"wp","href":"https:\/\/api.w.org\/{rel}","templated":true}]}}