{"id":27481,"date":"2019-11-13T17:29:18","date_gmt":"2019-11-13T19:29:18","guid":{"rendered":"https:\/\/cbr.org.br\/?p=27481"},"modified":"2025-03-25T15:09:07","modified_gmt":"2025-03-25T18:09:07","slug":"cbr-celebra-dia-do-radiologista-e-dia-internacional-da-radiologia","status":"publish","type":"post","link":"https:\/\/cbr.org.br\/es\/cbr-celebra-dia-do-radiologista-e-dia-internacional-da-radiologia\/","title":{"rendered":"CBR celebra el D\u00eda del Radi\u00f3logo y el D\u00eda Internacional de la Radiolog\u00eda"},"content":{"rendered":"<p><em>El 8 de noviembre se celebr\u00f3 el D\u00eda del Radi\u00f3logo, haciendo honor a la fecha <\/em><em>en el que el f\u00edsico Wilhelm Conrad R\u00f6ntgen descubri\u00f3 la existencia de los rayos X en 1895<\/em><\/p>\n<p>El D\u00eda Internacional de la Radiolog\u00eda (IDOR) se celebra en todo el mundo por una iniciativa creada por <em>Sociedad Europea de Radiolog\u00eda (ESR)<\/em>, junto con el <em>Sociedad Radiol\u00f3gica de Am\u00e9rica del Norte (RSNA)<\/em> Es <em>Colegio Americano de Radiolog\u00eda (ACR)<\/em>, y apoyado por diversas entidades y sociedades de todo el mundo. En este d\u00eda, tambi\u00e9n se celebra en Brasil el D\u00eda del Radi\u00f3logo, siguiendo el decreto de la Ley 13.118\/2015, que honra y reconoce a los profesionales del \u00e1rea.<\/p>\n<p>En Brasil, la Dra. Ronaldo Magalh\u00e3es Lins, miembro del CBR, profesor de ecograf\u00eda musculoesquel\u00e9tica, radi\u00f3logo de Belo Horizonte y radi\u00f3logo del consejo m\u00e9dico de la selecci\u00f3n nacional masculina de f\u00fatbol, fue elegido para la entrevista como especialista en Brasil. \u201cEl papel del radi\u00f3logo es fundamental en el equipo m\u00e9dico deportivo, pero primero est\u00e1 la evaluaci\u00f3n multidisciplinar de un deportista\u201d, dice.<\/p>\n<p>La entrevista completa est\u00e1 disponible en el sitio web de CBR. Verificar:\u00a0<a href=\"http:\/\/cbr.org.br\/es\/chegou-IDOR2019\/\">cbr.org.br\/chegou-IDOR2019<\/a><\/p>\n<p>\u201cImagen Deportiva\u201d ha sido el tema elegido para IDOR de este a\u00f1o, con el objetivo de resaltar el papel fundamental que juegan los profesionales de la imagen en la detecci\u00f3n, diagn\u00f3stico, pron\u00f3stico y tratamiento de las lesiones relacionadas con el deporte, aumentando la calidad de la atenci\u00f3n y el tratamiento de los pacientes.<\/p>\n<p>En los medios digitales de CBR, desde el 1 de noviembre se realizan una serie de publicaciones diarias sobre este tema. Con el t\u00edtulo \u201c\u00bfQu\u00e9 te hace sudar la camisa por la radiolog\u00eda?\u201d, las publicaciones invitaron a los seguidores a compartir su compromiso con la profesi\u00f3n.<\/p>\n<p>Adem\u00e1s, tambi\u00e9n se cre\u00f3 la promoci\u00f3n \u201cCBR en IDOR 2019\u201d para que el p\u00fablico celebre esta importante fecha. Los usuarios de Instagram publicaron, hasta el 7 de noviembre, una foto creativa que hac\u00eda referencia al tema en su entorno de trabajo, con los hashtags #CBRnoIDOR2019 y #IDOR2019. La ganadora fue la Dra. \u00c9rika Watanabe, con la foto \u201cRadiomesa\u201d. Compru\u00e9balo en <a href=\"https:\/\/www.instagram.com\/cbr_radiologia\/\">Instagram<\/a> de la CBR!<\/p>","protected":false},"excerpt":{"rendered":"<p>El 8 de noviembre se celebr\u00f3 el D\u00eda del Radi\u00f3logo, en honor a la fecha en la que el f\u00edsico Wilhelm Conrad R\u00f6ntgen descubri\u00f3 la existencia de los rayos X, en 1895 Se celebra a nivel mundial el D\u00eda Internacional de la Radiolog\u00eda (IDOR) por una iniciativa creada por la Sociedad Europea de Radiolog\u00eda (ESR), junto con la Sociedad Radiol\u00f3gica\u2026 <a href=\"https:\/\/cbr.org.br\/es\/cbr-celebra-dia-do-radiologista-e-dia-internacional-da-radiologia\/\">Sigue leyendo<\/a><\/p>","protected":false},"author":8,"featured_media":27576,"comment_status":"closed","ping_status":"closed","sticky":false,"template":"","format":"standard","meta":{"_acf_changed":false,"footnotes":""},"categories":[10],"tags":[126,96,66,114],"class_list":["post-27481","post","type-post","status-publish","format-standard","has-post-thumbnail","hentry","category-institucional","tag-idor","tag-radiologia","tag-radiologista","tag-radiology"],"acf":[],"_links":{"self":[{"href":"https:\/\/cbr.org.br\/es\/wp-json\/wp\/v2\/posts\/27481","targetHints":{"allow":["GET"]}}],"collection":[{"href":"https:\/\/cbr.org.br\/es\/wp-json\/wp\/v2\/posts"}],"about":[{"href":"https:\/\/cbr.org.br\/es\/wp-json\/wp\/v2\/types\/post"}],"author":[{"embeddable":true,"href":"https:\/\/cbr.org.br\/es\/wp-json\/wp\/v2\/users\/8"}],"replies":[{"embeddable":true,"href":"https:\/\/cbr.org.br\/es\/wp-json\/wp\/v2\/comments?post=27481"}],"version-history":[{"count":1,"href":"https:\/\/cbr.org.br\/es\/wp-json\/wp\/v2\/posts\/27481\/revisions"}],"predecessor-version":[{"id":51392,"href":"https:\/\/cbr.org.br\/es\/wp-json\/wp\/v2\/posts\/27481\/revisions\/51392"}],"wp:featuredmedia":[{"embeddable":true,"href":"https:\/\/cbr.org.br\/es\/wp-json\/wp\/v2\/media\/27576"}],"wp:attachment":[{"href":"https:\/\/cbr.org.br\/es\/wp-json\/wp\/v2\/media?parent=27481"}],"wp:term":[{"taxonomy":"category","embeddable":true,"href":"https:\/\/cbr.org.br\/es\/wp-json\/wp\/v2\/categories?post=27481"},{"taxonomy":"post_tag","embeddable":true,"href":"https:\/\/cbr.org.br\/es\/wp-json\/wp\/v2\/tags?post=27481"}],"curies":[{"name":"wp","href":"https:\/\/api.w.org\/{rel}","templated":true}]}}