{"id":29447,"date":"2020-02-19T12:19:03","date_gmt":"2020-02-19T15:19:03","guid":{"rendered":"https:\/\/cbr.org.br\/?p=29447"},"modified":"2025-03-07T11:48:04","modified_gmt":"2025-03-07T14:48:04","slug":"cir-tera-a-6a-edicao-do-diploma-ibero-americano-de-radiologia-em-2020","status":"publish","type":"post","link":"https:\/\/cbr.org.br\/es\/cir-tera-a-6a-edicao-do-diploma-ibero-americano-de-radiologia-em-2020\/","title":{"rendered":"CIR tendr\u00e1 la 6\u00aa Edici\u00f3n del Diplomado Iberoamericano de Radiolog\u00eda en 2020"},"content":{"rendered":"<p>En 2020 tendr\u00e1 lugar la 6\u00aa Edici\u00f3n del Diplomado Iberoamericano en Radiolog\u00eda (DIAR). El CBR, al brindar un servicio a la especialidad a nivel internacional y reforzar la alianza con el Colegio Interamericano de Radiolog\u00eda (CIR), apoya esta iniciativa divulg\u00e1ndola, aunque la prueba no sea v\u00e1lida en Brasil. Echa un vistazo a m\u00e1s detalles a continuaci\u00f3n:<\/p>\n<p>Fecha l\u00edmite de inscripci\u00f3n (obligatoria): 20 de febrero de 2020<br \/>\nFecha de examen: 21 de marzo de 2020 (hora de confirmaci\u00f3n)<br \/>\nDuraci\u00f3n: 180 minutos<br \/>\nAcceso a la inscripci\u00f3n: <a href=\"\/es\/www.sircai.org\/\">www.sircai.org<\/a><br \/>\nValor US $ 50.<br \/>\nRequisitos del examen: Computadora con conexi\u00f3n a Internet<\/p>\n<p>\u201cEstamos muy organizados y motivados, c\u00f3mo usar una nueva modalidad en l\u00ednea, simult\u00e1nea ya distancia, a trav\u00e9s de un sistema de evaluaci\u00f3n de selecci\u00f3n m\u00faltiple que incluye instrucciones de ortograf\u00eda y casos con im\u00e1genes y videos. Esperamos contar con la mayor participaci\u00f3n de radi\u00f3logos de diferentes pa\u00edses\u201d dice el Dr. Henrique Carrete, actual presidente de CIR y ex presidente de CBR.<\/p>\n<p>\u00a1Inscr\u00edbete antes del 20 de febrero!<\/p>","protected":false},"excerpt":{"rendered":"<p>En 2020 tendr\u00e1 lugar la 6\u00aa Edici\u00f3n del Diplomado Iberoamericano en Radiolog\u00eda (DIAR). El CBR, al brindar un servicio a la especialidad a nivel internacional y reforzar la alianza con el Colegio Interamericano de Radiolog\u00eda (CIR), apoya esta iniciativa divulg\u00e1ndola, aunque la prueba no sea v\u00e1lida en Brasil. Verificar \u2026 <a href=\"https:\/\/cbr.org.br\/es\/cir-tera-a-6a-edicao-do-diploma-ibero-americano-de-radiologia-em-2020\/\">Sigue leyendo<\/a><\/p>","protected":false},"author":11,"featured_media":29666,"comment_status":"closed","ping_status":"closed","sticky":false,"template":"","format":"standard","meta":{"_acf_changed":false,"footnotes":""},"categories":[18],"tags":[50,99,80,100],"class_list":["post-29447","post","type-post","status-publish","format-standard","has-post-thumbnail","hentry","category-parcerias-internacional","tag-cbr","tag-cir","tag-congresso","tag-diar"],"acf":[],"_links":{"self":[{"href":"https:\/\/cbr.org.br\/es\/wp-json\/wp\/v2\/posts\/29447","targetHints":{"allow":["GET"]}}],"collection":[{"href":"https:\/\/cbr.org.br\/es\/wp-json\/wp\/v2\/posts"}],"about":[{"href":"https:\/\/cbr.org.br\/es\/wp-json\/wp\/v2\/types\/post"}],"author":[{"embeddable":true,"href":"https:\/\/cbr.org.br\/es\/wp-json\/wp\/v2\/users\/11"}],"replies":[{"embeddable":true,"href":"https:\/\/cbr.org.br\/es\/wp-json\/wp\/v2\/comments?post=29447"}],"version-history":[{"count":1,"href":"https:\/\/cbr.org.br\/es\/wp-json\/wp\/v2\/posts\/29447\/revisions"}],"predecessor-version":[{"id":50714,"href":"https:\/\/cbr.org.br\/es\/wp-json\/wp\/v2\/posts\/29447\/revisions\/50714"}],"wp:featuredmedia":[{"embeddable":true,"href":"https:\/\/cbr.org.br\/es\/wp-json\/wp\/v2\/media\/29666"}],"wp:attachment":[{"href":"https:\/\/cbr.org.br\/es\/wp-json\/wp\/v2\/media?parent=29447"}],"wp:term":[{"taxonomy":"category","embeddable":true,"href":"https:\/\/cbr.org.br\/es\/wp-json\/wp\/v2\/categories?post=29447"},{"taxonomy":"post_tag","embeddable":true,"href":"https:\/\/cbr.org.br\/es\/wp-json\/wp\/v2\/tags?post=29447"}],"curies":[{"name":"wp","href":"https:\/\/api.w.org\/{rel}","templated":true}]}}