{"id":30148,"date":"2020-03-09T11:27:22","date_gmt":"2020-03-09T14:27:22","guid":{"rendered":"https:\/\/cbr.org.br\/?p=30148"},"modified":"2025-03-25T14:31:18","modified_gmt":"2025-03-25T17:31:18","slug":"comunicado-oficial-da-spr-sobre-o-covid-19-e-a-realizacao-da-jpr-2020","status":"publish","type":"post","link":"https:\/\/cbr.org.br\/es\/comunicado-oficial-da-spr-sobre-o-covid-19-e-a-realizacao-da-jpr-2020\/","title":{"rendered":"Comunicado Oficial SPR sobre COVID-19 y JPR 2020"},"content":{"rendered":"<p>S\u00e3o Paulo, 06 de marzo de 2020.<\/p>\n<p>La Sociedad Paulista de Radiolog\u00eda y Diagn\u00f3stico por Im\u00e1genes (SPR) informa a todos sus miembros, incluidos los coordinadores, profesores y congresistas de la JPR, as\u00ed como a todos sus socios institucionales, proveedores, expositores, visitantes potenciales de la Jornada y otras partes interesadas en el evento, que sigue de cerca y con responsabilidad los hechos relacionados con la epidemia del Coronavirus (COVID-19) en el mundo.<\/p>\n<p>La SPR viene siguiendo y analizando, en particular, la delicada situaci\u00f3n del continente europeo, regi\u00f3n donde la evoluci\u00f3n de la epidemia determin\u00f3 el cambio de fecha de importantes eventos de Radiolog\u00eda: el Congreso Europeo de Radiolog\u00eda (ECR) y el Congreso Espa\u00f1ol de Radiolog\u00eda . Nuestra entidad se solidariza con la Sociedad Europea de Radiolog\u00eda (ESR) y la Sociedad Espa\u00f1ola de Radiolog\u00eda (SERAM), organizadores de los eventos aplazados y socios de la SPR, manifestando su apoyo a estos eventos en sus nuevas fechas.<\/p>\n<p>Ante los interrogantes suscitados por los hechos descritos anteriormente, la SPR considera oportuno destacar que la 50\u00aa Jornada Paulista de Radiolog\u00eda (JPR 2020) sigue normalmente su calendario de organizaci\u00f3n, manteniendo su fecha confirmada del 30 de abril al 3 de mayo de 2020, en la Expo Transamerica Centro, en S\u00e3o Paulo.<\/p>\n<p>Cabe mencionar que, si bien es claro que es imposible predecir con total precisi\u00f3n las consecuencias de una epidemia como la del COVID-19 a corto plazo, algunas peculiaridades cient\u00edficas del virus, datos ya difundidos por los organismos responsables y expertos opiniones sobre el tema llevan a la SPR a creer que el escenario de la epidemia en Brasil no alcanzar\u00e1 la misma gravedad registrada en otros lugares. Se considera, por ejemplo, que a\u00fan tendremos calor en los pr\u00f3ximos 60 d\u00edas, lo que es desfavorable para la propagaci\u00f3n de este tipo de virus. Tambi\u00e9n se observa el hecho de que tenemos en el pa\u00eds el predominio de casos de personas contaminadas en el exterior, con diseminaci\u00f3n local a\u00fan bastante controlada.<\/p>\n<p>En cuanto a los impactos en el tema para JPR, solo existe la posibilidad de que un profesor extranjero no pueda asistir al evento por directiva de su instituci\u00f3n \u2013 y vale mencionar aqu\u00ed que hasta el momento no ha habido tal caso. Como medida preventiva, SPR y la Society of Radiology of North America \u2013 RSNA (entidad socia de SPR en la organizaci\u00f3n de JPR 2020) ya est\u00e1n discutiendo estrategias para preservar el alto nivel del programa cient\u00edfico y garantizar la oferta de las clases previstas, sin ning\u00fan da\u00f1o a los participantes.<\/p>\n<p>SPR continuar\u00e1 monitoreando los datos sobre la epidemia de COVID-19 en Brasil y en el mundo y reafirma, a partir de ahora, su compromiso de seguir las directrices de los \u00f3rganos oficiales, basando sus decisiones de acuerdo con las directrices establecidas, con el objetivo sobre todo para preservar la salud de los involucrados con JPR y el bienestar de la sociedad civil en su conjunto. Para continuar tranquilizando a todos los interesados, la SPR emitir\u00e1 nuevos informes al respecto en su oportunidad.<\/p>\n<p>Sociedad Paulista de Radiolog\u00eda y Diagn\u00f3stico por Im\u00e1genes (SPR)<\/p>","protected":false},"excerpt":{"rendered":"<p>S\u00e3o Paulo, 6 de marzo de 2020. La Sociedad Paulista de Radiolog\u00eda y Diagn\u00f3stico por Im\u00e1genes (SPR) informa a todos sus miembros, incluidos los coordinadores, profesores y congresistas de la JPR, as\u00ed como a todos sus socios institucionales, proveedores, expositores, visitantes potenciales del Viaje. y otros interesados en el evento, que sigue... <a href=\"https:\/\/cbr.org.br\/es\/comunicado-oficial-da-spr-sobre-o-covid-19-e-a-realizacao-da-jpr-2020\/\">Sigue leyendo<\/a><\/p>","protected":false},"author":8,"featured_media":28531,"comment_status":"closed","ping_status":"closed","sticky":false,"template":"","format":"standard","meta":{"_acf_changed":false,"footnotes":""},"categories":[16],"tags":[50,665,25,111,117,84,436],"class_list":["post-30148","post","type-post","status-publish","format-standard","has-post-thumbnail","hentry","category-sociedades-estaduais","tag-cbr","tag-cbr_radiologia","tag-covid-19","tag-diagnostico-por-imagem","tag-jpr-2020","tag-medicina-diagnostica","tag-spr"],"acf":[],"_links":{"self":[{"href":"https:\/\/cbr.org.br\/es\/wp-json\/wp\/v2\/posts\/30148","targetHints":{"allow":["GET"]}}],"collection":[{"href":"https:\/\/cbr.org.br\/es\/wp-json\/wp\/v2\/posts"}],"about":[{"href":"https:\/\/cbr.org.br\/es\/wp-json\/wp\/v2\/types\/post"}],"author":[{"embeddable":true,"href":"https:\/\/cbr.org.br\/es\/wp-json\/wp\/v2\/users\/8"}],"replies":[{"embeddable":true,"href":"https:\/\/cbr.org.br\/es\/wp-json\/wp\/v2\/comments?post=30148"}],"version-history":[{"count":1,"href":"https:\/\/cbr.org.br\/es\/wp-json\/wp\/v2\/posts\/30148\/revisions"}],"predecessor-version":[{"id":51370,"href":"https:\/\/cbr.org.br\/es\/wp-json\/wp\/v2\/posts\/30148\/revisions\/51370"}],"wp:featuredmedia":[{"embeddable":true,"href":"https:\/\/cbr.org.br\/es\/wp-json\/wp\/v2\/media\/28531"}],"wp:attachment":[{"href":"https:\/\/cbr.org.br\/es\/wp-json\/wp\/v2\/media?parent=30148"}],"wp:term":[{"taxonomy":"category","embeddable":true,"href":"https:\/\/cbr.org.br\/es\/wp-json\/wp\/v2\/categories?post=30148"},{"taxonomy":"post_tag","embeddable":true,"href":"https:\/\/cbr.org.br\/es\/wp-json\/wp\/v2\/tags?post=30148"}],"curies":[{"name":"wp","href":"https:\/\/api.w.org\/{rel}","templated":true}]}}