{"id":30582,"date":"2020-04-03T11:29:46","date_gmt":"2020-04-03T14:29:46","guid":{"rendered":"https:\/\/cbr.org.br\/?p=30582"},"modified":"2025-03-25T12:43:13","modified_gmt":"2025-03-25T15:43:13","slug":"nota-de-falecimento-6","status":"publish","type":"post","link":"https:\/\/cbr.org.br\/es\/nota-de-falecimento-6\/","title":{"rendered":"Aviso de muerte"},"content":{"rendered":"<p>En nombre de la Radiolog\u00eda Brasile\u00f1a y con gran pesar, el Colegio Brasile\u00f1o de Radiolog\u00eda y Diagn\u00f3stico por Im\u00e1genes (CBR) anuncia el fallecimiento del radi\u00f3logo Dr. Hermes Roberto Radtke, este jueves 2 de abril, a los 43 a\u00f1os. Seg\u00fan informaci\u00f3n, debido a complicaciones provocadas por el nuevo coronavirus.<\/p>\n<p>En este momento de tristeza, CBR expresa sus condolencias a familiares y amigos.<\/p>","protected":false},"excerpt":{"rendered":"<p>En nombre de la Radiolog\u00eda Brasile\u00f1a y con gran pesar, el Colegio Brasile\u00f1o de Radiolog\u00eda y Diagn\u00f3stico por Im\u00e1genes (CBR) anuncia el fallecimiento del radi\u00f3logo Dr. Hermes Roberto Radtke, este jueves 2 de abril, a los 43 a\u00f1os. Seg\u00fan informaci\u00f3n, debido a complicaciones provocadas por el nuevo coronavirus. En este momento de tristeza, CBR expresa sus condolencias... <a href=\"https:\/\/cbr.org.br\/es\/nota-de-falecimento-6\/\">Sigue leyendo<\/a><\/p>","protected":false},"author":11,"featured_media":30201,"comment_status":"closed","ping_status":"closed","sticky":false,"template":"","format":"standard","meta":{"_acf_changed":false,"footnotes":""},"categories":[646],"tags":[111,84,624],"class_list":["post-30582","post","type-post","status-publish","format-standard","has-post-thumbnail","hentry","category-nota-de-falecimento","tag-diagnostico-por-imagem","tag-medicina-diagnostica","tag-nota-de-falecimento"],"acf":[],"_links":{"self":[{"href":"https:\/\/cbr.org.br\/es\/wp-json\/wp\/v2\/posts\/30582","targetHints":{"allow":["GET"]}}],"collection":[{"href":"https:\/\/cbr.org.br\/es\/wp-json\/wp\/v2\/posts"}],"about":[{"href":"https:\/\/cbr.org.br\/es\/wp-json\/wp\/v2\/types\/post"}],"author":[{"embeddable":true,"href":"https:\/\/cbr.org.br\/es\/wp-json\/wp\/v2\/users\/11"}],"replies":[{"embeddable":true,"href":"https:\/\/cbr.org.br\/es\/wp-json\/wp\/v2\/comments?post=30582"}],"version-history":[{"count":1,"href":"https:\/\/cbr.org.br\/es\/wp-json\/wp\/v2\/posts\/30582\/revisions"}],"predecessor-version":[{"id":51351,"href":"https:\/\/cbr.org.br\/es\/wp-json\/wp\/v2\/posts\/30582\/revisions\/51351"}],"wp:featuredmedia":[{"embeddable":true,"href":"https:\/\/cbr.org.br\/es\/wp-json\/wp\/v2\/media\/30201"}],"wp:attachment":[{"href":"https:\/\/cbr.org.br\/es\/wp-json\/wp\/v2\/media?parent=30582"}],"wp:term":[{"taxonomy":"category","embeddable":true,"href":"https:\/\/cbr.org.br\/es\/wp-json\/wp\/v2\/categories?post=30582"},{"taxonomy":"post_tag","embeddable":true,"href":"https:\/\/cbr.org.br\/es\/wp-json\/wp\/v2\/tags?post=30582"}],"curies":[{"name":"wp","href":"https:\/\/api.w.org\/{rel}","templated":true}]}}