{"id":30652,"date":"2020-04-15T09:45:53","date_gmt":"2020-04-15T12:45:53","guid":{"rendered":"https:\/\/cbr.org.br\/?p=30652"},"modified":"2020-04-15T09:45:53","modified_gmt":"2020-04-15T12:45:53","slug":"covid-19-e-seus-impactos-legais-no-brasil-compilado-sobre-o-que-o-associado-precisa-saber","status":"publish","type":"post","link":"https:\/\/cbr.org.br\/es\/covid-19-e-seus-impactos-legais-no-brasil-compilado-sobre-o-que-o-associado-precisa-saber\/","title":{"rendered":"COVID-19 y sus impactos legales en Brasil: compilado sobre lo que los miembros deben saber"},"content":{"rendered":"<p>El Colegio Brasile\u00f1o de Radiolog\u00eda y Diagn\u00f3stico por Im\u00e1genes, siguiendo de cerca los desarrollos de la m\u00e1s reciente pandemia relacionada con el nuevo Coronavirus (SARS-CoV-2), que ha definido cambios importantes en el mundo y que viene afectando con mayor intensidad a nuestro pa\u00eds en los \u00faltimos d\u00edas , con el fin de mantener el compromiso de acercar informaci\u00f3n relevante a los afiliados, presenta una recopilaci\u00f3n de medidas pr\u00e1cticas que pueden colaborar en estos dif\u00edciles momentos:<\/p>\n<ul>\n<li>Inicialmente, se aconseja a los asociados mantenerse actualizados en las normas definidas por el Sindicato, Estados, Municipios, Consejos M\u00e9dicos y dem\u00e1s \u00f3rganos administrativos, con el fin de reducir los impactos de la inactividad moment\u00e1nea.<\/li>\n<li>Tambi\u00e9n se recomienda a los asociados estar atentos y monitorear los cambios futuros que puedan ser implementados por estos \u00f3rganos, modificando los lineamientos aqu\u00ed establecidos.<\/li>\n<\/ul>\n<p><a href=\"https:\/\/cbr.org.br\/wp-content\/uploads\/2020\/04\/CBR_COVID-19-e-seus-impactos-legais-no-Brasil_compilado-do-que-o-associado-precisa-saber-1.pdf\"><strong><u>Haga clic aqu\u00ed<\/u><\/strong><\/a> y descargar el documento PDF.<\/p>\n<p>Seguir en <a href=\"https:\/\/cbr.org.br\/es\/covid-19\/\">sitio<\/a> y en las redes sociales todas las actividades que viene realizando el Colegio debido a la pandemia.<\/p>\n<p>Si tiene alguna pregunta o sugerencia relacionada con el tema, \u00a1cont\u00e1ctenos a trav\u00e9s de estos canales! ?<\/p>","protected":false},"excerpt":{"rendered":"<p>El Colegio Brasile\u00f1o de Radiolog\u00eda y Diagn\u00f3stico por Im\u00e1genes, siguiendo de cerca los desarrollos de la m\u00e1s reciente pandemia relacionada con el nuevo Coronavirus (SARS-CoV-2), que ha definido cambios importantes en el mundo y que viene afectando con mayor intensidad a nuestro pa\u00eds en los \u00faltimos d\u00edas , Con el fin de mantener el compromiso de proporcionar a los miembros informaci\u00f3n relevante, presenta un... <a href=\"https:\/\/cbr.org.br\/es\/covid-19-e-seus-impactos-legais-no-brasil-compilado-sobre-o-que-o-associado-precisa-saber\/\">Sigue leyendo<\/a><\/p>","protected":false},"author":11,"featured_media":30335,"comment_status":"open","ping_status":"open","sticky":false,"template":"","format":"standard","meta":{"_acf_changed":false,"footnotes":""},"categories":[10],"tags":[24,25,26],"class_list":["post-30652","post","type-post","status-publish","format-standard","has-post-thumbnail","hentry","category-institucional","tag-coronavirus","tag-covid-19","tag-pandemia"],"acf":[],"_links":{"self":[{"href":"https:\/\/cbr.org.br\/es\/wp-json\/wp\/v2\/posts\/30652","targetHints":{"allow":["GET"]}}],"collection":[{"href":"https:\/\/cbr.org.br\/es\/wp-json\/wp\/v2\/posts"}],"about":[{"href":"https:\/\/cbr.org.br\/es\/wp-json\/wp\/v2\/types\/post"}],"author":[{"embeddable":true,"href":"https:\/\/cbr.org.br\/es\/wp-json\/wp\/v2\/users\/11"}],"replies":[{"embeddable":true,"href":"https:\/\/cbr.org.br\/es\/wp-json\/wp\/v2\/comments?post=30652"}],"version-history":[{"count":0,"href":"https:\/\/cbr.org.br\/es\/wp-json\/wp\/v2\/posts\/30652\/revisions"}],"wp:featuredmedia":[{"embeddable":true,"href":"https:\/\/cbr.org.br\/es\/wp-json\/wp\/v2\/media\/30335"}],"wp:attachment":[{"href":"https:\/\/cbr.org.br\/es\/wp-json\/wp\/v2\/media?parent=30652"}],"wp:term":[{"taxonomy":"category","embeddable":true,"href":"https:\/\/cbr.org.br\/es\/wp-json\/wp\/v2\/categories?post=30652"},{"taxonomy":"post_tag","embeddable":true,"href":"https:\/\/cbr.org.br\/es\/wp-json\/wp\/v2\/tags?post=30652"}],"curies":[{"name":"wp","href":"https:\/\/api.w.org\/{rel}","templated":true}]}}