{"id":30737,"date":"2020-04-17T17:39:24","date_gmt":"2020-04-17T20:39:24","guid":{"rendered":"https:\/\/cbr.org.br\/?p=30737"},"modified":"2025-03-25T12:43:42","modified_gmt":"2025-03-25T15:43:42","slug":"horario-de-atendimento-do-cbr-durante-o-feriado-de-tiradentes","status":"publish","type":"post","link":"https:\/\/cbr.org.br\/es\/horario-de-atendimento-do-cbr-durante-o-feriado-de-tiradentes\/","title":{"rendered":"Horario de apertura de CBR durante las vacaciones de Tiradentes"},"content":{"rendered":"<p><strong>Importante:<\/strong><\/p>\n<p>Debido al decreto del Gobernador de S\u00e3o Paulo, que establece el 20 de abril, v\u00edspera del lunes del feriado de Tiradentes, como punto opcional, le informamos que no tendremos servicio en estos d\u00edas. Regresaremos a nuestras actividades normales con servicio a distancia (tel\u00e9fono y canales digitales) el mi\u00e9rcoles 22 de abril.<\/p>","protected":false},"excerpt":{"rendered":"<p>Importante: Debido al decreto del Gobernador de S\u00e3o Paulo, que establece el 20 de abril, v\u00edspera del lunes del feriado de Tiradentes, como punto opcional, le informamos que no tendremos servicio en estos d\u00edas. Regresaremos a nuestras actividades normales con servicio a distancia (tel\u00e9fono y canales digitales) el mi\u00e9rcoles 22 de abril.<\/p>","protected":false},"author":8,"featured_media":30738,"comment_status":"closed","ping_status":"closed","sticky":false,"template":"","format":"standard","meta":{"_acf_changed":false,"footnotes":""},"categories":[10],"tags":[50,111,816,84,624],"class_list":["post-30737","post","type-post","status-publish","format-standard","has-post-thumbnail","hentry","category-institucional","tag-cbr","tag-diagnostico-por-imagem","tag-feriados","tag-medicina-diagnostica","tag-nota-de-falecimento"],"acf":[],"_links":{"self":[{"href":"https:\/\/cbr.org.br\/es\/wp-json\/wp\/v2\/posts\/30737","targetHints":{"allow":["GET"]}}],"collection":[{"href":"https:\/\/cbr.org.br\/es\/wp-json\/wp\/v2\/posts"}],"about":[{"href":"https:\/\/cbr.org.br\/es\/wp-json\/wp\/v2\/types\/post"}],"author":[{"embeddable":true,"href":"https:\/\/cbr.org.br\/es\/wp-json\/wp\/v2\/users\/8"}],"replies":[{"embeddable":true,"href":"https:\/\/cbr.org.br\/es\/wp-json\/wp\/v2\/comments?post=30737"}],"version-history":[{"count":1,"href":"https:\/\/cbr.org.br\/es\/wp-json\/wp\/v2\/posts\/30737\/revisions"}],"predecessor-version":[{"id":51352,"href":"https:\/\/cbr.org.br\/es\/wp-json\/wp\/v2\/posts\/30737\/revisions\/51352"}],"wp:featuredmedia":[{"embeddable":true,"href":"https:\/\/cbr.org.br\/es\/wp-json\/wp\/v2\/media\/30738"}],"wp:attachment":[{"href":"https:\/\/cbr.org.br\/es\/wp-json\/wp\/v2\/media?parent=30737"}],"wp:term":[{"taxonomy":"category","embeddable":true,"href":"https:\/\/cbr.org.br\/es\/wp-json\/wp\/v2\/categories?post=30737"},{"taxonomy":"post_tag","embeddable":true,"href":"https:\/\/cbr.org.br\/es\/wp-json\/wp\/v2\/tags?post=30737"}],"curies":[{"name":"wp","href":"https:\/\/api.w.org\/{rel}","templated":true}]}}