{"id":30778,"date":"2020-04-24T11:15:13","date_gmt":"2020-04-24T14:15:13","guid":{"rendered":"https:\/\/cbr.org.br\/?p=30778"},"modified":"2025-03-25T12:44:00","modified_gmt":"2025-03-25T15:44:00","slug":"nota-de-falecimento-10","status":"publish","type":"post","link":"https:\/\/cbr.org.br\/es\/nota-de-falecimento-10\/","title":{"rendered":"Aviso de muerte"},"content":{"rendered":"<p>Con gran pesar, el Colegio Brasile\u00f1o de Radiolog\u00eda y Diagn\u00f3stico por Im\u00e1genes (CBR) recibi\u00f3 la noticia del fallecimiento del Dr. Marcelo Benicio dos Santos.<\/p>\n<p>doctor Marcelo era hijo del Dr. Itazil Benicio dos Santos, expresidente de la CBR. Tuvo una brillante trayectoria: se gradu\u00f3 en Medicina en la Universidad Federal de Bah\u00eda en 1978 y fue Profesor Titular de Radiolog\u00eda en la misma instituci\u00f3n. Complet\u00f3 su maestr\u00eda en Radiolog\u00eda en la Universidad Federal de R\u00edo de Janeiro (UFRJ), adem\u00e1s de su doctorado en la misma universidad.<\/p>\n<p>Fue muy activo en el Colegio, especialmente en la Comisi\u00f3n de Docencia, Perfeccionamiento y Residencia M\u00e9dica (CEAR).<\/p>\n<p>El CBR, en representaci\u00f3n de Radiolog\u00eda Brasile\u00f1a, expresa su solidaridad y sus m\u00e1s sinceras condolencias a la familia del Dr. Marcelo.<\/p>","protected":false},"excerpt":{"rendered":"<p>Con gran pesar, el Colegio Brasile\u00f1o de Radiolog\u00eda y Diagn\u00f3stico por Im\u00e1genes (CBR) recibi\u00f3 la noticia del fallecimiento del Dr. Marcelo Benicio dos Santos. doctor Marcelo era hijo del Dr. Itazil Benicio dos Santos, expresidente de la CBR. Tuvo una trayectoria brillante: se gradu\u00f3 en Medicina en la Universidad Federal de Bah\u00eda en 1978 y\u2026 <a href=\"https:\/\/cbr.org.br\/es\/nota-de-falecimento-10\/\">Sigue leyendo<\/a><\/p>","protected":false},"author":11,"featured_media":30738,"comment_status":"closed","ping_status":"closed","sticky":false,"template":"","format":"standard","meta":{"_acf_changed":false,"footnotes":""},"categories":[646],"tags":[111,84,624],"class_list":["post-30778","post","type-post","status-publish","format-standard","has-post-thumbnail","hentry","category-nota-de-falecimento","tag-diagnostico-por-imagem","tag-medicina-diagnostica","tag-nota-de-falecimento"],"acf":[],"_links":{"self":[{"href":"https:\/\/cbr.org.br\/es\/wp-json\/wp\/v2\/posts\/30778","targetHints":{"allow":["GET"]}}],"collection":[{"href":"https:\/\/cbr.org.br\/es\/wp-json\/wp\/v2\/posts"}],"about":[{"href":"https:\/\/cbr.org.br\/es\/wp-json\/wp\/v2\/types\/post"}],"author":[{"embeddable":true,"href":"https:\/\/cbr.org.br\/es\/wp-json\/wp\/v2\/users\/11"}],"replies":[{"embeddable":true,"href":"https:\/\/cbr.org.br\/es\/wp-json\/wp\/v2\/comments?post=30778"}],"version-history":[{"count":1,"href":"https:\/\/cbr.org.br\/es\/wp-json\/wp\/v2\/posts\/30778\/revisions"}],"predecessor-version":[{"id":51347,"href":"https:\/\/cbr.org.br\/es\/wp-json\/wp\/v2\/posts\/30778\/revisions\/51347"}],"wp:featuredmedia":[{"embeddable":true,"href":"https:\/\/cbr.org.br\/es\/wp-json\/wp\/v2\/media\/30738"}],"wp:attachment":[{"href":"https:\/\/cbr.org.br\/es\/wp-json\/wp\/v2\/media?parent=30778"}],"wp:term":[{"taxonomy":"category","embeddable":true,"href":"https:\/\/cbr.org.br\/es\/wp-json\/wp\/v2\/categories?post=30778"},{"taxonomy":"post_tag","embeddable":true,"href":"https:\/\/cbr.org.br\/es\/wp-json\/wp\/v2\/tags?post=30778"}],"curies":[{"name":"wp","href":"https:\/\/api.w.org\/{rel}","templated":true}]}}