{"id":31005,"date":"2020-05-10T12:06:59","date_gmt":"2020-05-10T15:06:59","guid":{"rendered":"https:\/\/cbr.org.br\/?p=31005"},"modified":"2025-03-25T12:28:35","modified_gmt":"2025-03-25T15:28:35","slug":"nota-de-falecimento-11","status":"publish","type":"post","link":"https:\/\/cbr.org.br\/es\/nota-de-falecimento-11\/","title":{"rendered":"Aviso de muerte"},"content":{"rendered":"<p>Con gran tristeza, el Colegio Brasile\u00f1o de Radiolog\u00eda y Diagn\u00f3stico por Im\u00e1genes (CBR) recibi\u00f3 la noticia del fallecimiento del Dr. Celia Bastos Pereira.<\/p>\n<p>Dr. C\u00e9lia era radi\u00f3loga y trabaj\u00f3 durante muchos a\u00f1os como profesora en la Universidad Federal Fluminense (UFF), ense\u00f1ando a generaciones de internos y residentes, desde estudios radiogr\u00e1ficos y pruebas de contraste hasta tomograf\u00eda computarizada. Gran ejemplo de profesional, incluso ya jubilada, ir\u00eda al Hospital Universit\u00e1rio Ant\u00f4nio Pedro (HUAP) por el gusto de ayudar y ense\u00f1ar.<\/p>\n<p>El CBR, en representaci\u00f3n de Radiolog\u00eda Brasile\u00f1a, expresa solidaridad y sus m\u00e1s sinceras condolencias a la familia y amigos del Dr. celia<\/p>","protected":false},"excerpt":{"rendered":"<p>Con gran tristeza, el Colegio Brasile\u00f1o de Radiolog\u00eda y Diagn\u00f3stico por Im\u00e1genes (CBR) recibi\u00f3 la noticia del fallecimiento del Dr. Celia Bastos Pereira. Dr. C\u00e9lia era radi\u00f3loga y trabaj\u00f3 durante muchos a\u00f1os como profesora en la Universidad Federal Fluminense (UFF), ense\u00f1ando a generaciones de internos y residentes, desde estudios radiogr\u00e1ficos y \u2026 <a href=\"https:\/\/cbr.org.br\/es\/nota-de-falecimento-11\/\">Sigue leyendo<\/a><\/p>","protected":false},"author":8,"featured_media":29670,"comment_status":"closed","ping_status":"closed","sticky":false,"template":"","format":"standard","meta":{"_acf_changed":false,"footnotes":""},"categories":[10],"tags":[50,665,111,722,624],"class_list":["post-31005","post","type-post","status-publish","format-standard","has-post-thumbnail","hentry","category-institucional","tag-cbr","tag-cbr_radiologia","tag-diagnostico-por-imagem","tag-medicina-diagnostico","tag-nota-de-falecimento"],"acf":[],"_links":{"self":[{"href":"https:\/\/cbr.org.br\/es\/wp-json\/wp\/v2\/posts\/31005","targetHints":{"allow":["GET"]}}],"collection":[{"href":"https:\/\/cbr.org.br\/es\/wp-json\/wp\/v2\/posts"}],"about":[{"href":"https:\/\/cbr.org.br\/es\/wp-json\/wp\/v2\/types\/post"}],"author":[{"embeddable":true,"href":"https:\/\/cbr.org.br\/es\/wp-json\/wp\/v2\/users\/8"}],"replies":[{"embeddable":true,"href":"https:\/\/cbr.org.br\/es\/wp-json\/wp\/v2\/comments?post=31005"}],"version-history":[{"count":1,"href":"https:\/\/cbr.org.br\/es\/wp-json\/wp\/v2\/posts\/31005\/revisions"}],"predecessor-version":[{"id":51340,"href":"https:\/\/cbr.org.br\/es\/wp-json\/wp\/v2\/posts\/31005\/revisions\/51340"}],"wp:featuredmedia":[{"embeddable":true,"href":"https:\/\/cbr.org.br\/es\/wp-json\/wp\/v2\/media\/29670"}],"wp:attachment":[{"href":"https:\/\/cbr.org.br\/es\/wp-json\/wp\/v2\/media?parent=31005"}],"wp:term":[{"taxonomy":"category","embeddable":true,"href":"https:\/\/cbr.org.br\/es\/wp-json\/wp\/v2\/categories?post=31005"},{"taxonomy":"post_tag","embeddable":true,"href":"https:\/\/cbr.org.br\/es\/wp-json\/wp\/v2\/tags?post=31005"}],"curies":[{"name":"wp","href":"https:\/\/api.w.org\/{rel}","templated":true}]}}