{"id":31663,"date":"2020-06-18T17:18:58","date_gmt":"2020-06-18T20:18:58","guid":{"rendered":"https:\/\/cbr.org.br\/?p=31663"},"modified":"2025-03-24T15:45:13","modified_gmt":"2025-03-24T18:45:13","slug":"direito-do-trabalho-e-covid-19-parte-i-da-reducao-proporcional-de-jornada-de-trabalho-e-de-salario-e-da-suspensao-do-contrato-de-trabalho","status":"publish","type":"post","link":"https:\/\/cbr.org.br\/es\/direito-do-trabalho-e-covid-19-parte-i-da-reducao-proporcional-de-jornada-de-trabalho-e-de-salario-e-da-suspensao-do-contrato-de-trabalho\/","title":{"rendered":"Derecho Laboral y COVID-19 - Parte I: Reducci\u00f3n proporcional de jornada y salario y suspensi\u00f3n del contrato de trabajo"},"content":{"rendered":"<p>La Medida Provisional n\u00ba 936\/2020, que instituy\u00f3 medidas laborales complementarias para hacer frente al estado de calamidad p\u00fablica derivado del Covid-19, trajo la posibilidad de reducci\u00f3n proporcional de la jornada y salario o la suspensi\u00f3n del contrato de trabajo, como medidas de ayuda a empleadores que est\u00e1n sufriendo los efectos de la pandemia.<\/p>\n<p>La reducci\u00f3n proporcional de la jornada y del salario podr\u00e1 ser pactada entre el patr\u00f3n y los trabajadores, hasta por 90 d\u00edas, mientras dure el estado de calamidad p\u00fablica. Podr\u00e1n producirse reducciones salariales en los porcentajes de 25%, 50% o 75%, con la consiguiente y proporcional reducci\u00f3n de jornada (art. 7 de la Medida Provisional).<\/p>\n<p>Adem\u00e1s, el art\u00edculo 8 determina que se podr\u00e1 acordar, mediante acuerdo individual escrito, la suspensi\u00f3n temporal de todo contrato de trabajo, por un plazo m\u00e1ximo de 60 d\u00edas.<\/p>\n<p>Durante la suspensi\u00f3n, el patr\u00f3n deber\u00e1 pagar todos los beneficios previamente otorgados y, si se mantienen las actividades, aunque sea parcialmente, la suspensi\u00f3n ser\u00e1 calificada err\u00f3neamente, y el patr\u00f3n estar\u00e1 sujeto a las sanciones previstas por la ley.<\/p>\n<p>En ambos casos, el restablecimiento del contrato se producir\u00e1 dentro de los dos d\u00edas naturales, contados desde la asignaci\u00f3n del estado de calamidad, la fecha final del contrato individual o la comunicaci\u00f3n del empleador al trabajador de la anticipaci\u00f3n del mismo. final de este periodo.<\/p>\n<p>La medida tambi\u00e9n estableci\u00f3 el Beneficio de Emergencia (art\u00edculo 5), que se pagar\u00e1 dentro de los treinta d\u00edas siguientes a la firma del convenio y exclusivamente mientras dure la reducci\u00f3n proporcional de jornada y salario o la suspensi\u00f3n temporal del contrato de trabajo.<\/p>\n<p>El Beneficio de Emergencia es un tipo de compensaci\u00f3n determinada por la medida, que funcionar\u00e1 de la siguiente manera:<\/p>\n<table>\n<tbody>\n<tr>\n<td width=\"425\"><strong>Reducci\u00f3n de salario y jornada en 25%, 50% y 75%<\/strong><\/td>\n<td width=\"139\"><strong>suspensi\u00f3n del contrato<\/strong><\/td>\n<\/tr>\n<tr>\n<td width=\"425\">Por convenio individual, con plena complementaci\u00f3n para quienes devenguen hasta un salario m\u00ednimo.<\/td>\n<td rowspan=\"3\" width=\"139\">Recibo de la cuota mensual del seguro de desempleo que puede variar entre R$ 1.045 y R$ 1.813,03.<\/td>\n<\/tr>\n<tr>\n<td width=\"425\">Por convenio individual, con complemento proporcional para quienes devenguen hasta tres salarios m\u00ednimos.<\/td>\n<\/tr>\n<tr>\n<td width=\"425\">Por convenio colectivo, para quienes ganen desde tres salarios m\u00ednimos hasta dos topes INSS (12.202,12 \u2013 valor de referencia), con indemnizaci\u00f3n limitada a la proporci\u00f3n de tres salarios m\u00ednimos.<\/td>\n<\/tr>\n<\/tbody>\n<\/table>\n<p>Finalmente, cabe se\u00f1alar que el patr\u00f3n que se adhiera al programa de reducci\u00f3n o suspensi\u00f3n no podr\u00e1 despedir al trabajador y deber\u00e1 garantizar su empleo por un per\u00edodo igual al de la reducci\u00f3n o suspensi\u00f3n.<\/p>\n<p>Aviso Legal CBR<\/p>","protected":false},"excerpt":{"rendered":"<p>La Medida Provisional n\u00ba 936\/2020, que instituy\u00f3 medidas laborales complementarias para hacer frente al estado de calamidad p\u00fablica derivado del Covid-19, trajo la posibilidad de reducci\u00f3n proporcional de la jornada y salario o la suspensi\u00f3n del contrato de trabajo, como medidas de ayuda a empleadores que est\u00e1n sufriendo los efectos de la pandemia. La reducci\u00f3n\u2026 <a href=\"https:\/\/cbr.org.br\/es\/direito-do-trabalho-e-covid-19-parte-i-da-reducao-proporcional-de-jornada-de-trabalho-e-de-salario-e-da-suspensao-do-contrato-de-trabalho\/\">Sigue leyendo<\/a><\/p>","protected":false},"author":8,"featured_media":31714,"comment_status":"closed","ping_status":"closed","sticky":false,"template":"","format":"standard","meta":{"_acf_changed":false,"footnotes":""},"categories":[14],"tags":[50,665,25,111,722,808],"class_list":["post-31663","post","type-post","status-publish","format-standard","has-post-thumbnail","hentry","category-assunto-legal","tag-cbr","tag-cbr_radiologia","tag-covid-19","tag-diagnostico-por-imagem","tag-medicina-diagnostico","tag-pareceres"],"acf":[],"_links":{"self":[{"href":"https:\/\/cbr.org.br\/es\/wp-json\/wp\/v2\/posts\/31663","targetHints":{"allow":["GET"]}}],"collection":[{"href":"https:\/\/cbr.org.br\/es\/wp-json\/wp\/v2\/posts"}],"about":[{"href":"https:\/\/cbr.org.br\/es\/wp-json\/wp\/v2\/types\/post"}],"author":[{"embeddable":true,"href":"https:\/\/cbr.org.br\/es\/wp-json\/wp\/v2\/users\/8"}],"replies":[{"embeddable":true,"href":"https:\/\/cbr.org.br\/es\/wp-json\/wp\/v2\/comments?post=31663"}],"version-history":[{"count":1,"href":"https:\/\/cbr.org.br\/es\/wp-json\/wp\/v2\/posts\/31663\/revisions"}],"predecessor-version":[{"id":51324,"href":"https:\/\/cbr.org.br\/es\/wp-json\/wp\/v2\/posts\/31663\/revisions\/51324"}],"wp:featuredmedia":[{"embeddable":true,"href":"https:\/\/cbr.org.br\/es\/wp-json\/wp\/v2\/media\/31714"}],"wp:attachment":[{"href":"https:\/\/cbr.org.br\/es\/wp-json\/wp\/v2\/media?parent=31663"}],"wp:term":[{"taxonomy":"category","embeddable":true,"href":"https:\/\/cbr.org.br\/es\/wp-json\/wp\/v2\/categories?post=31663"},{"taxonomy":"post_tag","embeddable":true,"href":"https:\/\/cbr.org.br\/es\/wp-json\/wp\/v2\/tags?post=31663"}],"curies":[{"name":"wp","href":"https:\/\/api.w.org\/{rel}","templated":true}]}}