{"id":31988,"date":"2020-04-01T11:41:33","date_gmt":"2020-04-01T14:41:33","guid":{"rendered":"https:\/\/cbr.org.br\/?p=31988"},"modified":"2025-03-25T12:47:39","modified_gmt":"2025-03-25T15:47:39","slug":"reajuste-do-metro-quadrado-da-documentacao-radiologica-confira-novo-valor-de-referencia","status":"publish","type":"post","link":"https:\/\/cbr.org.br\/es\/reajuste-do-metro-quadrado-da-documentacao-radiologica-confira-novo-valor-de-referencia\/","title":{"rendered":"Reajuste del metro cuadrado de documentaci\u00f3n radiol\u00f3gica: consulta el nuevo valor de referencia"},"content":{"rendered":"<p>El Colegio Brasile\u00f1o de Radiolog\u00eda y Diagn\u00f3stico por Im\u00e1genes (CBR) anuncia que, a partir del 1 de abril de 2020, utiliz\u00f3 el \u00cdndice Nacional de Precios al Consumidor Ampliado (IPCA), acumulado en los \u00faltimos 12 meses, para reajustar el valor de referencia del metro cuadrado de pel\u00edcula \/ documentaci\u00f3n de procedimientos de Radiolog\u00eda y Diagn\u00f3stico por Imagen.<br \/>\nEl IPCA acumulado en los \u00faltimos 12 (doce) meses, con base en febrero de 2020, fue de 4.01%. As\u00ed, el nuevo valor de referencia se establece en R$ 30,03 por metro cuadrado.<\/p>\n<p>S\u00e3o Paulo, 1 de abril de 2020<\/p>\n<p>doctor Alair Augusto Sarmet Moreira Damas dos Santos<br \/>\npresidente de la CBR<\/p>","protected":false},"excerpt":{"rendered":"<p>El Colegio Brasile\u00f1o de Radiolog\u00eda y Diagn\u00f3stico por Im\u00e1genes (CBR) anuncia que, a partir del 1 de abril de 2020, utiliz\u00f3 el \u00cdndice Nacional de Precios al Consumidor Ampliado (IPCA), acumulado en los \u00faltimos 12 meses, para reajustar el valor de referencia del metro cuadrado de pel\u00edcula \/ documentaci\u00f3n de procedimientos de Radiolog\u00eda y Diagn\u00f3stico por \u2026 <a href=\"https:\/\/cbr.org.br\/es\/reajuste-do-metro-quadrado-da-documentacao-radiologica-confira-novo-valor-de-referencia\/\">Sigue leyendo<\/a><\/p>","protected":false},"author":8,"featured_media":30738,"comment_status":"closed","ping_status":"closed","sticky":false,"template":"","format":"standard","meta":{"_acf_changed":false,"footnotes":""},"categories":[10,1],"tags":[50,665,111,84],"class_list":["post-31988","post","type-post","status-publish","format-standard","has-post-thumbnail","hentry","category-institucional","category-sem-categoria","tag-cbr","tag-cbr_radiologia","tag-diagnostico-por-imagem","tag-medicina-diagnostica"],"acf":[],"_links":{"self":[{"href":"https:\/\/cbr.org.br\/es\/wp-json\/wp\/v2\/posts\/31988","targetHints":{"allow":["GET"]}}],"collection":[{"href":"https:\/\/cbr.org.br\/es\/wp-json\/wp\/v2\/posts"}],"about":[{"href":"https:\/\/cbr.org.br\/es\/wp-json\/wp\/v2\/types\/post"}],"author":[{"embeddable":true,"href":"https:\/\/cbr.org.br\/es\/wp-json\/wp\/v2\/users\/8"}],"replies":[{"embeddable":true,"href":"https:\/\/cbr.org.br\/es\/wp-json\/wp\/v2\/comments?post=31988"}],"version-history":[{"count":1,"href":"https:\/\/cbr.org.br\/es\/wp-json\/wp\/v2\/posts\/31988\/revisions"}],"predecessor-version":[{"id":51358,"href":"https:\/\/cbr.org.br\/es\/wp-json\/wp\/v2\/posts\/31988\/revisions\/51358"}],"wp:featuredmedia":[{"embeddable":true,"href":"https:\/\/cbr.org.br\/es\/wp-json\/wp\/v2\/media\/30738"}],"wp:attachment":[{"href":"https:\/\/cbr.org.br\/es\/wp-json\/wp\/v2\/media?parent=31988"}],"wp:term":[{"taxonomy":"category","embeddable":true,"href":"https:\/\/cbr.org.br\/es\/wp-json\/wp\/v2\/categories?post=31988"},{"taxonomy":"post_tag","embeddable":true,"href":"https:\/\/cbr.org.br\/es\/wp-json\/wp\/v2\/tags?post=31988"}],"curies":[{"name":"wp","href":"https:\/\/api.w.org\/{rel}","templated":true}]}}