{"id":32254,"date":"2020-08-19T15:23:09","date_gmt":"2020-08-19T18:23:09","guid":{"rendered":"https:\/\/cbr.org.br\/?p=32254"},"modified":"2025-03-24T14:58:05","modified_gmt":"2025-03-24T17:58:05","slug":"sociedades-estaduais-do-pr-sc-e-rs-realizarao-juntas-a-jornada-sul-digital-de-radiologia-highlights-2020","status":"publish","type":"post","link":"https:\/\/cbr.org.br\/es\/sociedades-estaduais-do-pr-sc-e-rs-realizarao-juntas-a-jornada-sul-digital-de-radiologia-highlights-2020\/","title":{"rendered":"Sociedades estatales de PR, SC y RS realizar\u00e1n en conjunto D\u00eda Sur Digital de Radiolog\u00eda \u2013 Destacados 2020"},"content":{"rendered":"<p>Las Sociedades de Radiolog\u00eda de Paran\u00e1, Santa Catarina y Rio Grande do Sul organizan la Jornada de Radiolog\u00eda Sur Digital, a partir del 2 de noviembre.<\/p>\n<p>Con un formato innovador y un amplio programa cient\u00edfico en 10 m\u00f3dulos, el evento contar\u00e1 con la participaci\u00f3n de profesores nacionales e internacionales.<\/p>\n<p>La Jornada Sul Digital tendr\u00e1 10 vidas (todas realizadas el 2 de noviembre), en las que el profesor presentar\u00e1 su conferencia, seguida de una discusi\u00f3n interactiva en l\u00ednea con los suscriptores. Luego, 100 lecciones que cubren los 10 m\u00f3dulos estar\u00e1n disponibles en l\u00ednea durante 4 meses, junto con las vidas.<\/p>\n<p>Los m\u00f3dulos de la Jornada de Radiolog\u00eda Sur Digital ser\u00e1n:<\/p>\n<p>Pecho<br \/>\nAbdomen \/ Gastrointestinal<br \/>\ngenitourinario<br \/>\nultrasonido<br \/>\nNeurorradiolog\u00eda \/ PC<br \/>\nM\u00fasculo esquel\u00e9tico<br \/>\nPediatr\u00eda<br \/>\nGinecolog\u00eda y Obstetricia<br \/>\nmama<br \/>\nDefensa Profesional \/ Inteligencia Artificial<\/p>\n<p>Las clases estar\u00e1n dirigidas a radi\u00f3logos generales y residentes de Radiolog\u00eda y presentar\u00e1n una revisi\u00f3n integral y actualizada de los temas, visando la aplicaci\u00f3n inmediata de las ense\u00f1anzas en la vida cotidiana.<\/p>\n<p>\u201cCon el apoyo fundamental de CBR, el Journey of Radiology South Digital ser\u00e1 innovador y notable\u201d, dice el Dr. Dolores Bustelo, presidenta de la sociedad estatal de Paran\u00e1 que, junto a los doctores \u00c2ngelo Duarte Carr\u00e3o y Thiago Krieger Bento da Silva, presidentes de las filiales de Santa Catarina y Rio Grande do Sul, respectivamente, invitan a todos a la excepcional Jornada Sul Digital de Radiologia \u2013 Destacados 2020.<\/p>","protected":false},"excerpt":{"rendered":"<p>Las Sociedades de Radiolog\u00eda de Paran\u00e1, Santa Catarina y Rio Grande do Sul organizan la Jornada de Radiolog\u00eda Sur Digital, a partir del 2 de noviembre. Con un formato innovador y un amplio programa cient\u00edfico en 10 m\u00f3dulos, el evento contar\u00e1 con la participaci\u00f3n de profesores nacionales e internacionales. El viaje \u2026 <a href=\"https:\/\/cbr.org.br\/es\/sociedades-estaduais-do-pr-sc-e-rs-realizarao-juntas-a-jornada-sul-digital-de-radiologia-highlights-2020\/\">Sigue leyendo<\/a><\/p>","protected":false},"author":8,"featured_media":32243,"comment_status":"closed","ping_status":"closed","sticky":false,"template":"","format":"standard","meta":{"_acf_changed":false,"footnotes":""},"categories":[16],"tags":[665,79,43,111,84,189],"class_list":["post-32254","post","type-post","status-publish","format-standard","has-post-thumbnail","hentry","category-sociedades-estaduais","tag-cbr_radiologia","tag-cbr20","tag-colegio-brasileiro-de-radiologia-e-diagnostico-por-imagem","tag-diagnostico-por-imagem","tag-medicina-diagnostica","tag-sociedades-estaduais"],"acf":[],"_links":{"self":[{"href":"https:\/\/cbr.org.br\/es\/wp-json\/wp\/v2\/posts\/32254","targetHints":{"allow":["GET"]}}],"collection":[{"href":"https:\/\/cbr.org.br\/es\/wp-json\/wp\/v2\/posts"}],"about":[{"href":"https:\/\/cbr.org.br\/es\/wp-json\/wp\/v2\/types\/post"}],"author":[{"embeddable":true,"href":"https:\/\/cbr.org.br\/es\/wp-json\/wp\/v2\/users\/8"}],"replies":[{"embeddable":true,"href":"https:\/\/cbr.org.br\/es\/wp-json\/wp\/v2\/comments?post=32254"}],"version-history":[{"count":1,"href":"https:\/\/cbr.org.br\/es\/wp-json\/wp\/v2\/posts\/32254\/revisions"}],"predecessor-version":[{"id":51304,"href":"https:\/\/cbr.org.br\/es\/wp-json\/wp\/v2\/posts\/32254\/revisions\/51304"}],"wp:featuredmedia":[{"embeddable":true,"href":"https:\/\/cbr.org.br\/es\/wp-json\/wp\/v2\/media\/32243"}],"wp:attachment":[{"href":"https:\/\/cbr.org.br\/es\/wp-json\/wp\/v2\/media?parent=32254"}],"wp:term":[{"taxonomy":"category","embeddable":true,"href":"https:\/\/cbr.org.br\/es\/wp-json\/wp\/v2\/categories?post=32254"},{"taxonomy":"post_tag","embeddable":true,"href":"https:\/\/cbr.org.br\/es\/wp-json\/wp\/v2\/tags?post=32254"}],"curies":[{"name":"wp","href":"https:\/\/api.w.org\/{rel}","templated":true}]}}