{"id":32664,"date":"2020-09-21T11:14:46","date_gmt":"2020-09-21T14:14:46","guid":{"rendered":"https:\/\/cbr.org.br\/?p=32664"},"modified":"2025-03-24T14:36:02","modified_gmt":"2025-03-24T17:36:02","slug":"arenas-fique-por-dentro-dessas-duas-novidades-do-cbr20","status":"publish","type":"post","link":"https:\/\/cbr.org.br\/es\/arenas-fique-por-dentro-dessas-duas-novidades-do-cbr20\/","title":{"rendered":"Arenas: mantente al tanto de estas dos novedades CBR20"},"content":{"rendered":"<p data-w-id=\"061463fc-7877-814f-1479-bb878e9d65c6\" data-wf-id=\"[&quot;061463fc-7877-814f-1479-bb878e9d65c6&quot;]\" data-automation-id=\"dyn-item-texto-da-noticia-input\">Se acerca la 49\u00aa edici\u00f3n del Congreso Brasile\u00f1o de Radiolog\u00eda e Im\u00e1genes de Diagn\u00f3stico. Con el evento, muchas novedades para la comunidad radiol\u00f3gica. El programa cient\u00edfico del congreso, tradicionalmente, cuenta con una excelente calidad y con profesores de renombre nacional e internacional, lo que se mantuvo en esta edici\u00f3n \u00edntegramente online.<\/p>\n<p data-w-id=\"99c77171-5d0d-be70-fc72-be2e565b7b5c\" data-wf-id=\"[&quot;99c77171-5d0d-be70-fc72-be2e565b7b5c&quot;]\" data-automation-id=\"dyn-item-texto-da-noticia-input\">Pero, adem\u00e1s del programa cient\u00edfico, habr\u00e1 m\u00e1s de 40 actividades entre el 4 y el 11 de octubre. Entre los numerosos puntos destacados se encuentran Arenas Futuro y Humanidades y Ponto e Contraponto. Se trata de actividades puntuales que se realizar\u00e1n \u00fanicamente el fin de semana 10 y 11 de octubre, con propuestas in\u00e9ditas en los congresos realizados por la CBR.<\/p>\n<p data-w-id=\"8c8371c4-de28-bf57-26b1-5d44de4ecda5\" data-wf-id=\"[&quot;8c8371c4-de28-bf57-26b1-5d44de4ecda5&quot;]\" data-automation-id=\"dyn-item-texto-da-noticia-input\">El Arena Ponto e Contraponto traer\u00e1 gran pol\u00e9mica en Radiolog\u00eda. La actividad se basa en la idea de que se deben discutir diferentes opiniones que generan diferentes puntos de vista sobre enfoques y procedimientos. Tales pol\u00e9micas ser\u00e1n destacadas en el escenario digital de CBR20, con dos expertos en el tema, cada uno con su propia visi\u00f3n, adem\u00e1s del moderador, pues los debates prometen ser \u201cacalorados\u201d.<\/p>\n<p data-w-id=\"29e93e78-b1a8-46f9-373e-3960f91c10fa\" data-wf-id=\"[&quot;29e93e78-b1a8-46f9-373e-3960f91c10fa&quot;]\" data-automation-id=\"dyn-item-texto-da-noticia-input\">Y lo mejor: el p\u00fablico podr\u00e1 participar a trav\u00e9s del chat, enviando preguntas y comentarios. Para conocer los temas que se tratar\u00e1n y sus respectivas fechas y horarios, consulte la programaci\u00f3n completa en el sitio web de CBR20.<\/p>\n<p data-w-id=\"1dc34096-1440-f02e-41ca-4f314410ba2b\" data-wf-id=\"[&quot;1dc34096-1440-f02e-41ca-4f314410ba2b&quot;]\" data-automation-id=\"dyn-item-texto-da-noticia-input\">El Future and Humanities Arena, que contar\u00e1 con 18 paneles, est\u00e1 curado por el Dr. Giuseppe D&#039;Ippolito y trae temas que van m\u00e1s all\u00e1 del aspecto t\u00e9cnico de la especialidad, brindando nuevos puntos de vista y perspectivas a los radi\u00f3logos.<\/p>\n<p data-w-id=\"a545503c-9de6-1978-64c4-9dc65ffe0d87\" data-wf-id=\"[&quot;a545503c-9de6-1978-64c4-9dc65ffe0d87&quot;]\" data-automation-id=\"dyn-item-texto-da-noticia-input\">En una entrevista con CBR, el Dr. Giuseppe detalla la actividad y c\u00f3mo ha sido su preparaci\u00f3n. \u00a1Verificar!<\/p>\n<h5 data-w-id=\"a545503c-9de6-1978-64c4-9dc65ffe0d87\" data-wf-id=\"[&quot;a545503c-9de6-1978-64c4-9dc65ffe0d87&quot;]\" data-automation-id=\"dyn-item-texto-da-noticia-input\"><img decoding=\"async\" width=\"185\" height=\"250\" class=\"alignnone size-full wp-image-31167\" src=\"https:\/\/cbr.org.br\/wp-content\/uploads\/2020\/05\/Giuseppe-D-Ippolito-185-x-250-1.png\" alt=\"\" \/><br \/>\ndoctor Giuseppe D&#039;Ippolito<\/h5>\n<p data-w-id=\"a545503c-9de6-1978-64c4-9dc65ffe0d87\" data-wf-id=\"[&quot;a545503c-9de6-1978-64c4-9dc65ffe0d87&quot;]\" data-automation-id=\"dyn-item-texto-da-noticia-input\"><strong data-w-id=\"31cb0a00-ff40-46f6-a7aa-b2f2ca8e54e9\" data-wf-id=\"[&quot;31cb0a00-ff40-46f6-a7aa-b2f2ca8e54e9&quot;]\" data-automation-id=\"dyn-item-texto-da-noticia-input\">\u00bfC\u00f3mo surgi\u00f3 la invitaci\u00f3n para curar Arena Futuro e Humanidades? <\/strong><\/p>\n<p data-w-id=\"7fe9fe8c-6129-a8d2-dad8-c87dd8071b94\" data-wf-id=\"[&quot;7fe9fe8c-6129-a8d2-dad8-c87dd8071b94&quot;]\" data-automation-id=\"dyn-item-texto-da-noticia-input\">Surge de la necesidad de ampliar el campo de visi\u00f3n y atenci\u00f3n de nuestra especialidad, yendo m\u00e1s all\u00e1 de los aspectos t\u00e9cnicos, cient\u00edficos o empresariales y contemplando temas relevantes de nuestra actividad profesional y personal, pero muchas veces olvidados o marginados. Mucho antes de la pandemia, ya sent\u00edamos la necesidad de extender nuestra mirada a los aspectos human\u00edsticos, que tienen un fuerte impacto en nuestra capacidad para ejercer nuestra profesi\u00f3n y nuestro papel en la sociedad. El per\u00edodo de aislamiento y retiro solo aument\u00f3 la necesidad de esta reflexi\u00f3n.<\/p>\n<p data-w-id=\"88f6a04d-8e38-073f-fe3e-5b1d35a58b84\" data-wf-id=\"[&quot;88f6a04d-8e38-073f-fe3e-5b1d35a58b84&quot;]\" data-automation-id=\"dyn-item-texto-da-noticia-input\"><strong data-w-id=\"76fb986a-71a3-7646-a394-01afcc15503d\" data-wf-id=\"[&quot;76fb986a-71a3-7646-a394-01afcc15503d&quot;]\" data-automation-id=\"dyn-item-texto-da-noticia-input\"><br data-w-id=\"ce5adb52-645a-55b1-b41c-da1beff33401\" data-wf-id=\"[&quot;ce5adb52-645a-55b1-b41c-da1beff33401&quot;]\" data-automation-id=\"dyn-item-texto-da-noticia-input\" \/>En su opini\u00f3n, \u00bfcu\u00e1l es el beneficio de esta actividad totalmente nueva en el Congreso Brasile\u00f1o de Radiolog\u00eda, ya que no ten\u00edamos un programa para hablar sobre temas como estos en eventos anteriores? <\/strong><\/p>\n<p data-w-id=\"36590b59-03a5-79eb-1841-66d6bf7d5dda\" data-wf-id=\"[&quot;36590b59-03a5-79eb-1841-66d6bf7d5dda&quot;]\" data-automation-id=\"dyn-item-texto-da-noticia-input\">Esta actividad, alojada en un tiempo especialmente dedicado a ella [los d\u00edas 10 y 11 de octubre, s\u00e1bados y domingos por la ma\u00f1ana], cobra protagonismo, poniendo en el centro de la escena temas relevantes que pueden fortalecernos al ser explorados y profundizados. . Considero que esta visi\u00f3n m\u00e1s \u201chol\u00edstica\u201d de nuestra actividad es un punto de atenci\u00f3n principalmente para las nuevas generaciones, expuestas a grandes desaf\u00edos, y que necesitar\u00e1n muchas de las herramientas y habilidades disponibles para desempe\u00f1arse en un contexto m\u00e1s amplio.<\/p>\n<p data-w-id=\"9ed49fed-0135-7176-2a27-600fa6435da8\" data-wf-id=\"[&quot;9ed49fed-0135-7176-2a27-600fa6435da8&quot;]\" data-automation-id=\"dyn-item-texto-da-noticia-input\"><strong data-w-id=\"43666883-8db0-9257-0065-39d678bed3ad\" data-wf-id=\"[&quot;43666883-8db0-9257-0065-39d678bed3ad&quot;]\" data-automation-id=\"dyn-item-texto-da-noticia-input\"><br data-w-id=\"131694d2-f65c-4c5c-cccf-5e0b950e5e98\" data-wf-id=\"[&quot;131694d2-f65c-4c5c-cccf-5e0b950e5e98&quot;]\" data-automation-id=\"dyn-item-texto-da-noticia-input\" \/>\u00bfC\u00f3mo ha sido su trabajo como curador de estos temas y en alineaci\u00f3n con los oradores y panelistas? <\/strong><\/p>\n<p data-w-id=\"f131ba7a-45a1-7600-2650-f4a965c5f22d\" data-wf-id=\"[&quot;f131ba7a-45a1-7600-2650-f4a965c5f22d&quot;]\" data-automation-id=\"dyn-item-texto-da-noticia-input\">La b\u00fasqueda de temas y protagonistas que realmente puedan sumar conocimiento y provocar la reflexi\u00f3n ha sido una actividad desafiante, pero muy gratificante. El hecho de que el evento sea online sin duda facilita la participaci\u00f3n de ponentes y moderadores. En este sentido, hemos tenido un excelente retorno, no solo en cuanto a la participaci\u00f3n de compa\u00f1eros de los m\u00e1s diversos perfiles, sino tambi\u00e9n en el sincero entusiasmo mostrado por integrar esta innovadora y tan necesaria actividad. Tambi\u00e9n recuerdo que muchos panelistas no son radi\u00f3logos ni m\u00e9dicos de otras especialidades. Buscamos una diversidad de habilidades para enriquecer el debate.<\/p>\n<p data-w-id=\"cbb83cdf-f285-d081-7b2b-4bf5732e6220\" data-wf-id=\"[&quot;cbb83cdf-f285-d081-7b2b-4bf5732e6220&quot;]\" data-automation-id=\"dyn-item-texto-da-noticia-input\"><br data-w-id=\"2e86dbcb-7521-9fec-204d-6fc918af0d17\" data-wf-id=\"[&quot;2e86dbcb-7521-9fec-204d-6fc918af0d17&quot;]\" data-automation-id=\"dyn-item-texto-da-noticia-input\" \/><strong data-w-id=\"164afd50-9d89-cbf4-553a-bc544bd674b8\" data-wf-id=\"[&quot;164afd50-9d89-cbf4-553a-bc544bd674b8&quot;]\" data-automation-id=\"dyn-item-texto-da-noticia-input\">Entre los paneles, \u00bfalgunos temas destacan m\u00e1s entre los radi\u00f3logos? <\/strong><\/p>\n<p data-w-id=\"f0c2c7e0-149e-2bf4-bd33-48a8ff2eb8ef\" data-wf-id=\"[&quot;f0c2c7e0-149e-2bf4-bd33-48a8ff2eb8ef&quot;]\" data-automation-id=\"dyn-item-texto-da-noticia-input\">En total son 18 temas, con tres sesiones diarias de 1 hora por tema, todos dise\u00f1ados pensando en la comunidad radiol\u00f3gica, pero que tambi\u00e9n son de inter\u00e9s para cualquier otra actividad profesional. El congresista tendr\u00e1 tres opciones de temas por franja horaria y podr\u00e1 complementar su participaci\u00f3n viendo posteriormente los videos de aquellas mesas redondas que no haya podido seguir. Dicho esto, tratamos de elegir temas que sean parte de nuestra realidad cotidiana y que de alguna manera generen inquietud, curiosidad o simplemente un inter\u00e9s leg\u00edtimo. Creo que temas como <em data-w-id=\"d9ad3500-c5f3-f142-d213-361bef214ef2\" data-wf-id=\"[&quot;d9ad3500-c5f3-f142-d213-361bef214ef2&quot;]\" data-automation-id=\"dyn-item-texto-da-noticia-input\">agotamiento<\/em>, <em data-w-id=\"08bda5c1-d0a2-fd8b-27c2-0deaec65b2da\" data-wf-id=\"[&quot;08bda5c1-d0a2-fd8b-27c2-0deaec65b2da&quot;]\" data-automation-id=\"dyn-item-texto-da-noticia-input\">oficina en casa<\/em>Arena Futuro y Humanidades una sala de visitas concurrida.<\/p>\n<p data-w-id=\"c937e446-6695-3b80-d592-ba1ac8f1f884\" data-wf-id=\"[&quot;c937e446-6695-3b80-d592-ba1ac8f1f884&quot;]\" data-automation-id=\"dyn-item-texto-da-noticia-input\"><br data-w-id=\"98db3e9e-39c4-da58-b5e2-fcba374dd011\" data-wf-id=\"[&quot;98db3e9e-39c4-da58-b5e2-fcba374dd011&quot;]\" data-automation-id=\"dyn-item-texto-da-noticia-input\" \/><strong data-w-id=\"48ab5ee2-02c2-ff87-6581-e02915a6cbce\" data-wf-id=\"[&quot;48ab5ee2-02c2-ff87-6581-e02915a6cbce&quot;]\" data-automation-id=\"dyn-item-texto-da-noticia-input\">\u00bfC\u00f3mo pretenden aportar los paneles al congresista, es decir, qu\u00e9 \u201chuella\u201d quedar\u00e1 despu\u00e9s del panel sobre el radi\u00f3logo que particip\u00f3? <\/strong><\/p>\n<p data-w-id=\"56b79de0-1c89-22c2-0b99-36e6dbb9832a\" data-wf-id=\"[&quot;56b79de0-1c89-22c2-0b99-36e6dbb9832a&quot;]\" data-automation-id=\"dyn-item-texto-da-noticia-input\">Si podemos hablar de legado, esperamos que la construcci\u00f3n de esta Arena del Futuro de las Humanidades sea una oportunidad para facilitar un enfoque m\u00e1s integrador de nuestro trabajo profesional [pero no solo] y que vaya m\u00e1s all\u00e1 de los l\u00edmites de la t\u00e9cnica y la ciencia, como entiendelo. La \u201cmarca\u201d de la Arena ser\u00e1 la que elijan los participantes despu\u00e9s de experimentarla.<\/p>\n<p data-w-id=\"97ad982e-5c6e-8a3d-94bf-60d1e40cba6b\" data-wf-id=\"[&quot;97ad982e-5c6e-8a3d-94bf-60d1e40cba6b&quot;]\" data-automation-id=\"dyn-item-texto-da-noticia-input\"><strong data-w-id=\"dbf3a05e-1fe1-7f06-1386-b92e6c8119fa\" data-wf-id=\"[&quot;dbf3a05e-1fe1-7f06-1386-b92e6c8119fa&quot;]\" data-automation-id=\"dyn-item-texto-da-noticia-input\"><br data-w-id=\"05d839fe-8d6d-29a0-c8fa-7d30f2a35acf\" data-wf-id=\"[&quot;05d839fe-8d6d-29a0-c8fa-7d30f2a35acf&quot;]\" data-automation-id=\"dyn-item-texto-da-noticia-input\" \/>Como radi\u00f3logo y miembro del Colegio, siempre en colaboraci\u00f3n con la instituci\u00f3n, \u00bfc\u00f3mo ve la \u201cVirada Digital CBR\u201d?<\/strong><\/p>\n<p data-w-id=\"695f98c1-9e09-3257-b860-04e367b8166a\" data-wf-id=\"[&quot;695f98c1-9e09-3257-b860-04e367b8166a&quot;]\" data-automation-id=\"dyn-item-texto-da-noticia-input\">Con la difusi\u00f3n de ofertas de contenidos t\u00e9cnicos y cient\u00edficos y bases digitales, ampliamente accesibles y muchas veces gratuitas, nos hemos preguntado cu\u00e1l ser\u00eda el papel del Congreso Brasile\u00f1o de Radiolog\u00eda hoy y en el futuro. Me vienen a la mente algunos verbos: innovar, ampliar, integrar, provocar, reflexionar, compartir, mejorar. El combustible para transformar estos verbos en sustantivos puede y ser\u00e1 el Congreso Brasile\u00f1o de Radiolog\u00eda.<\/p>\n<p data-w-id=\"99d38d25-d315-0806-5421-498267346e62\" data-wf-id=\"[&quot;99d38d25-d315-0806-5421-498267346e62&quot;]\" data-automation-id=\"dyn-item-texto-da-noticia-input\"><strong data-w-id=\"daee1522-a85f-0da2-b438-de396373e40b\" data-wf-id=\"[&quot;daee1522-a85f-0da2-b438-de396373e40b&quot;]\" data-automation-id=\"dyn-item-texto-da-noticia-input\"><br data-w-id=\"95b7e3ac-8245-ba0d-c767-389687717148\" data-wf-id=\"[&quot;95b7e3ac-8245-ba0d-c767-389687717148&quot;]\" data-automation-id=\"dyn-item-texto-da-noticia-input\" \/>\u00bfQu\u00e9 mensaje le dejas al radi\u00f3logo en este momento?<\/strong><\/p>\n<p data-w-id=\"693ced30-2e34-9777-bb86-6ee003f402fc\" data-wf-id=\"[&quot;693ced30-2e34-9777-bb86-6ee003f402fc&quot;]\" data-automation-id=\"dyn-item-texto-da-noticia-input\">Participe en CBR 2020 y descubra nuevos caminos para lograrlo.<\/p>","protected":false},"excerpt":{"rendered":"<p>Se acerca la 49\u00aa edici\u00f3n del Congreso Brasile\u00f1o de Radiolog\u00eda e Im\u00e1genes de Diagn\u00f3stico. Con el evento, muchas novedades para la comunidad radiol\u00f3gica. El programa cient\u00edfico del congreso, tradicionalmente, cuenta con una excelente calidad y con profesores de renombre nacional e internacional, lo que se mantuvo en esta edici\u00f3n \u00edntegramente online. Pero adem\u00e1s de la programaci\u00f3n cient\u00edfica, habr\u00e1 m\u00e1s de\u2026 <a href=\"https:\/\/cbr.org.br\/es\/arenas-fique-por-dentro-dessas-duas-novidades-do-cbr20\/\">Sigue leyendo<\/a><\/p>","protected":false},"author":8,"featured_media":32713,"comment_status":"closed","ping_status":"closed","sticky":false,"template":"","format":"standard","meta":{"_acf_changed":false,"footnotes":""},"categories":[9],"tags":[50,79,80,111,84],"class_list":["post-32664","post","type-post","status-publish","format-standard","has-post-thumbnail","hentry","category-congresso","tag-cbr","tag-cbr20","tag-congresso","tag-diagnostico-por-imagem","tag-medicina-diagnostica"],"acf":[],"_links":{"self":[{"href":"https:\/\/cbr.org.br\/es\/wp-json\/wp\/v2\/posts\/32664","targetHints":{"allow":["GET"]}}],"collection":[{"href":"https:\/\/cbr.org.br\/es\/wp-json\/wp\/v2\/posts"}],"about":[{"href":"https:\/\/cbr.org.br\/es\/wp-json\/wp\/v2\/types\/post"}],"author":[{"embeddable":true,"href":"https:\/\/cbr.org.br\/es\/wp-json\/wp\/v2\/users\/8"}],"replies":[{"embeddable":true,"href":"https:\/\/cbr.org.br\/es\/wp-json\/wp\/v2\/comments?post=32664"}],"version-history":[{"count":1,"href":"https:\/\/cbr.org.br\/es\/wp-json\/wp\/v2\/posts\/32664\/revisions"}],"predecessor-version":[{"id":51295,"href":"https:\/\/cbr.org.br\/es\/wp-json\/wp\/v2\/posts\/32664\/revisions\/51295"}],"wp:featuredmedia":[{"embeddable":true,"href":"https:\/\/cbr.org.br\/es\/wp-json\/wp\/v2\/media\/32713"}],"wp:attachment":[{"href":"https:\/\/cbr.org.br\/es\/wp-json\/wp\/v2\/media?parent=32664"}],"wp:term":[{"taxonomy":"category","embeddable":true,"href":"https:\/\/cbr.org.br\/es\/wp-json\/wp\/v2\/categories?post=32664"},{"taxonomy":"post_tag","embeddable":true,"href":"https:\/\/cbr.org.br\/es\/wp-json\/wp\/v2\/tags?post=32664"}],"curies":[{"name":"wp","href":"https:\/\/api.w.org\/{rel}","templated":true}]}}