{"id":33508,"date":"2020-11-16T10:11:14","date_gmt":"2020-11-16T13:11:14","guid":{"rendered":"https:\/\/cbr.org.br\/?p=33508"},"modified":"2025-03-17T16:48:40","modified_gmt":"2025-03-17T19:48:40","slug":"prova-de-titulo-de-especialista-do-cbr","status":"publish","type":"post","link":"https:\/\/cbr.org.br\/es\/prova-de-titulo-de-especialista-do-cbr\/","title":{"rendered":"Con un amplio protocolo de seguridad, el CBR Title Test cuenta con cerca de 2.000 candidatos"},"content":{"rendered":"<p>El 8 de noviembre, se celebr\u00f3 el D\u00eda Internacional de la Radiolog\u00eda y el D\u00eda del M\u00e9dico Radi\u00f3logo, el Colegio Brasile\u00f1o de Radiolog\u00eda y Diagn\u00f3stico por Im\u00e1genes (CBR) realiz\u00f3 la primera edici\u00f3n de la Prueba de T\u00edtulo de Especialista 2020 en 12 ciudades brasile\u00f1as (Te\u00f3rico y Te\u00f3rico-pr\u00e1ctico).<\/p>\n<p>Las ciudades donde se realizaron fueron Bel\u00e9m (PA), Belo Horizonte (MG), Brasilia (DF), Curitiba (PR), Florian\u00f3polis (SC), Fortaleza (CE), Porto Alegre (RS), Recife (PE), Ribeir\u00e3o Preto (SP), R\u00edo de Janeiro (RJ), Salvador (BA) y S\u00e3o Paulo (SP).<\/p>\n<p>\u201cDebido a la pandemia provocada por el nuevo Coronavirus, el calendario de pruebas de este a\u00f1o ha sido modificado. Sin embargo, comprometida con la especialidad y consciente de la importancia de este examen, tanto para el m\u00e9dico como para el paciente, CBR realiz\u00f3 el examen adoptando un amplio protocolo de seguridad. Como en ediciones anteriores, fuimos cuidadosos en la preparaci\u00f3n de las preguntas para asegurar una prueba adecuada, capaz de seleccionar candidatos que tengan los conocimientos suficientes para obtener el t\u00edtulo de especialista\u201d, comenta el Dr. T\u00falio Macedo, coordinador de la Comisi\u00f3n de Admisi\u00f3n y Titulaci\u00f3n.<\/p>\n<p>El viernes anterior al examen, 6 de noviembre, el CBR envi\u00f3 un correo electr\u00f3nico a todos los candidatos registrados con algunos recordatorios importantes, incluido el \u00e9nfasis en la importancia de visitar el \u00e1rea de &quot;Acceso de candidatos&quot; para verificar su ubicaci\u00f3n y direcci\u00f3n de prueba. Esta comunicaci\u00f3n tambi\u00e9n inclu\u00eda un video grabado por el Dr. Alair Sarmet Santos, Presidente del Colegio, en el que reforz\u00f3 el compromiso de CBR con la realizaci\u00f3n de la prueba y dese\u00f3 mucha suerte a todos los candidatos.<\/p>\n<p>Se adoptaron el uso de cubrebocas, cambio de cubrebocas cada dos horas, distanciamiento entre candidatos con mayor n\u00famero de habitaciones, entre muchas otras medidas de seguridad, que contribuyeron al clima de seguridad y comodidad entre los participantes.<\/p>\n<p>el medico Saulo Jorge Souza Parreira, que realiz\u00f3 la prueba en Belo Horizonte (MG), coment\u00f3 sobre sus expectativas y participaci\u00f3n. \u201cDespu\u00e9s de aproximadamente 20 a\u00f1os trabajando con Ultrasonido, muchos compromisos laborales y pocas horas disponibles para estudiar, considero positiva mi participaci\u00f3n, as\u00ed como el resultado\u201d.<\/p>\n<p>Adem\u00e1s, reforz\u00f3 los puntos positivos de la propia carrera y de la organizaci\u00f3n. \u201cMe gustar\u00eda felicitar al CBR por la amplitud y objetividad de la prueba, as\u00ed como las precauciones frente a la pandemia con salas con pocos compa\u00f1eros y la preocupaci\u00f3n por la prevenci\u00f3n\u201d, dijo.<\/p>\n<p>Ya la Dra. Gladis Isabel Yampara Guarachi, que hizo la prueba en R\u00edo de Janeiro (RJ), dedic\u00f3 algunas horas de estudio con recursos en l\u00ednea, siempre compagin\u00e1ndolo con el trabajo. \u201cCreo que la prueba estuvo bien preparada, no fue tan compleja en mi opini\u00f3n\u201d, se\u00f1al\u00f3.<\/p>\n<p>Las plantillas se pusieron a disposici\u00f3n el d\u00eda despu\u00e9s de la prueba, a las 12:00 horas, en el sitio web de CBR. La pr\u00f3xima etapa, que es la Prueba de T\u00edtulo Pr\u00e1ctico-Oral y Pr\u00e1ctica de Mano, se realizar\u00e1 en S\u00e3o Paulo (SP) el d\u00eda 5 de diciembre.<\/p>","protected":false},"excerpt":{"rendered":"<p>El 8 de noviembre, se celebr\u00f3 el D\u00eda Internacional de la Radiolog\u00eda y el D\u00eda del M\u00e9dico Radi\u00f3logo, el Colegio Brasile\u00f1o de Radiolog\u00eda y Diagn\u00f3stico por Im\u00e1genes (CBR) realiz\u00f3 la primera edici\u00f3n de la Prueba de T\u00edtulo de Especialista 2020 en 12 ciudades brasile\u00f1as (Te\u00f3rico y Te\u00f3rico-pr\u00e1ctico). Las ciudades donde se celebraron fueron\u2026 <a href=\"https:\/\/cbr.org.br\/es\/prova-de-titulo-de-especialista-do-cbr\/\">Sigue leyendo<\/a><\/p>","protected":false},"author":11,"featured_media":33518,"comment_status":"closed","ping_status":"closed","sticky":false,"template":"","format":"standard","meta":{"_acf_changed":false,"footnotes":""},"categories":[17],"tags":[50,665,705],"class_list":["post-33508","post","type-post","status-publish","format-standard","has-post-thumbnail","hentry","category-titulos-e-certificados","tag-cbr","tag-cbr_radiologia","tag-prova-de-titulo-2"],"acf":[],"_links":{"self":[{"href":"https:\/\/cbr.org.br\/es\/wp-json\/wp\/v2\/posts\/33508","targetHints":{"allow":["GET"]}}],"collection":[{"href":"https:\/\/cbr.org.br\/es\/wp-json\/wp\/v2\/posts"}],"about":[{"href":"https:\/\/cbr.org.br\/es\/wp-json\/wp\/v2\/types\/post"}],"author":[{"embeddable":true,"href":"https:\/\/cbr.org.br\/es\/wp-json\/wp\/v2\/users\/11"}],"replies":[{"embeddable":true,"href":"https:\/\/cbr.org.br\/es\/wp-json\/wp\/v2\/comments?post=33508"}],"version-history":[{"count":1,"href":"https:\/\/cbr.org.br\/es\/wp-json\/wp\/v2\/posts\/33508\/revisions"}],"predecessor-version":[{"id":50952,"href":"https:\/\/cbr.org.br\/es\/wp-json\/wp\/v2\/posts\/33508\/revisions\/50952"}],"wp:featuredmedia":[{"embeddable":true,"href":"https:\/\/cbr.org.br\/es\/wp-json\/wp\/v2\/media\/33518"}],"wp:attachment":[{"href":"https:\/\/cbr.org.br\/es\/wp-json\/wp\/v2\/media?parent=33508"}],"wp:term":[{"taxonomy":"category","embeddable":true,"href":"https:\/\/cbr.org.br\/es\/wp-json\/wp\/v2\/categories?post=33508"},{"taxonomy":"post_tag","embeddable":true,"href":"https:\/\/cbr.org.br\/es\/wp-json\/wp\/v2\/tags?post=33508"}],"curies":[{"name":"wp","href":"https:\/\/api.w.org\/{rel}","templated":true}]}}