{"id":34464,"date":"2021-02-26T08:20:47","date_gmt":"2021-02-26T11:20:47","guid":{"rendered":"https:\/\/cbr.org.br\/?p=34464"},"modified":"2025-03-17T16:26:59","modified_gmt":"2025-03-17T19:26:59","slug":"curso-da-oms-sobre-a-comunicacao-dos-riscos-e-beneficios-em-imagens-pediatricas-e-destaque-no-mes-de-marco","status":"publish","type":"post","link":"https:\/\/cbr.org.br\/es\/curso-da-oms-sobre-a-comunicacao-dos-riscos-e-beneficios-em-imagens-pediatricas-e-destaque-no-mes-de-marco\/","title":{"rendered":"Curso de la OMS sobre comunicaci\u00f3n riesgo-beneficio en im\u00e1genes pedi\u00e1tricas se presenta en marzo"},"content":{"rendered":"<p>En marzo, la Organizaci\u00f3n Mundial de la Salud realiza un curso sobre comunicaci\u00f3n de riesgos en radiolog\u00eda para mejorar el di\u00e1logo sobre riesgos y beneficios en im\u00e1genes pedi\u00e1tricas (Curso de nivel 1 acad\u00e9mico de la OMS sobre comunicaci\u00f3n de riesgos de radiaci\u00f3n para mejorar el di\u00e1logo beneficio-riesgo en im\u00e1genes pedi\u00e1tricas).<\/p>\n<p>El objetivo es apoyar el uso y la aplicaci\u00f3n efectivos de la gu\u00eda de la OMS sobre la comunicaci\u00f3n de los riesgos de radiaci\u00f3n en im\u00e1genes pedi\u00e1tricas: informaci\u00f3n para apoyar las discusiones de atenci\u00f3n m\u00e9dica sobre beneficios y riesgos. Se enfoca en los profesionales de la salud que derivan pacientes pedi\u00e1tricos para ex\u00e1menes radiol\u00f3gicos o que realizan pruebas a este p\u00fablico.<\/p>\n<p>La fecha del curso es el 22 de marzo de 2021 y CBR una vez m\u00e1s felicita la iniciativa y organizaci\u00f3n de este evento.<\/p>\n<p>M\u00e1s detalles: <a href=\"https:\/\/www.learning.foundation\/who-pediatric-radiation-communication\">Mejora del di\u00e1logo beneficio-riesgo en imagenolog\u00eda pedi\u00e1trica (learning.foundation)<\/a><\/p>","protected":false},"excerpt":{"rendered":"<p>En marzo, la Organizaci\u00f3n Mundial de la Salud realiza un curso sobre Comunicaci\u00f3n de riesgos en radiolog\u00eda para mejorar el di\u00e1logo sobre riesgos y beneficios en im\u00e1genes pedi\u00e1tricas (Curso de nivel 1 acad\u00e9mico de la OMS sobre comunicaci\u00f3n de riesgos de radiaci\u00f3n para mejorar el di\u00e1logo entre riesgos y beneficios en im\u00e1genes pedi\u00e1tricas). El objetivo es apoyar el uso y aplicaci\u00f3n efectivos\u2026 <a href=\"https:\/\/cbr.org.br\/es\/curso-da-oms-sobre-a-comunicacao-dos-riscos-e-beneficios-em-imagens-pediatricas-e-destaque-no-mes-de-marco\/\">Sigue leyendo<\/a><\/p>","protected":false},"author":8,"featured_media":34356,"comment_status":"closed","ping_status":"closed","sticky":false,"template":"","format":"standard","meta":{"_acf_changed":false,"footnotes":""},"categories":[12],"tags":[50,665,678,701,733],"class_list":["post-34464","post","type-post","status-publish","format-standard","has-post-thumbnail","hentry","category-eventos","tag-cbr","tag-cbr_radiologia","tag-medicina-diagnostica-2","tag-medico-radiologista-3","tag-pediatria"],"acf":[],"_links":{"self":[{"href":"https:\/\/cbr.org.br\/es\/wp-json\/wp\/v2\/posts\/34464","targetHints":{"allow":["GET"]}}],"collection":[{"href":"https:\/\/cbr.org.br\/es\/wp-json\/wp\/v2\/posts"}],"about":[{"href":"https:\/\/cbr.org.br\/es\/wp-json\/wp\/v2\/types\/post"}],"author":[{"embeddable":true,"href":"https:\/\/cbr.org.br\/es\/wp-json\/wp\/v2\/users\/8"}],"replies":[{"embeddable":true,"href":"https:\/\/cbr.org.br\/es\/wp-json\/wp\/v2\/comments?post=34464"}],"version-history":[{"count":1,"href":"https:\/\/cbr.org.br\/es\/wp-json\/wp\/v2\/posts\/34464\/revisions"}],"predecessor-version":[{"id":50934,"href":"https:\/\/cbr.org.br\/es\/wp-json\/wp\/v2\/posts\/34464\/revisions\/50934"}],"wp:featuredmedia":[{"embeddable":true,"href":"https:\/\/cbr.org.br\/es\/wp-json\/wp\/v2\/media\/34356"}],"wp:attachment":[{"href":"https:\/\/cbr.org.br\/es\/wp-json\/wp\/v2\/media?parent=34464"}],"wp:term":[{"taxonomy":"category","embeddable":true,"href":"https:\/\/cbr.org.br\/es\/wp-json\/wp\/v2\/categories?post=34464"},{"taxonomy":"post_tag","embeddable":true,"href":"https:\/\/cbr.org.br\/es\/wp-json\/wp\/v2\/tags?post=34464"}],"curies":[{"name":"wp","href":"https:\/\/api.w.org\/{rel}","templated":true}]}}