{"id":34964,"date":"2021-04-07T11:05:24","date_gmt":"2021-04-07T14:05:24","guid":{"rendered":"https:\/\/cbr.org.br\/?p=34964"},"modified":"2025-03-17T13:02:56","modified_gmt":"2025-03-17T16:02:56","slug":"nota-de-falecimento-26","status":"publish","type":"post","link":"https:\/\/cbr.org.br\/es\/nota-de-falecimento-26\/","title":{"rendered":"Aviso de muerte"},"content":{"rendered":"<p>Con inmenso pesar, CBR recibi\u00f3 la noticia del fallecimiento del Dr. Max Agostinho Vianna do Amaral, ayer, 6 de abril, 89 a\u00f1os.<\/p>\n<p>Nacido en 1931, se gradu\u00f3 en Medicina en la Facultad de Medicina y Cirug\u00eda de R\u00edo de Janeiro. Trabaj\u00f3 como t\u00e9cnico de cuarto oscuro, hasta que se gradu\u00f3 como radi\u00f3logo. Hizo una pasant\u00eda en el Hospital dos Servidores do Estado, con Nicola Caminha, Waldyr Maymone y otros maestros.<\/p>\n<p>Miembro del CBR desde 1963, fue jefe del Servicio de Radiolog\u00eda del Hospital S\u00e3o Francisco de Assis, Hospital Geral de Jacarepagu\u00e1 y Hospital Universit\u00e1rio Clementino Fraga Filho de la UFRJ.<\/p>\n<p>Presidi\u00f3 la Sociedad Brasile\u00f1a de Radiolog\u00eda en el bienio 1986\/1987 y fue Secretario General de la CBR durante los mandatos de los doctores Paulo Biaso Villar do Valle (1981\/83) y Domingos Jos\u00e9 Correa da Rocha (1987\/89).<\/p>\n<p>Fue Coordinador Docente de Residencia en el Servicio de Radiolog\u00eda de la Santa Casa de Misericordia do Rio de Janeiro y Jefe de Cl\u00ednica del Servicio, de 1995 a 2018.<\/p>\n<p>doctor A Max le sobrevive su esposa, la colega radi\u00f3loga Dra. Gizelia Braga Santos do Amaral y cuatro hijos; Max Ricardo, tambi\u00e9n radi\u00f3logo, Thereza, Rodrigo y Diogo, adem\u00e1s de nietos e innumerables amigos.<\/p>\n<p>El Colegio reitera sus m\u00e1s sinceras condolencias a la familia y amigos del Dr. Max, as\u00ed como su profundo agradecimiento por la contribuci\u00f3n de un gran maestro de la Radiolog\u00eda.<\/p>\n\n\n<p><\/p>","protected":false},"excerpt":{"rendered":"<p>Con inmenso pesar, CBR recibi\u00f3 la noticia del fallecimiento del Dr. Max Agostinho Vianna do Amaral, ayer, 6 de abril, 89 a\u00f1os. Nacido en 1931, se gradu\u00f3 en Medicina en la Facultad de Medicina y Cirug\u00eda de R\u00edo de Janeiro. Trabaj\u00f3 como t\u00e9cnico de cuarto oscuro, hasta que se gradu\u00f3 como radi\u00f3logo. Internado en el Hospital\u2026 <a href=\"https:\/\/cbr.org.br\/es\/nota-de-falecimento-26\/\">Sigue leyendo<\/a><\/p>","protected":false},"author":11,"featured_media":33848,"comment_status":"closed","ping_status":"closed","sticky":false,"template":"","format":"standard","meta":{"_acf_changed":false,"footnotes":""},"categories":[646],"tags":[50,665,691,624],"class_list":["post-34964","post","type-post","status-publish","format-standard","has-post-thumbnail","hentry","category-nota-de-falecimento","tag-cbr","tag-cbr_radiologia","tag-medico-radiologista-2","tag-nota-de-falecimento"],"acf":[],"_links":{"self":[{"href":"https:\/\/cbr.org.br\/es\/wp-json\/wp\/v2\/posts\/34964","targetHints":{"allow":["GET"]}}],"collection":[{"href":"https:\/\/cbr.org.br\/es\/wp-json\/wp\/v2\/posts"}],"about":[{"href":"https:\/\/cbr.org.br\/es\/wp-json\/wp\/v2\/types\/post"}],"author":[{"embeddable":true,"href":"https:\/\/cbr.org.br\/es\/wp-json\/wp\/v2\/users\/11"}],"replies":[{"embeddable":true,"href":"https:\/\/cbr.org.br\/es\/wp-json\/wp\/v2\/comments?post=34964"}],"version-history":[{"count":2,"href":"https:\/\/cbr.org.br\/es\/wp-json\/wp\/v2\/posts\/34964\/revisions"}],"predecessor-version":[{"id":50929,"href":"https:\/\/cbr.org.br\/es\/wp-json\/wp\/v2\/posts\/34964\/revisions\/50929"}],"wp:featuredmedia":[{"embeddable":true,"href":"https:\/\/cbr.org.br\/es\/wp-json\/wp\/v2\/media\/33848"}],"wp:attachment":[{"href":"https:\/\/cbr.org.br\/es\/wp-json\/wp\/v2\/media?parent=34964"}],"wp:term":[{"taxonomy":"category","embeddable":true,"href":"https:\/\/cbr.org.br\/es\/wp-json\/wp\/v2\/categories?post=34964"},{"taxonomy":"post_tag","embeddable":true,"href":"https:\/\/cbr.org.br\/es\/wp-json\/wp\/v2\/tags?post=34964"}],"curies":[{"name":"wp","href":"https:\/\/api.w.org\/{rel}","templated":true}]}}