{"id":36231,"date":"2021-06-21T12:04:38","date_gmt":"2021-06-21T15:04:38","guid":{"rendered":"https:\/\/cbr.org.br\/?p=36231"},"modified":"2025-03-17T12:45:23","modified_gmt":"2025-03-17T15:45:23","slug":"inscreva-se-para-o-encontro-de-sociedades-medicas-diagnostico-da-covid-19-em-medicina-de-emergencia","status":"publish","type":"post","link":"https:\/\/cbr.org.br\/es\/inscreva-se-para-o-encontro-de-sociedades-medicas-diagnostico-da-covid-19-em-medicina-de-emergencia\/","title":{"rendered":"Reg\u00edstrese para el \u201cEncuentro de Sociedades M\u00e9dicas \u2013 Diagn\u00f3stico de COVID-19 en Medicina de Emergencia\u201d"},"content":{"rendered":"<p>La Sociedad Brasile\u00f1a de Patolog\u00eda Cl\u00ednica y Medicina de Laboratorio (SBPC\/ML) promueve el \u201cEncuentro de Sociedades M\u00e9dicas \u2013 Diagn\u00f3stico de la COVID-19 en medicina de emergencia\u201d, el d\u00eda 27 de julio. Los interesados en participar en el evento, que ser\u00e1 <em>en l\u00ednea<\/em>, puede registrarse hasta el 20\/7\/2021, en <em>enlace<\/em>: <a href=\"https:\/\/adm.sbpc.org.br\/AreaAssociados\/sbpcml?returnURL=https:\/\/adm.sbpc.org.br\/AreaAssociados\/EventosPro\/EventoProDetalhe\/index\/1758\">https:\/\/adm.sbpc.org.br\/AreaAssociados\/sbpcml?returnURL=https:\/\/adm.sbpc.org.br\/AreaAssociados\/EventosPro\/EventoProDetalhe\/index\/1758<\/a> .<\/p>\n<p>Entre los disertantes se encuentran los Dres. Carlos Eduardo dos Santos Ferreira, presidente de SBPC\/ML, Helio Guimaraes, presidente de ABRAMEDE, y Marcio Sawamura \u2013 coordinador del grupo de radiolog\u00eda tor\u00e1cica del InRad \u2013 HC-FMUSP, quien representar\u00e1 a la CBR.<\/p>\n<p>Para la realizaci\u00f3n del encuentro, la SBPC\/ML cuenta con una alianza con el Colegio Brasile\u00f1o de Radiolog\u00eda y Diagn\u00f3stico por Imagen (CBR) y la Asociaci\u00f3n Brasile\u00f1a de Medicina de Emergencia (ABRAMEDE), adem\u00e1s del patrocinio de <em>Siemens Healthineers<\/em>.<\/p>\n\n\n<p><\/p>","protected":false},"excerpt":{"rendered":"<p>La Sociedad Brasile\u00f1a de Patolog\u00eda Cl\u00ednica y Medicina de Laboratorio (SBPC\/ML) promueve el \u201cEncuentro de Sociedades M\u00e9dicas \u2013 Diagn\u00f3stico de la COVID-19 en medicina de emergencia\u201d, el d\u00eda 27 de julio. Los interesados en participar del evento, que se realizar\u00e1 en l\u00ednea, pueden registrarse hasta el 20\/07\/2021, a trav\u00e9s del enlace: https:\/\/adm.sbpc.org.br\/AreaAssociados\/sbpcml?returnURL=https:\/\/adm .sbpc.org.br\/AreaAssociados\/EventosPro\/EventoProDetalhe\/index\/1758 . Entre los disertantes se encuentran los Dres. Carlos\u2026 <a href=\"https:\/\/cbr.org.br\/es\/inscreva-se-para-o-encontro-de-sociedades-medicas-diagnostico-da-covid-19-em-medicina-de-emergencia\/\">Sigue leyendo<\/a><\/p>","protected":false},"author":11,"featured_media":36233,"comment_status":"closed","ping_status":"closed","sticky":false,"template":"","format":"standard","meta":{"_acf_changed":false,"footnotes":""},"categories":[491],"tags":[727,50,665,726,728,56,678,211],"class_list":["post-36231","post","type-post","status-publish","format-standard","has-post-thumbnail","hentry","category-cbr-educa","tag-abramede","tag-cbr","tag-cbr_radiologia","tag-covid-19-2","tag-hc-fmusp","tag-inrad","tag-medicina-diagnostica-2","tag-sbpc"],"acf":[],"_links":{"self":[{"href":"https:\/\/cbr.org.br\/es\/wp-json\/wp\/v2\/posts\/36231","targetHints":{"allow":["GET"]}}],"collection":[{"href":"https:\/\/cbr.org.br\/es\/wp-json\/wp\/v2\/posts"}],"about":[{"href":"https:\/\/cbr.org.br\/es\/wp-json\/wp\/v2\/types\/post"}],"author":[{"embeddable":true,"href":"https:\/\/cbr.org.br\/es\/wp-json\/wp\/v2\/users\/11"}],"replies":[{"embeddable":true,"href":"https:\/\/cbr.org.br\/es\/wp-json\/wp\/v2\/comments?post=36231"}],"version-history":[{"count":2,"href":"https:\/\/cbr.org.br\/es\/wp-json\/wp\/v2\/posts\/36231\/revisions"}],"predecessor-version":[{"id":50921,"href":"https:\/\/cbr.org.br\/es\/wp-json\/wp\/v2\/posts\/36231\/revisions\/50921"}],"wp:featuredmedia":[{"embeddable":true,"href":"https:\/\/cbr.org.br\/es\/wp-json\/wp\/v2\/media\/36233"}],"wp:attachment":[{"href":"https:\/\/cbr.org.br\/es\/wp-json\/wp\/v2\/media?parent=36231"}],"wp:term":[{"taxonomy":"category","embeddable":true,"href":"https:\/\/cbr.org.br\/es\/wp-json\/wp\/v2\/categories?post=36231"},{"taxonomy":"post_tag","embeddable":true,"href":"https:\/\/cbr.org.br\/es\/wp-json\/wp\/v2\/tags?post=36231"}],"curies":[{"name":"wp","href":"https:\/\/api.w.org\/{rel}","templated":true}]}}