{"id":39797,"date":"2022-01-20T16:24:08","date_gmt":"2022-01-20T19:24:08","guid":{"rendered":"https:\/\/cbr.org.br\/?p=39797"},"modified":"2025-03-14T12:46:32","modified_gmt":"2025-03-14T15:46:32","slug":"pos-graduacao-nao-vale-como-titulo-de-especialista","status":"publish","type":"post","link":"https:\/\/cbr.org.br\/es\/pos-graduacao-nao-vale-como-titulo-de-especialista\/","title":{"rendered":"La posgrado no califica como un t\u00edtulo de especialista"},"content":{"rendered":"<h2 style=\"text-align: center;\">La posgrado no califica como un t\u00edtulo de especialista<\/h2>\n<h3 style=\"text-align: center;\"><em>Un m\u00e9dico solo puede anunciarse como especialista si ha realizado la residencia o ha superado la prueba de t\u00edtulo.<\/em><\/h3>\n<p style=\"margin-bottom: 7.5pt; line-height: 21.0pt; background: white;\">Para poder realizar la prueba de t\u00edtulo sin haber realizado una residencia m\u00e9dica o perfeccionamiento reconocido por el Colegio Brasile\u00f1o de Radiolog\u00eda y Diagn\u00f3stico por Im\u00e1genes (CBR), es necesario acreditar 6 a\u00f1os de pr\u00e1ctica, es decir, el doble de la residencia, que es de 3 a\u00f1os.<\/p>\n<p style=\"margin-bottom: 7.5pt; line-height: 21.0pt; background: white;\">Los m\u00e9dicos que cursaron un posgrado lato sensu no pueden solicitar a los consejos regionales su inscripci\u00f3n como especialistas si no cuentan con el grado correspondiente o anuncian que cuentan con el t\u00edtulo. Cuando el m\u00e9dico divulga que tiene cursos lato sensu, incluso los reconocidos por el MEC, puede crear en el p\u00fablico lego la falsa impresi\u00f3n de que se trata de un t\u00edtulo de especialista.<\/p>\n<p style=\"margin-bottom: 7.5pt; line-height: 21.0pt; background: white;\"><strong>Alerta CFM:<\/strong> Los estudios de posgrado no garantizan la obtenci\u00f3n del t\u00edtulo de especialista, la mera existencia de un posgrado lato sensu, aunque sea reconocido por el Ministerio de Educaci\u00f3n (MEC), no habilita al m\u00e9dico para autoproclamarse como especialista, teniendo \u00fanicamente valor acad\u00e9mico.<\/p>\n<p style=\"margin-bottom: 7.5pt; line-height: 21.0pt; background: white;\">Solo dos caminos pueden llevar al m\u00e9dico a obtener la especializaci\u00f3n: a trav\u00e9s de una prueba de t\u00edtulos y habilidades de las Sociedades de Especialidad afiliadas a la Asociaci\u00f3n M\u00e9dica Brasile\u00f1a; y\/o residencia m\u00e9dica reconocida por la Comisi\u00f3n Nacional de Residencia M\u00e9dica.<\/p>\n<p style=\"margin-bottom: 7.5pt; line-height: 21.0pt; background: white;\">La alerta la hace el Consejo Federal de Medicina (CFM) que tiene conocimiento de anuncios de algunos cursos de posgrado que dan lugar a malas interpretaciones. Cabe se\u00f1alar que el m\u00e9dico s\u00f3lo podr\u00e1 anunciar la especialidad cuando el t\u00edtulo est\u00e9 registrado en el Consejo Regional de Medicina en el que est\u00e9 matriculado.<\/p>\n<p style=\"margin-bottom: 7.5pt; line-height: 21.0pt; background: white;\">Aqu\u00ed hay algunas preguntas y respuestas importantes:<\/p>\n<ol>\n<li style=\"line-height: 21pt; background: white;\">Hice un posgrado lato sensu en un \u00e1rea que no es considerada especialidad m\u00e9dica por el CFM. \u00bfPuedo anunciarlo? No. Debido a que tienen el potencial de confundir al paciente, estos t\u00edtulos no deben publicitarse.<\/li>\n<li style=\"line-height: 21pt; background: white;\">Tengo un posgrado en RADIOLOG\u00cdA, pero no tengo un t\u00edtulo de especialista. \u00bfPuedo poner la palabra \u201cradi\u00f3logo\u201d en mi sello? No. Para presentarse como m\u00e9dico geriatra o profesional en Radiolog\u00eda e Imagen Diagn\u00f3stica, se debe contar con t\u00edtulo de especialista, adquirido a trav\u00e9s del programa de residencia m\u00e9dica o mediante evaluaci\u00f3n de una sociedad de especialidad reconocida por el CFM. El paciente debe tener absolutamente claro la formaci\u00f3n del m\u00e9dico tratante.<\/li>\n<li style=\"line-height: 21pt; background: white;\">Soy psiquiatra. La medicina del sue\u00f1o es un campo de la psiquiatr\u00eda. No tengo una membres\u00eda relacionada con esta \u00e1rea, pero hice un posgrado lato sensu en este campo. \u00bfPuedo anunciarlo, ya que esta \u00e1rea de conocimiento est\u00e1 relacionada con mi especialidad? No. Para anunciarse como profesional en un \u00e1rea determinada de especializaci\u00f3n, es necesario tener un t\u00edtulo adquirido a trav\u00e9s del programa de residencia m\u00e9dica o mediante una evaluaci\u00f3n de una sociedad especializada reconocida por el CFM. Adicionalmente, este t\u00edtulo debe estar registrado en el CRM local.<\/li>\n<li style=\"line-height: 21pt; background: white;\">Soy radi\u00f3logo y tengo una maestr\u00eda en cirug\u00eda. \u00bfPuedo hacer referencia a este t\u00edtulo en el material de mi oficina de radiolog\u00eda, tarjetas de presentaci\u00f3n y otra publicidad y papeler\u00eda? No. La resoluci\u00f3n le impide asociar t\u00edtulos acad\u00e9micos a su especialidad m\u00e9dica cuando no sean de la misma \u00e1rea. El CFM entiende que el anuncio de este t\u00edtulo confunde al paciente. Este tipo de publicidad lleva al paciente a creer, por ejemplo, que la maestr\u00eda convierte al profesional en un cirujano o radi\u00f3logo m\u00e1s calificado, lo cual no es cierto. En cualquier caso, puedes anunciar todos los t\u00edtulos que tengas relacionados con tu especialidad. Solo necesitan estar previamente registrados en el CRM local.<\/li>\n<\/ol>","protected":false},"excerpt":{"rendered":"<p>Un t\u00edtulo de posgrado no se considera un t\u00edtulo de especialista, un m\u00e9dico solo puede pretender ser especialista si complet\u00f3 la residencia o aprob\u00f3 la prueba de t\u00edtulo.), se necesita acreditar 6 a\u00f1os de ejercicio, es decir,\u2026 <a href=\"https:\/\/cbr.org.br\/es\/pos-graduacao-nao-vale-como-titulo-de-especialista\/\">Sigue leyendo<\/a><\/p>","protected":false},"author":11,"featured_media":39798,"comment_status":"closed","ping_status":"closed","sticky":false,"template":"","format":"standard","meta":{"_acf_changed":false,"footnotes":""},"categories":[4],"tags":[50,665,711,108],"class_list":["post-39797","post","type-post","status-publish","format-standard","has-post-thumbnail","hentry","category-defesa-profissional","tag-cbr","tag-cbr_radiologia","tag-pos-graduacao","tag-titulo-de-especialista"],"acf":[],"_links":{"self":[{"href":"https:\/\/cbr.org.br\/es\/wp-json\/wp\/v2\/posts\/39797","targetHints":{"allow":["GET"]}}],"collection":[{"href":"https:\/\/cbr.org.br\/es\/wp-json\/wp\/v2\/posts"}],"about":[{"href":"https:\/\/cbr.org.br\/es\/wp-json\/wp\/v2\/types\/post"}],"author":[{"embeddable":true,"href":"https:\/\/cbr.org.br\/es\/wp-json\/wp\/v2\/users\/11"}],"replies":[{"embeddable":true,"href":"https:\/\/cbr.org.br\/es\/wp-json\/wp\/v2\/comments?post=39797"}],"version-history":[{"count":3,"href":"https:\/\/cbr.org.br\/es\/wp-json\/wp\/v2\/posts\/39797\/revisions"}],"predecessor-version":[{"id":40534,"href":"https:\/\/cbr.org.br\/es\/wp-json\/wp\/v2\/posts\/39797\/revisions\/40534"}],"wp:featuredmedia":[{"embeddable":true,"href":"https:\/\/cbr.org.br\/es\/wp-json\/wp\/v2\/media\/39798"}],"wp:attachment":[{"href":"https:\/\/cbr.org.br\/es\/wp-json\/wp\/v2\/media?parent=39797"}],"wp:term":[{"taxonomy":"category","embeddable":true,"href":"https:\/\/cbr.org.br\/es\/wp-json\/wp\/v2\/categories?post=39797"},{"taxonomy":"post_tag","embeddable":true,"href":"https:\/\/cbr.org.br\/es\/wp-json\/wp\/v2\/tags?post=39797"}],"curies":[{"name":"wp","href":"https:\/\/api.w.org\/{rel}","templated":true}]}}