{"id":40802,"date":"2022-04-12T17:27:27","date_gmt":"2022-04-12T20:27:27","guid":{"rendered":"https:\/\/cbr.org.br\/?p=40802"},"modified":"2022-05-04T16:56:07","modified_gmt":"2022-05-04T19:56:07","slug":"cbr-confirma-presenca-na-medical-fair-brasil","status":"publish","type":"post","link":"https:\/\/cbr.org.br\/es\/cbr-confirma-presenca-na-medical-fair-brasil\/","title":{"rendered":"CBR confirma presencia en Medical Fair Brasil"},"content":{"rendered":"<p><\/p>\n\n\n\n<p><em>Conferencia de Apertura, Telerradiolog\u00eda, Tendencias para el Segmento e Inteligencia Artificial ser\u00e1n temas presentados por la facultad, en la feria que se realiza en S\u00e3o Paulo y tiene como objetivo conectar a m\u00e1s de 30 mil profesionales<\/em><\/p>\n\n\n\n<p>Del 3 al 6 de mayo, la Feria M\u00e9dica Brasil (MFB) tendr\u00e1 lugar en el Expo Center Norte de S\u00e3o Paulo (SP). La feria es la versi\u00f3n brasile\u00f1a de MEDICA, que es organizada por el grupo alem\u00e1n Messe D\u00fcsseldorf y es considerada el mayor evento de la industria m\u00e9dico-hospitalaria mundial.&nbsp;<\/p>\n\n\n\n<p>En la versi\u00f3n brasile\u00f1a, adem\u00e1s de ser una feria presencial, la MFB se convierte en un canal de comunicaci\u00f3n con el sector salud. Las empresas del segmento presentan productos, innovaciones, servicios y tienen como objetivo abastecer y transformar la silla de salud. Adem\u00e1s, el evento tiene el rol de reconectar a compradores y vendedores del sector, adem\u00e1s de incentivar nuevos negocios y tambi\u00e9n abrir espacio para debates que contribuyan a la evoluci\u00f3n del escenario nacional de salud.&nbsp;<\/p>\n\n\n\n<p>La feria tambi\u00e9n ofrece un programa con m\u00e1s de 30 horas de contenido y conferencias profesionales, en diversas actividades, conocimiento e informaci\u00f3n, desarrollado por socios en el sector. Entre los temas se encuentran los <em>Salud digital<\/em>; <em>Ley General de Protecci\u00f3n de Datos<\/em>; <em>cannabis medicinal<\/em>; <em>Lanzamientos con Startups<\/em>, entre otros.&nbsp;<\/p>\n\n\n\n<p>En este sentido, la CBR elabor\u00f3 su participaci\u00f3n en la MFB, con una <em>Conferencia inaugural<\/em>y conferencias sobre <em>telerradiolog\u00eda<\/em>, <em>Tendencias para el Sector<\/em>, as\u00ed como informaci\u00f3n sobre el uso de <em>Inteligencia Artificial en Diagn\u00f3stico por Imagen<\/em>. Sigue algunos detalles de esta participaci\u00f3n a continuaci\u00f3n:&nbsp;<\/p>\n\n\n\n<p><strong>CBR en Feria M\u00e9dica Brasil (MFB)&nbsp;<\/strong><\/p>\n\n\n\n<p><strong>Fecha: <\/strong>5 de mayo \u2013 Evento Cient\u00edfico<\/p>\n\n\n\n<p><strong>Local: <\/strong>Escenario Futuro \u2013 Expo Center Norte \u2013 S\u00e3o Paulo (SP)<\/p>\n\n\n\n<p><strong>Consulta el calendario de participaci\u00f3n de Padi, de CBR:<\/strong><\/p>\n\n\n\n<p><strong>De 13:30 a 13:45<\/strong> \/ Conferencia inaugural \/ Ponente: Dr. Luis Ronan Souza \u2013 Radi\u00f3logo \u2013 Director de CBR<\/p>\n\n\n\n<p><strong>13:45 a 14:10<\/strong> \/ Telerradiolog\u00eda \/ Ponente: Dra. Alexandra Monteiro \u2013 M\u00e9dica Radi\u00f3loga Coordinadora de la Comisi\u00f3n de Innovaci\u00f3n y Telerradiolog\u00eda del CBR<\/p>\n\n\n\n<p><strong>14:10 a 14:35 <\/strong>\/ Tendencias en el Segmento de Radiolog\u00eda y Diagn\u00f3stico por Im\u00e1genes \/ Ponente: Carlos Moura \u2013 Economista y Asesor Econ\u00f3mico de CBR<\/p>\n\n\n\n<p><strong>14:35 a 15:00<\/strong> \/ Inteligencia Artificial en Imagen \/ Ponente: Dr. Paulo Kuriki \u2013 Radi\u00f3logo \u2013 L\u00edder de Inteligencia Artificial en Diagn\u00f3stico por Im\u00e1genes \u2013 Dasa<\/p>\n\n\n\n<div class=\"wp-block-buttons is-layout-flex wp-block-buttons-is-layout-flex\">\n<div class=\"wp-block-button\"><a class=\"wp-block-button__link\" href=\"https:\/\/medicalfair-brasil.com.br\/pt\/\" target=\"_blank\" rel=\"noreferrer noopener\"><strong>Suscribirse<\/strong><\/a><\/div>\n<\/div>\n\n\n\n<p>La edici\u00f3n brasile\u00f1a de MEDICAL comenz\u00f3 a organizarse en 2019. Seg\u00fan los creadores, Brasil representa el octavo mercado mundial de salud y funciona como un importante eje potencial de negocios para Am\u00e9rica Latina. Los organizadores del evento revelan que el 70% de los inscritos para visitar la feria son profesionales que deciden a la hora de comprar y se\u00f1alan que MFB representa una oportunidad para conectar con m\u00e1s de 30.000 profesionales.<\/p>\n\n\n\n<p><strong>Feria M\u00e9dica Brasil (MFB)<\/strong><\/p>\n\n\n\n<p>3 al 6 de mayo de 2022 \u2013 13h a 20h<\/p>\n\n\n\n<p>Expo Center Norte \u2013 S\u00e3o Paulo (SP)<\/p>\n\n\n\n<p><a href=\"http:\/\/www.medicalfair-brasil.com.br\">www.medicalfair-brasil.com.br<\/a><\/p>","protected":false},"excerpt":{"rendered":"<p>Conferencia de Apertura, Telerradiolog\u00eda, Tendencias para el Segmento e Inteligencia Artificial ser\u00e1n temas presentados por la facultad, en la feria que se realiza en S\u00e3o Paulo y tiene como objetivo conectar a m\u00e1s de 30.000 profesionales Del 3 al 6 de mayo, la Feria M\u00e9dica Brasil (MFB) tendr\u00e1 lugar en el Expo Center Norte de S\u00e3o Paulo (SP). La feria es\u2026 <a href=\"https:\/\/cbr.org.br\/es\/cbr-confirma-presenca-na-medical-fair-brasil\/\">Sigue leyendo<\/a><\/p>","protected":false},"author":8,"featured_media":41310,"comment_status":"closed","ping_status":"","sticky":false,"template":"","format":"standard","meta":{"_acf_changed":false,"footnotes":""},"categories":[494],"tags":[122],"class_list":["post-40802","post","type-post","status-publish","format-standard","has-post-thumbnail","hentry","category-cbr-clinicas","tag-abcdi"],"acf":[],"_links":{"self":[{"href":"https:\/\/cbr.org.br\/es\/wp-json\/wp\/v2\/posts\/40802","targetHints":{"allow":["GET"]}}],"collection":[{"href":"https:\/\/cbr.org.br\/es\/wp-json\/wp\/v2\/posts"}],"about":[{"href":"https:\/\/cbr.org.br\/es\/wp-json\/wp\/v2\/types\/post"}],"author":[{"embeddable":true,"href":"https:\/\/cbr.org.br\/es\/wp-json\/wp\/v2\/users\/8"}],"replies":[{"embeddable":true,"href":"https:\/\/cbr.org.br\/es\/wp-json\/wp\/v2\/comments?post=40802"}],"version-history":[{"count":3,"href":"https:\/\/cbr.org.br\/es\/wp-json\/wp\/v2\/posts\/40802\/revisions"}],"predecessor-version":[{"id":41387,"href":"https:\/\/cbr.org.br\/es\/wp-json\/wp\/v2\/posts\/40802\/revisions\/41387"}],"wp:featuredmedia":[{"embeddable":true,"href":"https:\/\/cbr.org.br\/es\/wp-json\/wp\/v2\/media\/41310"}],"wp:attachment":[{"href":"https:\/\/cbr.org.br\/es\/wp-json\/wp\/v2\/media?parent=40802"}],"wp:term":[{"taxonomy":"category","embeddable":true,"href":"https:\/\/cbr.org.br\/es\/wp-json\/wp\/v2\/categories?post=40802"},{"taxonomy":"post_tag","embeddable":true,"href":"https:\/\/cbr.org.br\/es\/wp-json\/wp\/v2\/tags?post=40802"}],"curies":[{"name":"wp","href":"https:\/\/api.w.org\/{rel}","templated":true}]}}