{"id":41496,"date":"2022-05-12T16:42:37","date_gmt":"2022-05-12T19:42:37","guid":{"rendered":"https:\/\/cbr.org.br\/?p=41496"},"modified":"2022-05-30T09:23:44","modified_gmt":"2022-05-30T12:23:44","slug":"cbr-abre-espaco-para-destacar-participacao-de-radiologistas-em-eventos-internacionais","status":"publish","type":"post","link":"https:\/\/cbr.org.br\/es\/cbr-abre-espaco-para-destacar-participacao-de-radiologistas-em-eventos-internacionais\/","title":{"rendered":"CBR abre espacio para destacar la participaci\u00f3n de radi\u00f3logos en eventos internacionales"},"content":{"rendered":"<p>Para agradecer y honrar a quienes representan la radiolog\u00eda brasile\u00f1a en el mundo, el Colegio Brasile\u00f1o de Radiolog\u00eda y Diagn\u00f3stico por Im\u00e1genes (CBR) abre un espacio en sus canales de comunicaci\u00f3n para divulgar la participaci\u00f3n de radi\u00f3logos brasile\u00f1os en eventos internacionales.<br><br>La calidad de nuestros colegas ha sido reconocida a nivel mundial. Como resultado, muchos radi\u00f3logos brasile\u00f1os han sido invitados a ense\u00f1ar en importantes congresos en el extranjero promovidos por sociedades internacionales. Este movimiento permite promover la excelencia de la especialidad practicada en Brasil y ha ayudado a abrir puertas para aquellos que desean tener una experiencia educativa o profesional en otro pa\u00eds.<br><br>Para incentivar y reconocer a los grandes profesionales de la radiolog\u00eda brasile\u00f1a que comparten su experiencia y conocimiento con el mundo, el CBR recoger\u00e1 peri\u00f3dicamente carteles para la participaci\u00f3n en eventos internacionales y los difundir\u00e1.<\/p>\n\n\n\n<h2 class=\"wp-block-heading\">Radi\u00f3logos brasile\u00f1os en el mundo<\/h2>\n\n\n\n<p><em>Por favor env\u00ede la siguiente informaci\u00f3n al correo electr\u00f3nico<strong> internacional@cbr.org.br<\/strong>.<\/em><\/p>\n\n\n\n<ul class=\"wp-block-list\"><li>Nombre del profesor asociado a CBR;<\/li><li>Educaci\u00f3n en el hogar;<\/li><li>evento al aire libre;<\/li><li>Organizaci\u00f3n de la sociedad;<\/li><li>Tema(s) abordado(s) en la(s) clase(s). <\/li><\/ul>\n\n\n\n<p>CBR estar\u00e1 encantada y orgullosa de dar a conocer la inserci\u00f3n de sus integrantes en el panorama mundial, lo que fortalece la especialidad e incentiva a nuevos talentos a seguir el camino abierto por sus brillantes antecesores. <\/p>\n\n\n\n<p><strong><em>\u00a1Comparta y corra la voz sobre su merecido \u00e9xito!<\/em><\/strong><\/p>","protected":false},"excerpt":{"rendered":"<p>La CBR estar\u00e1 encantada y orgullosa de divulgar la inserci\u00f3n de sus miembros en el escenario mundial. \u00a1Comparta y corra la voz sobre su merecido \u00e9xito!<\/p>","protected":false},"author":16,"featured_media":41521,"comment_status":"closed","ping_status":"","sticky":false,"template":"","format":"standard","meta":{"_acf_changed":false,"footnotes":""},"categories":[493,10],"tags":[50,96,66,505],"class_list":["post-41496","post","type-post","status-publish","format-standard","has-post-thumbnail","hentry","category-cbr-sociedade","category-institucional","tag-cbr","tag-radiologia","tag-radiologista","tag-radiologistas-pelo-mundo"],"acf":[],"_links":{"self":[{"href":"https:\/\/cbr.org.br\/es\/wp-json\/wp\/v2\/posts\/41496","targetHints":{"allow":["GET"]}}],"collection":[{"href":"https:\/\/cbr.org.br\/es\/wp-json\/wp\/v2\/posts"}],"about":[{"href":"https:\/\/cbr.org.br\/es\/wp-json\/wp\/v2\/types\/post"}],"author":[{"embeddable":true,"href":"https:\/\/cbr.org.br\/es\/wp-json\/wp\/v2\/users\/16"}],"replies":[{"embeddable":true,"href":"https:\/\/cbr.org.br\/es\/wp-json\/wp\/v2\/comments?post=41496"}],"version-history":[{"count":3,"href":"https:\/\/cbr.org.br\/es\/wp-json\/wp\/v2\/posts\/41496\/revisions"}],"predecessor-version":[{"id":41702,"href":"https:\/\/cbr.org.br\/es\/wp-json\/wp\/v2\/posts\/41496\/revisions\/41702"}],"wp:featuredmedia":[{"embeddable":true,"href":"https:\/\/cbr.org.br\/es\/wp-json\/wp\/v2\/media\/41521"}],"wp:attachment":[{"href":"https:\/\/cbr.org.br\/es\/wp-json\/wp\/v2\/media?parent=41496"}],"wp:term":[{"taxonomy":"category","embeddable":true,"href":"https:\/\/cbr.org.br\/es\/wp-json\/wp\/v2\/categories?post=41496"},{"taxonomy":"post_tag","embeddable":true,"href":"https:\/\/cbr.org.br\/es\/wp-json\/wp\/v2\/tags?post=41496"}],"curies":[{"name":"wp","href":"https:\/\/api.w.org\/{rel}","templated":true}]}}