{"id":41723,"date":"2022-05-27T10:00:41","date_gmt":"2022-05-27T13:00:41","guid":{"rendered":"https:\/\/cbr.org.br\/?p=41723"},"modified":"2022-06-21T17:39:12","modified_gmt":"2022-06-21T20:39:12","slug":"ponto-de-encontro-dicas-de-viena-para-quem-vai-prestigiar-o-ecr-2022-museus","status":"publish","type":"post","link":"https:\/\/cbr.org.br\/es\/ponto-de-encontro-dicas-de-viena-para-quem-vai-prestigiar-o-ecr-2022-museus\/","title":{"rendered":"Punto de Encuentro | Consejos de Viena para los asistentes a ECR 2022: Museos"},"content":{"rendered":"<p>Se acerca la hora de otro Congreso Europeo de Radiolog\u00eda (ECR), que se llevar\u00e1 a cabo del 13 al 17 de julio, en Viena, Austria, nuevamente de manera completamente presencial. La radiolog\u00eda brasile\u00f1a volver\u00e1 a estar representada por directores y asociados de CBR. Para hacer esto grandioso <a data-type=\"URL\" data-id=\"https:\/\/www.myesr.org\/congress\" href=\"https:\/\/www.myesr.org\/congress\" target=\"_blank\" rel=\"noreferrer noopener\">ECR 2022<\/a> A\u00fan m\u00e1s sorprendente, el CBR cre\u00f3 la secci\u00f3n Punto de encuentro, con consejos para que los colegas radi\u00f3logos disfruten en Viena adem\u00e1s de las valiosas atracciones del Congreso. <strong>El tema de esta edici\u00f3n es: MUSEOS.<\/strong><\/p>\n\n\n\n<p class=\"has-text-align-center has-black-color has-text-color\"><strong>MUSEO DEL PALACIO DE BELVEDERE<\/strong><\/p>\n\n\n\n<figure class=\"wp-block-image size-full\"><img fetchpriority=\"high\" decoding=\"async\" width=\"1800\" height=\"750\" src=\"https:\/\/cbr.org.br\/wp-content\/uploads\/2022\/05\/BELVEDERE-PALACE-MUSEUM.jpg\" alt=\"\" class=\"wp-image-41724\" srcset=\"https:\/\/cbr.org.br\/wp-content\/uploads\/2022\/05\/BELVEDERE-PALACE-MUSEUM.jpg 1800w, https:\/\/cbr.org.br\/wp-content\/uploads\/2022\/05\/BELVEDERE-PALACE-MUSEUM-960x400.jpg 960w, https:\/\/cbr.org.br\/wp-content\/uploads\/2022\/05\/BELVEDERE-PALACE-MUSEUM-450x188.jpg 450w, https:\/\/cbr.org.br\/wp-content\/uploads\/2022\/05\/BELVEDERE-PALACE-MUSEUM-768x320.jpg 768w, https:\/\/cbr.org.br\/wp-content\/uploads\/2022\/05\/BELVEDERE-PALACE-MUSEUM-1536x640.jpg 1536w\" sizes=\"(max-width: 1800px) 100vw, 1800px\" \/><figcaption>Foto: Shutterstock<\/figcaption><\/figure>\n\n\n\n<p>Es el museo m\u00e1s famoso de Viena. El palacio barroco alberga grandes obras, como el cuadro \u201cEl beso\u201d, de Gustav Klimt, y lienzos del pintor expresionista Egon Schiele.<\/p>\n\n\n\n<p class=\"has-text-align-center\"><strong>SCH\u00d6NBRUNN<\/strong><\/p>\n\n\n\n<figure class=\"wp-block-image size-full\"><img decoding=\"async\" width=\"1800\" height=\"750\" src=\"https:\/\/cbr.org.br\/wp-content\/uploads\/2022\/05\/SCHONBRUNN.jpg\" alt=\"\" class=\"wp-image-41725\" srcset=\"https:\/\/cbr.org.br\/wp-content\/uploads\/2022\/05\/SCHONBRUNN.jpg 1800w, https:\/\/cbr.org.br\/wp-content\/uploads\/2022\/05\/SCHONBRUNN-960x400.jpg 960w, https:\/\/cbr.org.br\/wp-content\/uploads\/2022\/05\/SCHONBRUNN-450x188.jpg 450w, https:\/\/cbr.org.br\/wp-content\/uploads\/2022\/05\/SCHONBRUNN-768x320.jpg 768w, https:\/\/cbr.org.br\/wp-content\/uploads\/2022\/05\/SCHONBRUNN-1536x640.jpg 1536w\" sizes=\"(max-width: 1800px) 100vw, 1800px\" \/><figcaption>Foto: Shutterstock<\/figcaption><\/figure>\n\n\n\n<p>El palacio fue la residencia de verano de la familia imperial, con sus hermosas estancias y estancias decoradas al estilo rococ\u00f3. Es Patrimonio de la Humanidad por la UNESCO.<\/p>\n\n\n\n<p class=\"has-text-align-center\"><strong>MUSEO LEOPOLDO&nbsp;<\/strong><\/p>\n\n\n\n<figure class=\"wp-block-image size-full\"><img decoding=\"async\" width=\"1800\" height=\"750\" src=\"https:\/\/cbr.org.br\/wp-content\/uploads\/2022\/05\/LEOPOLD-MUSEUM.jpg\" alt=\"\" class=\"wp-image-41726\" srcset=\"https:\/\/cbr.org.br\/wp-content\/uploads\/2022\/05\/LEOPOLD-MUSEUM.jpg 1800w, https:\/\/cbr.org.br\/wp-content\/uploads\/2022\/05\/LEOPOLD-MUSEUM-960x400.jpg 960w, https:\/\/cbr.org.br\/wp-content\/uploads\/2022\/05\/LEOPOLD-MUSEUM-450x188.jpg 450w, https:\/\/cbr.org.br\/wp-content\/uploads\/2022\/05\/LEOPOLD-MUSEUM-768x320.jpg 768w, https:\/\/cbr.org.br\/wp-content\/uploads\/2022\/05\/LEOPOLD-MUSEUM-1536x640.jpg 1536w\" sizes=\"(max-width: 1800px) 100vw, 1800px\" \/><figcaption>Foto: Shutterstock<\/figcaption><\/figure>\n\n\n\n<p>Re\u00fane algunas de las obras de arte m\u00e1s importantes de Austria, de artistas como Egon Schiele, Gustav Klimt y Oskar Kokoschka.<\/p>\n\n\n\n<p class=\"has-text-align-center\"><strong>HOLFBURG<\/strong><\/p>\n\n\n\n<figure class=\"wp-block-image size-full\"><img loading=\"lazy\" decoding=\"async\" width=\"1800\" height=\"750\" src=\"https:\/\/cbr.org.br\/wp-content\/uploads\/2022\/05\/HOLFBURG.jpg\" alt=\"\" class=\"wp-image-41727\" srcset=\"https:\/\/cbr.org.br\/wp-content\/uploads\/2022\/05\/HOLFBURG.jpg 1800w, https:\/\/cbr.org.br\/wp-content\/uploads\/2022\/05\/HOLFBURG-960x400.jpg 960w, https:\/\/cbr.org.br\/wp-content\/uploads\/2022\/05\/HOLFBURG-450x188.jpg 450w, https:\/\/cbr.org.br\/wp-content\/uploads\/2022\/05\/HOLFBURG-768x320.jpg 768w, https:\/\/cbr.org.br\/wp-content\/uploads\/2022\/05\/HOLFBURG-1536x640.jpg 1536w\" sizes=\"(max-width: 1800px) 100vw, 1800px\" \/><figcaption>Foto: Shutterstock<\/figcaption><\/figure>\n\n\n\n<p>El Palacio Imperial alberga una exposici\u00f3n en honor a la rebelde emperatriz Isabel, Sisi. Re\u00fane vestidos, documentos, efectos personales y otros objetos.<\/p>\n\n\n\n<p class=\"has-text-align-center\"><strong>MUSEO DE ALBERTINA<\/strong><\/p>\n\n\n\n<figure class=\"wp-block-image size-full\"><img loading=\"lazy\" decoding=\"async\" width=\"1800\" height=\"750\" src=\"https:\/\/cbr.org.br\/wp-content\/uploads\/2022\/05\/ALBERTINA-MUSEUM.jpg\" alt=\"\" class=\"wp-image-41728\" srcset=\"https:\/\/cbr.org.br\/wp-content\/uploads\/2022\/05\/ALBERTINA-MUSEUM.jpg 1800w, https:\/\/cbr.org.br\/wp-content\/uploads\/2022\/05\/ALBERTINA-MUSEUM-960x400.jpg 960w, https:\/\/cbr.org.br\/wp-content\/uploads\/2022\/05\/ALBERTINA-MUSEUM-450x188.jpg 450w, https:\/\/cbr.org.br\/wp-content\/uploads\/2022\/05\/ALBERTINA-MUSEUM-768x320.jpg 768w, https:\/\/cbr.org.br\/wp-content\/uploads\/2022\/05\/ALBERTINA-MUSEUM-1536x640.jpg 1536w\" sizes=\"(max-width: 1800px) 100vw, 1800px\" \/><figcaption>Foto: Shutterstock<\/figcaption><\/figure>\n\n\n\n<p>La colecci\u00f3n incluye obras de genios como Pablo Picasso, Edvard Munch, Marc Chagall y Albrecht D\u00fcrer.<\/p>\n\n\n\n<p class=\"has-text-align-center\"><strong>MUSEO BEETHOVEN&nbsp;<\/strong><\/p>\n\n\n\n<figure class=\"wp-block-image size-full\"><img loading=\"lazy\" decoding=\"async\" width=\"1800\" height=\"750\" src=\"https:\/\/cbr.org.br\/wp-content\/uploads\/2022\/05\/BEETHOVEN-MUSEUM.jpg\" alt=\"\" class=\"wp-image-41729\" srcset=\"https:\/\/cbr.org.br\/wp-content\/uploads\/2022\/05\/BEETHOVEN-MUSEUM.jpg 1800w, https:\/\/cbr.org.br\/wp-content\/uploads\/2022\/05\/BEETHOVEN-MUSEUM-960x400.jpg 960w, https:\/\/cbr.org.br\/wp-content\/uploads\/2022\/05\/BEETHOVEN-MUSEUM-450x188.jpg 450w, https:\/\/cbr.org.br\/wp-content\/uploads\/2022\/05\/BEETHOVEN-MUSEUM-768x320.jpg 768w, https:\/\/cbr.org.br\/wp-content\/uploads\/2022\/05\/BEETHOVEN-MUSEUM-1536x640.jpg 1536w\" sizes=\"(max-width: 1800px) 100vw, 1800px\" \/><figcaption>Foto: Shutterstock<\/figcaption><\/figure>\n\n\n\n<p>Una de las casas donde vivi\u00f3 Beethoven. Re\u00fane documentos, instrumentos y curiosidades sobre la vida del artista.<\/p>\n\n\n\n<p><strong>No se pierda el ECR y comparta sus publicaciones en las redes sociales sobre el Congreso y los encantos de Viena con los hashtags #CBRnoECR2022 #ECR2022 #Radiology #Vienna #CBR.<\/strong><\/p>\n\n\n\n<p>\u00a1Nos vemos en Viena!<\/p>\n\n\n\n<h3 class=\"wp-block-heading\"><strong>Lea tambi\u00e9n: <a data-type=\"URL\" data-id=\"https:\/\/cbr.org.br\/ponto-de-encontro-envie-suas-dicas-de-viena-para-os-colegas-que-vao-ao-ecr-22\/\" href=\"https:\/\/cbr.org.br\/es\/ponto-de-encontro-envie-suas-dicas-de-viena-para-os-colegas-que-vao-ao-ecr-22\/\" target=\"_blank\" rel=\"noreferrer noopener\">Punto de encuentro: env\u00ede sus consejos de Viena a los colegas que van a ECR 2022<\/a><\/strong><\/h3>","protected":false},"excerpt":{"rendered":"<p>Para que este grandioso ECR 2022 sea a\u00fan m\u00e1s memorable, el CBR cre\u00f3 la secci\u00f3n Punto de encuentro, con consejos para que los compa\u00f1eros radi\u00f3logos disfruten en Viena.<\/p>","protected":false},"author":16,"featured_media":41947,"comment_status":"closed","ping_status":"closed","sticky":false,"template":"","format":"standard","meta":{"_acf_changed":false,"footnotes":""},"categories":[493],"tags":[50,523,522,521,293,268],"class_list":["post-41723","post","type-post","status-publish","format-standard","has-post-thumbnail","hentry","category-cbr-sociedade","tag-cbr","tag-congresso-radiologia","tag-ecr","tag-ecr-2022","tag-radiologistas","tag-viena"],"acf":[],"_links":{"self":[{"href":"https:\/\/cbr.org.br\/es\/wp-json\/wp\/v2\/posts\/41723","targetHints":{"allow":["GET"]}}],"collection":[{"href":"https:\/\/cbr.org.br\/es\/wp-json\/wp\/v2\/posts"}],"about":[{"href":"https:\/\/cbr.org.br\/es\/wp-json\/wp\/v2\/types\/post"}],"author":[{"embeddable":true,"href":"https:\/\/cbr.org.br\/es\/wp-json\/wp\/v2\/users\/16"}],"replies":[{"embeddable":true,"href":"https:\/\/cbr.org.br\/es\/wp-json\/wp\/v2\/comments?post=41723"}],"version-history":[{"count":2,"href":"https:\/\/cbr.org.br\/es\/wp-json\/wp\/v2\/posts\/41723\/revisions"}],"predecessor-version":[{"id":41800,"href":"https:\/\/cbr.org.br\/es\/wp-json\/wp\/v2\/posts\/41723\/revisions\/41800"}],"wp:featuredmedia":[{"embeddable":true,"href":"https:\/\/cbr.org.br\/es\/wp-json\/wp\/v2\/media\/41947"}],"wp:attachment":[{"href":"https:\/\/cbr.org.br\/es\/wp-json\/wp\/v2\/media?parent=41723"}],"wp:term":[{"taxonomy":"category","embeddable":true,"href":"https:\/\/cbr.org.br\/es\/wp-json\/wp\/v2\/categories?post=41723"},{"taxonomy":"post_tag","embeddable":true,"href":"https:\/\/cbr.org.br\/es\/wp-json\/wp\/v2\/tags?post=41723"}],"curies":[{"name":"wp","href":"https:\/\/api.w.org\/{rel}","templated":true}]}}