{"id":41778,"date":"2022-06-03T17:15:58","date_gmt":"2022-06-03T20:15:58","guid":{"rendered":"https:\/\/cbr.org.br\/?p=41778"},"modified":"2022-06-21T17:38:04","modified_gmt":"2022-06-21T20:38:04","slug":"ponto-de-encontro-dicas-de-viena-para-quem-vai-ao-ecr-2022-restaurantes-e-cafes","status":"publish","type":"post","link":"https:\/\/cbr.org.br\/es\/ponto-de-encontro-dicas-de-viena-para-quem-vai-ao-ecr-2022-restaurantes-e-cafes\/","title":{"rendered":"Punto de Encuentro | Consejos de Viena para los visitantes de ECR 2022: restaurantes y caf\u00e9s"},"content":{"rendered":"<p class=\"has-text-align-left\">Se acerca la hora de otro Congreso Europeo de Radiolog\u00eda (ECR), que se llevar\u00e1 a cabo del 13 al 17 de julio, en Viena, Austria, nuevamente de manera completamente presencial. La radiolog\u00eda brasile\u00f1a volver\u00e1 a estar representada por directores y asociados de CBR. Para hacer que este grandioso ECR 2022 sea a\u00fan m\u00e1s notable, el CBR cre\u00f3 la secci\u00f3n Punto de encuentro, con consejos para que los compa\u00f1eros radi\u00f3logos disfruten en Viena adem\u00e1s de las valiosas atracciones del Congreso. <strong>El tema de la semana es: Restaurantes y caf\u00e9s.<\/strong><\/p>\n\n\n\n<p class=\"has-text-align-left\">\u00a1Nos vemos en Viena!<\/p>\n\n\n\n<p class=\"has-text-align-center\"><strong>DAS LOFT<\/strong><\/p>\n\n\n\n<figure class=\"wp-block-image aligncenter size-full\"><a href=\"https:\/\/www.dasloftwien.at\/en\/\" target=\"_blank\" rel=\"noreferrer noopener\"><img fetchpriority=\"high\" decoding=\"async\" width=\"564\" height=\"250\" src=\"https:\/\/cbr.org.br\/wp-content\/uploads\/2022\/06\/news-letter_ECR-2022_slide-2.png\" alt=\"ecr 2022 cbr\" class=\"wp-image-41785\" srcset=\"https:\/\/cbr.org.br\/wp-content\/uploads\/2022\/06\/news-letter_ECR-2022_slide-2.png 564w, https:\/\/cbr.org.br\/wp-content\/uploads\/2022\/06\/news-letter_ECR-2022_slide-2-450x199.png 450w, https:\/\/cbr.org.br\/wp-content\/uploads\/2022\/06\/news-letter_ECR-2022_slide-2-18x8.png 18w\" sizes=\"(max-width: 564px) 100vw, 564px\" \/><\/a><\/figure>\n\n\n\n<p class=\"has-text-align-center\">Ubicado en el Hotel Sofitel Vienna Stephansdom, tiene un ambiente encantador y ofrece una vista incre\u00edble de Viena.<\/p>\n\n\n\n<p class=\"has-text-align-center\"><strong>CAF\u00c9 LANDTMANN&nbsp;<\/strong> <\/p>\n\n\n\n<figure class=\"wp-block-image aligncenter size-full\"><a href=\"https:\/\/www.landtmann.at\/en\/cafe-landtmann.html\" target=\"_blank\" rel=\"noreferrer noopener\"><img decoding=\"async\" width=\"564\" height=\"250\" src=\"https:\/\/cbr.org.br\/wp-content\/uploads\/2022\/06\/news-letter_ECR-2022_slide-3.png\" alt=\"ecr 2022 cbr\" class=\"wp-image-41786\" srcset=\"https:\/\/cbr.org.br\/wp-content\/uploads\/2022\/06\/news-letter_ECR-2022_slide-3.png 564w, https:\/\/cbr.org.br\/wp-content\/uploads\/2022\/06\/news-letter_ECR-2022_slide-3-450x199.png 450w, https:\/\/cbr.org.br\/wp-content\/uploads\/2022\/06\/news-letter_ECR-2022_slide-3-18x8.png 18w\" sizes=\"(max-width: 564px) 100vw, 564px\" \/><\/a><\/figure>\n\n\n\n<p class=\"has-text-align-center\">En funcionamiento desde 1873, fue frecuentado por grandes artistas e intelectuales austriacos, como Sigmund Freud.<\/p>\n\n\n\n<p class=\"has-text-align-center\"><strong>RESTAURANTE KONSTANTIN FILIPPOU<\/strong><\/p>\n\n\n\n<figure class=\"wp-block-image aligncenter size-full\"><a href=\"https:\/\/konstantinfilippou.com\/restaurant\/\" target=\"_blank\" rel=\"noreferrer noopener\"><img decoding=\"async\" width=\"564\" height=\"250\" src=\"https:\/\/cbr.org.br\/wp-content\/uploads\/2022\/06\/news-letter_ECR-2022_slide-4.png\" alt=\"\" class=\"wp-image-41787\" srcset=\"https:\/\/cbr.org.br\/wp-content\/uploads\/2022\/06\/news-letter_ECR-2022_slide-4.png 564w, https:\/\/cbr.org.br\/wp-content\/uploads\/2022\/06\/news-letter_ECR-2022_slide-4-450x199.png 450w, https:\/\/cbr.org.br\/wp-content\/uploads\/2022\/06\/news-letter_ECR-2022_slide-4-18x8.png 18w\" sizes=\"(max-width: 564px) 100vw, 564px\" \/><\/a><\/figure>\n\n\n\n<p class=\"has-text-align-center\">Situado a las afueras de la Catedral de Viena, ofrece cocina europea en un ambiente acogedor.<\/p>\n\n\n\n<p class=\"has-text-align-center\"><strong>CONFITER\u00cdA DEMEL<\/strong><\/p>\n\n\n\n<figure class=\"wp-block-image aligncenter size-full\"><a href=\"https:\/\/www.demel.com\/en\/\" target=\"_blank\" rel=\"noreferrer noopener\"><img loading=\"lazy\" decoding=\"async\" width=\"564\" height=\"250\" src=\"https:\/\/cbr.org.br\/wp-content\/uploads\/2022\/06\/news-letter_ECR-2022_slide-5.png\" alt=\"\" class=\"wp-image-41788\" srcset=\"https:\/\/cbr.org.br\/wp-content\/uploads\/2022\/06\/news-letter_ECR-2022_slide-5.png 564w, https:\/\/cbr.org.br\/wp-content\/uploads\/2022\/06\/news-letter_ECR-2022_slide-5-450x199.png 450w, https:\/\/cbr.org.br\/wp-content\/uploads\/2022\/06\/news-letter_ECR-2022_slide-5-18x8.png 18w\" sizes=\"(max-width: 564px) 100vw, 564px\" \/><\/a><\/figure>\n\n\n\n<p class=\"has-text-align-center\">Fundada en 1786, produc\u00eda dulces consumidos por la Corte del Imperio Austro-H\u00fangaro. Una de las pasteler\u00edas favoritas de la emperatriz Sisi.<\/p>\n\n\n\n<p class=\"has-text-align-center\"><strong>LEMA DEL RESTAURANTE Y BAR<\/strong> <\/p>\n\n\n\n<figure class=\"wp-block-image aligncenter size-full\"><a href=\"https:\/\/motto.wien\/en\/\" target=\"_blank\" rel=\"noreferrer noopener\"><img loading=\"lazy\" decoding=\"async\" width=\"564\" height=\"250\" src=\"https:\/\/cbr.org.br\/wp-content\/uploads\/2022\/06\/news-letter_ECR-2022_slide-6.png\" alt=\"\" class=\"wp-image-41789\" srcset=\"https:\/\/cbr.org.br\/wp-content\/uploads\/2022\/06\/news-letter_ECR-2022_slide-6.png 564w, https:\/\/cbr.org.br\/wp-content\/uploads\/2022\/06\/news-letter_ECR-2022_slide-6-450x199.png 450w, https:\/\/cbr.org.br\/wp-content\/uploads\/2022\/06\/news-letter_ECR-2022_slide-6-18x8.png 18w\" sizes=\"(max-width: 564px) 100vw, 564px\" \/><\/a><\/figure>\n\n\n\n<p class=\"has-text-align-center\">Su men\u00fa incluye platos cl\u00e1sicos y originales de Viena, as\u00ed como delicias de la cocina internacional.<\/p>\n\n\n\n<p class=\"has-text-align-center\"><strong>CENTRO DE CAF\u00c9<\/strong> <\/p>\n\n\n\n<figure class=\"wp-block-image aligncenter size-full\"><a href=\"https:\/\/www.cafecentral.wien\/en\/\" target=\"_blank\" rel=\"noreferrer noopener\"><img loading=\"lazy\" decoding=\"async\" width=\"564\" height=\"250\" src=\"https:\/\/cbr.org.br\/wp-content\/uploads\/2022\/06\/news-letter_ECR-2022_slide-7.png\" alt=\"\" class=\"wp-image-41791\" srcset=\"https:\/\/cbr.org.br\/wp-content\/uploads\/2022\/06\/news-letter_ECR-2022_slide-7.png 564w, https:\/\/cbr.org.br\/wp-content\/uploads\/2022\/06\/news-letter_ECR-2022_slide-7-450x199.png 450w, https:\/\/cbr.org.br\/wp-content\/uploads\/2022\/06\/news-letter_ECR-2022_slide-7-18x8.png 18w\" sizes=\"(max-width: 564px) 100vw, 564px\" \/><\/a><\/figure>\n\n\n\n<p class=\"has-text-align-center\">Adem\u00e1s de especialidades de caf\u00e9 y pasteles, el men\u00fa ofrece platos vieneses cl\u00e1sicos.<\/p>\n\n\n\n<p class=\"has-text-align-center\"><strong>PARQUE WIRTSHAUS AM WASSER<\/strong> <\/p>\n\n\n\n<figure class=\"wp-block-image aligncenter size-full\"><a href=\"https:\/\/www.wirtshausamwasserpark.at\/\" target=\"_blank\" rel=\"noreferrer noopener\"><img loading=\"lazy\" decoding=\"async\" width=\"564\" height=\"250\" src=\"https:\/\/cbr.org.br\/wp-content\/uploads\/2022\/06\/news-letter_ECR-2022_slide-8.png\" alt=\"\" class=\"wp-image-41792\" srcset=\"https:\/\/cbr.org.br\/wp-content\/uploads\/2022\/06\/news-letter_ECR-2022_slide-8.png 564w, https:\/\/cbr.org.br\/wp-content\/uploads\/2022\/06\/news-letter_ECR-2022_slide-8-450x199.png 450w, https:\/\/cbr.org.br\/wp-content\/uploads\/2022\/06\/news-letter_ECR-2022_slide-8-18x8.png 18w\" sizes=\"(max-width: 564px) 100vw, 564px\" \/><\/a><\/figure>\n\n\n\n<p class=\"has-text-align-center\">Cercano al Centro, el restaurante ofrece platos para diferentes gustos, incluyendo alternativas vegetarianas y veganas.<\/p>\n\n\n\n<p class=\"has-text-align-center\"><strong>RESTAURANTE ROTE BAR<\/strong> <\/p>\n\n\n\n<figure class=\"wp-block-image aligncenter size-full\"><a href=\"https:\/\/www.sacher.com\/en\/restaurants\/restaurant-rote-bar\/\" target=\"_blank\" rel=\"noreferrer noopener\"><img loading=\"lazy\" decoding=\"async\" width=\"564\" height=\"250\" src=\"https:\/\/cbr.org.br\/wp-content\/uploads\/2022\/06\/news-letter_ECR-2022_slide-9.png\" alt=\"\" class=\"wp-image-41793\" srcset=\"https:\/\/cbr.org.br\/wp-content\/uploads\/2022\/06\/news-letter_ECR-2022_slide-9.png 564w, https:\/\/cbr.org.br\/wp-content\/uploads\/2022\/06\/news-letter_ECR-2022_slide-9-450x199.png 450w, https:\/\/cbr.org.br\/wp-content\/uploads\/2022\/06\/news-letter_ECR-2022_slide-9-18x8.png 18w\" sizes=\"(max-width: 564px) 100vw, 564px\" \/><\/a><\/figure>\n\n\n\n<p class=\"has-text-align-center\">Cl\u00e1sico y tradicional, el restaurante del Hotel Sacher, en el centro de Viena, tiene un ambiente acogedor propicio para una atm\u00f3sfera de romance a la antigua.<\/p>\n\n\n\n<div class=\"wp-block-buttons is-layout-flex wp-block-buttons-is-layout-flex\">\n<div class=\"wp-block-button aligncenter\"><a class=\"wp-block-button__link\" href=\"https:\/\/cbr.org.br\/es\/ponto-de-encontro-envie-suas-dicas-de-viena-para-os-colegas-que-vao-ao-ecr-22\/\" target=\"_blank\" rel=\"noreferrer noopener\"><strong>Env\u00ede sus consejos de Viena a los colegas que asistan a ECR 2022<\/strong><\/a><\/div>\n<\/div>\n\n\n\n<h3 class=\"has-text-align-center wp-block-heading\"><strong>Lea tambi\u00e9n:<a href=\"https:\/\/cbr.org.br\/es\/ponto-de-encontro-dicas-de-viena-para-quem-vai-prestigiar-o-ecr-2022-museus\/\" target=\"_blank\" rel=\"noreferrer noopener\"> Museos en Viena<\/a><\/strong><\/h3>\n\n\n\n<p><\/p>","protected":false},"excerpt":{"rendered":"<p>Para que este grandioso ECR 2022 sea a\u00fan m\u00e1s memorable, el CBR cre\u00f3 la secci\u00f3n Punto de encuentro, con consejos para que los compa\u00f1eros radi\u00f3logos disfruten en Viena.<\/p>","protected":false},"author":16,"featured_media":41949,"comment_status":"closed","ping_status":"closed","sticky":false,"template":"","format":"standard","meta":{"_acf_changed":false,"footnotes":""},"categories":[493],"tags":[521,525,293,268],"class_list":["post-41778","post","type-post","status-publish","format-standard","has-post-thumbnail","hentry","category-cbr-sociedade","tag-ecr-2022","tag-ponto-de-encontro","tag-radiologistas","tag-viena"],"acf":[],"_links":{"self":[{"href":"https:\/\/cbr.org.br\/es\/wp-json\/wp\/v2\/posts\/41778","targetHints":{"allow":["GET"]}}],"collection":[{"href":"https:\/\/cbr.org.br\/es\/wp-json\/wp\/v2\/posts"}],"about":[{"href":"https:\/\/cbr.org.br\/es\/wp-json\/wp\/v2\/types\/post"}],"author":[{"embeddable":true,"href":"https:\/\/cbr.org.br\/es\/wp-json\/wp\/v2\/users\/16"}],"replies":[{"embeddable":true,"href":"https:\/\/cbr.org.br\/es\/wp-json\/wp\/v2\/comments?post=41778"}],"version-history":[{"count":2,"href":"https:\/\/cbr.org.br\/es\/wp-json\/wp\/v2\/posts\/41778\/revisions"}],"predecessor-version":[{"id":41875,"href":"https:\/\/cbr.org.br\/es\/wp-json\/wp\/v2\/posts\/41778\/revisions\/41875"}],"wp:featuredmedia":[{"embeddable":true,"href":"https:\/\/cbr.org.br\/es\/wp-json\/wp\/v2\/media\/41949"}],"wp:attachment":[{"href":"https:\/\/cbr.org.br\/es\/wp-json\/wp\/v2\/media?parent=41778"}],"wp:term":[{"taxonomy":"category","embeddable":true,"href":"https:\/\/cbr.org.br\/es\/wp-json\/wp\/v2\/categories?post=41778"},{"taxonomy":"post_tag","embeddable":true,"href":"https:\/\/cbr.org.br\/es\/wp-json\/wp\/v2\/tags?post=41778"}],"curies":[{"name":"wp","href":"https:\/\/api.w.org\/{rel}","templated":true}]}}