{"id":41829,"date":"2022-06-10T09:32:08","date_gmt":"2022-06-10T12:32:08","guid":{"rendered":"https:\/\/cbr.org.br\/?p=41829"},"modified":"2022-06-10T09:32:08","modified_gmt":"2022-06-10T12:32:08","slug":"cbr-realizara-i-simposio-de-qualidade-e-gestao-de-clinicas-durante-congresso","status":"publish","type":"post","link":"https:\/\/cbr.org.br\/es\/cbr-realizara-i-simposio-de-qualidade-e-gestao-de-clinicas-durante-congresso\/","title":{"rendered":"CBR realizar\u00e1 el I Simposio sobre Calidad y Gesti\u00f3n de Cl\u00ednicas durante el Congreso"},"content":{"rendered":"<p>El Colegio Brasile\u00f1o de Radiolog\u00eda y Diagn\u00f3stico por Im\u00e1genes (CBR) realizar\u00e1 su 1er Simposio sobre Calidad y Gesti\u00f3n Cl\u00ednica. El evento tendr\u00e1 lugar entre el 1 y el 3 de septiembre, durante el 51\u00ba Congreso Brasile\u00f1o de Radiolog\u00eda (CBR22), en Florian\u00f3polis (SC), en la regi\u00f3n Centro-Sur. Hacia <a href=\"https:\/\/congressocbr.com.br\/site\/cbr2022\/qualidade-e-gesta-de-clinicas\" target=\"_blank\" rel=\"noreferrer noopener\">las inscripciones ya est\u00e1n abiertas<\/a>.<\/p>\n\n\n\n<p>El simposio ser\u00e1 un evento exclusivo centrado en la calidad y la gesti\u00f3n cl\u00ednica, con temas que abarcar\u00e1n pr\u00e1cticas seguras para la atenci\u00f3n centrada en el paciente, tendencias del mercado de la salud, estrategias y rendimiento de los servicios de im\u00e1genes.<\/p>\n\n\n\n<p>Ser\u00e1n 11 paneles con la presentaci\u00f3n de metodolog\u00edas, debates y casos de \u00e9xito de reconocidas instituciones que contribuyen al conocimiento y aplicaci\u00f3n de las mejores pr\u00e1cticas de gesti\u00f3n y calidad en los servicios de radiolog\u00eda e imagenolog\u00eda.<\/p>\n\n\n\n<p>\u201cLa cultura actual de gesti\u00f3n de la calidad en los servicios de im\u00e1genes aboga por el paciente en el centro de la atenci\u00f3n. Cada vez m\u00e1s los gestores de radiolog\u00eda y diagn\u00f3stico por imagen buscan modelos de gesti\u00f3n que apunten a la eficiencia de los procesos y la sostenibilidad del negocio\u201d, declara la organizaci\u00f3n del evento.<\/p>\n\n\n\n<p><strong>Los paneles tendr\u00e1n los siguientes temas:<\/strong><\/p>\n\n\n\n<p>- Apertura<\/p>\n\n\n\n<p>\u2013 Programa de Acreditaci\u00f3n de Diagn\u00f3stico por Im\u00e1genes (PADI)<\/p>\n\n\n\n<p>\u2013 Calidad en la agenda<\/p>\n\n\n\n<p>\u2013 LGPD como herramienta para la seguridad de la informaci\u00f3n<\/p>\n\n\n\n<p>\u2013 El Paciente en el Centro de Atenci\u00f3n<\/p>\n\n\n\n<p>\u2013 Acreditaci\u00f3n en Telerradiolog\u00eda<\/p>\n\n\n\n<p>\u2013 Programas de Sellos de Calidad<\/p>\n\n\n\n<p>\u2013 Indicadores para mejorar el rendimiento de la imagen<\/p>\n\n\n\n<p>\u2013 Crear equipos de radiolog\u00eda de alto rendimiento<\/p>\n\n\n\n<p>\u2013 Radi\u00f3logos que pagan<\/p>\n\n\n\n<p>\u2013 Tendencias del mercado de la salud<\/p>\n\n\n\n<p>\u2013 Mercado sanitario actual<\/p>\n\n\n\n<p><strong>Coordinaci\u00f3n<\/strong><\/p>\n\n\n\n<p>El I Simposio sobre Calidad y Gesti\u00f3n de Cl\u00ednicas del Colegio Brasile\u00f1o de Radiolog\u00eda e Imagen Diagn\u00f3stica es coordinado por Ruy Guimar\u00e3es, coordinador de la Comisi\u00f3n de Acreditaci\u00f3n en Imagen Diagn\u00f3stica (Cadi), Director Cl\u00ednico del Hospital Centro M\u00e9dico de Campinas; Linei Urban, coordinadora de la Comisi\u00f3n Nacional de Mamograf\u00eda de la CBR, responsable del Sector de Mama de la Cl\u00ednica DAPI, Curitiba (PR); y Luis Ronan Souza, Director de la Asociaci\u00f3n Brasile\u00f1a de Cl\u00ednicas de Diagn\u00f3stico por Im\u00e1genes (ABCDI), Profesor Asociado de Radiolog\u00eda de la Universidad Federal de Tri\u00e2ngulo Mineiro.<\/p>\n\n\n\n<h3 class=\"wp-block-heading\"><strong>I Simposio Calidad y Gesti\u00f3n Cl\u00ednica CBR<\/strong><\/h3>\n\n\n\n<p>Del 1 al 3 de septiembre, en Florian\u00f3polis (SC), en el Centro-Sul<\/p>\n\n\n\n<div class=\"wp-block-buttons is-layout-flex wp-block-buttons-is-layout-flex\">\n<div class=\"wp-block-button\"><a class=\"wp-block-button__link\" href=\"https:\/\/congressocbr.com.br\/site\/cbr2022\/qualidade-e-gesta-de-clinicas\" target=\"_blank\" rel=\"noreferrer noopener\"><strong>Suscribirse&nbsp;<\/strong><\/a><\/div>\n<\/div>","protected":false},"excerpt":{"rendered":"<p>El Colegio Brasile\u00f1o de Radiolog\u00eda y Diagn\u00f3stico por Im\u00e1genes (CBR) realizar\u00e1 su 1er Simposio sobre Calidad y Gesti\u00f3n Cl\u00ednica. <\/p>","protected":false},"author":16,"featured_media":41856,"comment_status":"closed","ping_status":"closed","sticky":false,"template":"","format":"standard","meta":{"_acf_changed":false,"footnotes":""},"categories":[494],"tags":[50,111,327,96],"class_list":["post-41829","post","type-post","status-publish","format-standard","has-post-thumbnail","hentry","category-cbr-clinicas","tag-cbr","tag-diagnostico-por-imagem","tag-gestao-de-clinicas","tag-radiologia"],"acf":[],"_links":{"self":[{"href":"https:\/\/cbr.org.br\/es\/wp-json\/wp\/v2\/posts\/41829","targetHints":{"allow":["GET"]}}],"collection":[{"href":"https:\/\/cbr.org.br\/es\/wp-json\/wp\/v2\/posts"}],"about":[{"href":"https:\/\/cbr.org.br\/es\/wp-json\/wp\/v2\/types\/post"}],"author":[{"embeddable":true,"href":"https:\/\/cbr.org.br\/es\/wp-json\/wp\/v2\/users\/16"}],"replies":[{"embeddable":true,"href":"https:\/\/cbr.org.br\/es\/wp-json\/wp\/v2\/comments?post=41829"}],"version-history":[{"count":3,"href":"https:\/\/cbr.org.br\/es\/wp-json\/wp\/v2\/posts\/41829\/revisions"}],"predecessor-version":[{"id":41857,"href":"https:\/\/cbr.org.br\/es\/wp-json\/wp\/v2\/posts\/41829\/revisions\/41857"}],"wp:featuredmedia":[{"embeddable":true,"href":"https:\/\/cbr.org.br\/es\/wp-json\/wp\/v2\/media\/41856"}],"wp:attachment":[{"href":"https:\/\/cbr.org.br\/es\/wp-json\/wp\/v2\/media?parent=41829"}],"wp:term":[{"taxonomy":"category","embeddable":true,"href":"https:\/\/cbr.org.br\/es\/wp-json\/wp\/v2\/categories?post=41829"},{"taxonomy":"post_tag","embeddable":true,"href":"https:\/\/cbr.org.br\/es\/wp-json\/wp\/v2\/tags?post=41829"}],"curies":[{"name":"wp","href":"https:\/\/api.w.org\/{rel}","templated":true}]}}