{"id":41859,"date":"2022-06-10T12:52:14","date_gmt":"2022-06-10T15:52:14","guid":{"rendered":"https:\/\/cbr.org.br\/?p=41859"},"modified":"2022-06-21T17:37:09","modified_gmt":"2022-06-21T20:37:09","slug":"ponto-de-encontro-dicas-de-viena-para-quem-vai-ao-ecr-2022-musica","status":"publish","type":"post","link":"https:\/\/cbr.org.br\/es\/ponto-de-encontro-dicas-de-viena-para-quem-vai-ao-ecr-2022-musica\/","title":{"rendered":"Punto de Encuentro | Consejos de Viena para los asistentes a ECR 2022: M\u00fasica"},"content":{"rendered":"<p>Se acerca la hora de otro Congreso Europeo de Radiolog\u00eda (ECR), que se llevar\u00e1 a cabo del 13 al 17 de julio, en Viena, Austria, nuevamente de manera completamente presencial. La radiolog\u00eda brasile\u00f1a volver\u00e1 a estar representada por directores y asociados de CBR. Para hacer que este grandioso ECR 2022 sea a\u00fan m\u00e1s notable, el CBR cre\u00f3 la secci\u00f3n Punto de encuentro, con consejos para que los compa\u00f1eros radi\u00f3logos disfruten en Viena adem\u00e1s de las valiosas atracciones del Congreso. <strong>El tema de la semana es: M\u00fasica.<\/strong><\/p>\n\n\n\n<p class=\"has-text-align-center\"><strong>\u00d3PERA ESTATAL DE VIENA<\/strong><\/p>\n\n\n\n<figure class=\"wp-block-image aligncenter size-full\"><a href=\"https:\/\/www.wiener-staatsoper.at\/en\/\" target=\"_blank\" rel=\"noreferrer noopener\"><img fetchpriority=\"high\" decoding=\"async\" width=\"600\" height=\"400\" src=\"https:\/\/cbr.org.br\/wp-content\/uploads\/2022\/06\/news-letter_ECR-2022_MUSICA_slide-2.png\" alt=\"ecr 2022 cbr\" class=\"wp-image-41860\" srcset=\"https:\/\/cbr.org.br\/wp-content\/uploads\/2022\/06\/news-letter_ECR-2022_MUSICA_slide-2.png 600w, https:\/\/cbr.org.br\/wp-content\/uploads\/2022\/06\/news-letter_ECR-2022_MUSICA_slide-2-381x254.png 381w, https:\/\/cbr.org.br\/wp-content\/uploads\/2022\/06\/news-letter_ECR-2022_MUSICA_slide-2-18x12.png 18w\" sizes=\"(max-width: 600px) 100vw, 600px\" \/><\/a><\/figure>\n\n\n\n<p>Con su gran edificio neorrenacentista inaugurado en 1869, la \u00d3pera Estatal de Viena es quiz\u00e1s el principal teatro de \u00f3pera del mundo.<\/p>\n\n\n\n<p class=\"has-text-align-center\"><strong>HAUS DER MUSIK<\/strong><\/p>\n\n\n\n<figure class=\"wp-block-image aligncenter size-full\"><a href=\"https:\/\/www.hausdermusik.com\/\" target=\"_blank\" rel=\"noreferrer noopener\"><img decoding=\"async\" width=\"600\" height=\"400\" src=\"https:\/\/cbr.org.br\/wp-content\/uploads\/2022\/06\/news-letter_ECR-2022_MUSICA_slide-3.png\" alt=\"\" class=\"wp-image-41861\" srcset=\"https:\/\/cbr.org.br\/wp-content\/uploads\/2022\/06\/news-letter_ECR-2022_MUSICA_slide-3.png 600w, https:\/\/cbr.org.br\/wp-content\/uploads\/2022\/06\/news-letter_ECR-2022_MUSICA_slide-3-381x254.png 381w, https:\/\/cbr.org.br\/wp-content\/uploads\/2022\/06\/news-letter_ECR-2022_MUSICA_slide-3-18x12.png 18w\" sizes=\"(max-width: 600px) 100vw, 600px\" \/><\/a><\/figure>\n\n\n\n<p>Un museo con varias atracciones interactivas sobre la historia de la m\u00fasica, destacando a los grandes compositores, y experiencias sonoras. <\/p>\n\n\n\n<p class=\"has-text-align-center\"><strong>CASA DE MOZART<\/strong><\/p>\n\n\n\n<figure class=\"wp-block-image aligncenter size-full\"><a href=\"https:\/\/www.mozarthausvienna.at\/en\" target=\"_blank\" rel=\"noreferrer noopener\"><img decoding=\"async\" width=\"600\" height=\"400\" src=\"https:\/\/cbr.org.br\/wp-content\/uploads\/2022\/06\/news-letter_ECR-2022_MUSICA_slide-4.png\" alt=\"\" class=\"wp-image-41862\" srcset=\"https:\/\/cbr.org.br\/wp-content\/uploads\/2022\/06\/news-letter_ECR-2022_MUSICA_slide-4.png 600w, https:\/\/cbr.org.br\/wp-content\/uploads\/2022\/06\/news-letter_ECR-2022_MUSICA_slide-4-381x254.png 381w, https:\/\/cbr.org.br\/wp-content\/uploads\/2022\/06\/news-letter_ECR-2022_MUSICA_slide-4-18x12.png 18w\" sizes=\"(max-width: 600px) 100vw, 600px\" \/><\/a><\/figure>\n\n\n\n<p>La Mozarthaus (Casa de Mozart) fue un apartamento en el que el compositor vivi\u00f3 desde 1784 hasta 1787 y donde compuso grandes obras. Todo el edificio se ha convertido en un museo sobre el compositor.<\/p>\n\n\n\n<p class=\"has-text-align-center\"><strong>MUSIKVEREIN&nbsp;<\/strong><\/p>\n\n\n\n<figure class=\"wp-block-image aligncenter size-full\"><a href=\"https:\/\/www.musikverein.at\/\" target=\"_blank\" rel=\"noreferrer noopener\"><img loading=\"lazy\" decoding=\"async\" width=\"600\" height=\"400\" src=\"https:\/\/cbr.org.br\/wp-content\/uploads\/2022\/06\/news-letter_ECR-2022_MUSICA_slide-5.png\" alt=\"\" class=\"wp-image-41863\" srcset=\"https:\/\/cbr.org.br\/wp-content\/uploads\/2022\/06\/news-letter_ECR-2022_MUSICA_slide-5.png 600w, https:\/\/cbr.org.br\/wp-content\/uploads\/2022\/06\/news-letter_ECR-2022_MUSICA_slide-5-381x254.png 381w, https:\/\/cbr.org.br\/wp-content\/uploads\/2022\/06\/news-letter_ECR-2022_MUSICA_slide-5-18x12.png 18w\" sizes=\"(max-width: 600px) 100vw, 600px\" \/><\/a><\/figure>\n\n\n\n<p>Inaugurado en 1870 y conocido por su arquitectura art\u00edstica, es considerado por muchos amantes de la m\u00fasica como el edificio de conciertos m\u00e1s hermoso del mundo. <\/p>\n\n\n\n<p class=\"has-text-align-center\"><strong>CEMENTERIO CENTRAL DE VIENA<\/strong><\/p>\n\n\n\n<figure class=\"wp-block-image aligncenter size-full\"><a href=\"https:\/\/www.friedhoefewien.at\/\" target=\"_blank\" rel=\"noreferrer noopener\"><img loading=\"lazy\" decoding=\"async\" width=\"600\" height=\"400\" src=\"https:\/\/cbr.org.br\/wp-content\/uploads\/2022\/06\/news-letter_ECR-2022_MUSICA_slide-6.png\" alt=\"\" class=\"wp-image-41864\" srcset=\"https:\/\/cbr.org.br\/wp-content\/uploads\/2022\/06\/news-letter_ECR-2022_MUSICA_slide-6.png 600w, https:\/\/cbr.org.br\/wp-content\/uploads\/2022\/06\/news-letter_ECR-2022_MUSICA_slide-6-381x254.png 381w, https:\/\/cbr.org.br\/wp-content\/uploads\/2022\/06\/news-letter_ECR-2022_MUSICA_slide-6-18x12.png 18w\" sizes=\"(max-width: 600px) 100vw, 600px\" \/><\/a><\/figure>\n\n\n\n<p>Es muy visitado por mel\u00f3manos de todo el mundo por albergar las \u201ctumbas de honor\u201d de genios como Beethoven, Franz Schubert (foto), Johannes Brahms y Johann Strauss.<\/p>\n\n\n\n<div class=\"wp-block-buttons is-layout-flex wp-block-buttons-is-layout-flex\">\n<div class=\"wp-block-button aligncenter\"><a class=\"wp-block-button__link\" href=\"https:\/\/cbr.org.br\/es\/ponto-de-encontro-envie-suas-dicas-de-viena-para-os-colegas-que-vao-ao-ecr-22\/\" target=\"_blank\" rel=\"noreferrer noopener\"><strong>Env\u00ede sus consejos de Viena a los colegas que asistan a ECR 2022<\/strong><\/a><\/div>\n<\/div>\n\n\n\n<p class=\"has-text-align-center\"><strong>Consejos para restaurantes y caf\u00e9s en Viena<\/strong><\/p>\n\n\n\n<figure class=\"wp-block-image aligncenter size-full\"><a href=\"https:\/\/cbr.org.br\/es\/ponto-de-encontro-dicas-de-viena-para-quem-vai-ao-ecr-2022-restaurantes-e-cafes\/\" target=\"_blank\" rel=\"noreferrer noopener\"><img loading=\"lazy\" decoding=\"async\" width=\"564\" height=\"250\" src=\"https:\/\/cbr.org.br\/wp-content\/uploads\/2022\/06\/news-letter_ECR-2022_slide-2.png\" alt=\"ecr 2022 cbr\" class=\"wp-image-41785\" srcset=\"https:\/\/cbr.org.br\/wp-content\/uploads\/2022\/06\/news-letter_ECR-2022_slide-2.png 564w, https:\/\/cbr.org.br\/wp-content\/uploads\/2022\/06\/news-letter_ECR-2022_slide-2-450x199.png 450w, https:\/\/cbr.org.br\/wp-content\/uploads\/2022\/06\/news-letter_ECR-2022_slide-2-18x8.png 18w\" sizes=\"(max-width: 564px) 100vw, 564px\" \/><\/a><\/figure>\n\n\n\n<p class=\"has-text-align-center\"><strong>Museos en Viena<\/strong><\/p>\n\n\n\n<figure class=\"wp-block-image aligncenter size-full\"><a href=\"https:\/\/cbr.org.br\/es\/ponto-de-encontro-dicas-de-viena-para-quem-vai-prestigiar-o-ecr-2022-museus\/\" target=\"_blank\" rel=\"noreferrer noopener\"><img loading=\"lazy\" decoding=\"async\" width=\"564\" height=\"250\" src=\"https:\/\/cbr.org.br\/wp-content\/uploads\/2022\/06\/HOLFBURG-1.jpg\" alt=\"\" class=\"wp-image-41870\" srcset=\"https:\/\/cbr.org.br\/wp-content\/uploads\/2022\/06\/HOLFBURG-1.jpg 564w, https:\/\/cbr.org.br\/wp-content\/uploads\/2022\/06\/HOLFBURG-1-450x199.jpg 450w, https:\/\/cbr.org.br\/wp-content\/uploads\/2022\/06\/HOLFBURG-1-18x8.jpg 18w\" sizes=\"(max-width: 564px) 100vw, 564px\" \/><\/a><\/figure>","protected":false},"excerpt":{"rendered":"<p>Para hacer que ECR 2022 sea a\u00fan m\u00e1s memorable, CBR cre\u00f3 la secci\u00f3n Punto de encuentro, con consejos para que los compa\u00f1eros radi\u00f3logos disfruten en Viena.<\/p>","protected":false},"author":16,"featured_media":41948,"comment_status":"closed","ping_status":"closed","sticky":false,"template":"","format":"standard","meta":{"_acf_changed":false,"footnotes":""},"categories":[493],"tags":[50,521,96,66,268],"class_list":["post-41859","post","type-post","status-publish","format-standard","has-post-thumbnail","hentry","category-cbr-sociedade","tag-cbr","tag-ecr-2022","tag-radiologia","tag-radiologista","tag-viena"],"acf":[],"_links":{"self":[{"href":"https:\/\/cbr.org.br\/es\/wp-json\/wp\/v2\/posts\/41859","targetHints":{"allow":["GET"]}}],"collection":[{"href":"https:\/\/cbr.org.br\/es\/wp-json\/wp\/v2\/posts"}],"about":[{"href":"https:\/\/cbr.org.br\/es\/wp-json\/wp\/v2\/types\/post"}],"author":[{"embeddable":true,"href":"https:\/\/cbr.org.br\/es\/wp-json\/wp\/v2\/users\/16"}],"replies":[{"embeddable":true,"href":"https:\/\/cbr.org.br\/es\/wp-json\/wp\/v2\/comments?post=41859"}],"version-history":[{"count":3,"href":"https:\/\/cbr.org.br\/es\/wp-json\/wp\/v2\/posts\/41859\/revisions"}],"predecessor-version":[{"id":41952,"href":"https:\/\/cbr.org.br\/es\/wp-json\/wp\/v2\/posts\/41859\/revisions\/41952"}],"wp:featuredmedia":[{"embeddable":true,"href":"https:\/\/cbr.org.br\/es\/wp-json\/wp\/v2\/media\/41948"}],"wp:attachment":[{"href":"https:\/\/cbr.org.br\/es\/wp-json\/wp\/v2\/media?parent=41859"}],"wp:term":[{"taxonomy":"category","embeddable":true,"href":"https:\/\/cbr.org.br\/es\/wp-json\/wp\/v2\/categories?post=41859"},{"taxonomy":"post_tag","embeddable":true,"href":"https:\/\/cbr.org.br\/es\/wp-json\/wp\/v2\/tags?post=41859"}],"curies":[{"name":"wp","href":"https:\/\/api.w.org\/{rel}","templated":true}]}}