{"id":41921,"date":"2022-06-17T17:16:59","date_gmt":"2022-06-17T20:16:59","guid":{"rendered":"https:\/\/cbr.org.br\/?p=41921"},"modified":"2022-07-04T17:31:46","modified_gmt":"2022-07-04T20:31:46","slug":"falta-de-contraste-assista-entrevista-da-diretora-cientifica-do-cbr-ao-jornal-da-record","status":"publish","type":"post","link":"https:\/\/cbr.org.br\/es\/falta-de-contraste-assista-entrevista-da-diretora-cientifica-do-cbr-ao-jornal-da-record\/","title":{"rendered":"Falta de contraste: vea la entrevista del director cient\u00edfico de CBR al &quot;Jornal da Record&quot;"},"content":{"rendered":"<p>La falta de medios de contraste en Radiolog\u00eda fue el tema de un reportaje del \u201cJornal da Record\u201d difundido el mi\u00e9rcoles (15), con entrevista de la directora cient\u00edfica del Colegio Brasile\u00f1o de Radiolog\u00eda y Diagn\u00f3stico por Im\u00e1genes (CBR), Luciana Costa.<\/p>\n\n\n\n<p>El informe mostr\u00f3 el caso de un joven hospitalizado hace cerca de dos meses en la Santa Casa de Belo Horizonte (MG) con una crisis de diabetes. Seg\u00fan el art\u00edculo, la sospecha es que la enfermedad provoc\u00f3 una hemorragia interna, pero los m\u00e9dicos a\u00fan no est\u00e1n seguros porque no pudieron realizar una tomograf\u00eda por falta de contraste en la unidad de salud.<\/p>\n\n\n\n<p>El problema afecta a cerca de 50% de cl\u00ednicas y hospitales brasile\u00f1os, seg\u00fan datos preliminares de CBR. Entre las causas se encuentran el aumento de la demanda provocado por la pandemia del Covid-19 y la <em>aislamiento<\/em> realizado en Shangh\u00e1i, China, donde se ubica una f\u00e1brica de uno de los mayores fabricantes del insumo en el mundo. \u201cLa f\u00e1brica de Shangh\u00e1i pertenece a la empresa que no domina nuestro mercado, pero tiene una gran parte del mismo. Entonces, quien ten\u00eda un contrato con esta empresa est\u00e1 sin [contraste]\u201d, declar\u00f3 Luciana Costa.<\/p>\n\n\n\n<p>La fabricaci\u00f3n se normaliz\u00f3 el 1 de junio, pero la expectativa es que el problema contin\u00fae por otros dos meses, aproximadamente. \u201cTal vez, a mediados de agosto, principios de septiembre, las existencias comenzar\u00e1n a normalizarse\u201d, dijo el director cient\u00edfico de CBR al \u201cJornal da Record\u201d.<\/p>\n\n\n\n<figure class=\"wp-block-image size-full\"><a href=\"https:\/\/youtu.be\/Py3KstoV7VY?t=855\" target=\"_blank\" rel=\"noreferrer noopener\"><img fetchpriority=\"high\" decoding=\"async\" width=\"1600\" height=\"900\" src=\"https:\/\/cbr.org.br\/wp-content\/uploads\/2022\/06\/Luciana-Costa-Record.jpeg\" alt=\"\" class=\"wp-image-41922\" srcset=\"https:\/\/cbr.org.br\/wp-content\/uploads\/2022\/06\/Luciana-Costa-Record.jpeg 1600w, https:\/\/cbr.org.br\/wp-content\/uploads\/2022\/06\/Luciana-Costa-Record-960x540.jpeg 960w, https:\/\/cbr.org.br\/wp-content\/uploads\/2022\/06\/Luciana-Costa-Record-450x254.jpeg 450w, https:\/\/cbr.org.br\/wp-content\/uploads\/2022\/06\/Luciana-Costa-Record-768x432.jpeg 768w, https:\/\/cbr.org.br\/wp-content\/uploads\/2022\/06\/Luciana-Costa-Record-1536x864.jpeg 1536w, https:\/\/cbr.org.br\/wp-content\/uploads\/2022\/06\/Luciana-Costa-Record-18x10.jpeg 18w\" sizes=\"(max-width: 1600px) 100vw, 1600px\" \/><\/a><figcaption><em>Haga clic en la imagen para ver el art\u00edculo con una entrevista de Luciana Costa al \u201cJornal da Record\u201d<\/em><\/figcaption><\/figure>\n\n\n\n<h2 class=\"wp-block-heading\"><strong>El seminario web de CBR presenta estrategias para gestionar la escasez de medios de contraste<\/strong><\/h2>\n\n\n\n<p>El martes por la noche (14), CBR promovi\u00f3 un seminario web en el que se discutieron y presentaron estrategias para gestionar la escasez de medios de contraste. \u201cEs un problema mundial hoy y la CBR, como representante de la especialidad en el pa\u00eds, est\u00e1 trayendo esta discusi\u00f3n muy importante en este momento\u201d, declar\u00f3 Luciana Costa.<\/p>\n\n\n\n<p>\u201cNo podemos renunciar a la calidad, para buscar soluciones preservando la calidad\u201d, destac\u00f3 el presidente de la CBR, Valdair Muglia. <strong>Obtenga m\u00e1s informaci\u00f3n y vea el seminario web completo <em><a href=\"https:\/\/cbr.org.br\/es\/cbr-discute-falta-de-meios-de-contraste-para-procurar-solucoes-preservando-a-qualidade\/\" target=\"_blank\" rel=\"noreferrer noopener\">aqu\u00ed<\/a><\/em><\/strong>.<\/p>","protected":false},"excerpt":{"rendered":"<p>La falta de medios de contraste fue objeto de un reportaje del \u201cJornal da Record\u201d con una entrevista de la directora cient\u00edfica del CBR, Luciana Costa.<\/p>","protected":false},"author":16,"featured_media":42096,"comment_status":"closed","ping_status":"closed","sticky":false,"template":"","format":"standard","meta":{"_acf_changed":false,"footnotes":""},"categories":[493,10],"tags":[50,531,528,502,96,66],"class_list":["post-41921","post","type-post","status-publish","format-standard","has-post-thumbnail","hentry","category-cbr-sociedade","category-institucional","tag-cbr","tag-jornal-da-record","tag-luciana-costa","tag-meios-de-contraste","tag-radiologia","tag-radiologista"],"acf":[],"_links":{"self":[{"href":"https:\/\/cbr.org.br\/es\/wp-json\/wp\/v2\/posts\/41921","targetHints":{"allow":["GET"]}}],"collection":[{"href":"https:\/\/cbr.org.br\/es\/wp-json\/wp\/v2\/posts"}],"about":[{"href":"https:\/\/cbr.org.br\/es\/wp-json\/wp\/v2\/types\/post"}],"author":[{"embeddable":true,"href":"https:\/\/cbr.org.br\/es\/wp-json\/wp\/v2\/users\/16"}],"replies":[{"embeddable":true,"href":"https:\/\/cbr.org.br\/es\/wp-json\/wp\/v2\/comments?post=41921"}],"version-history":[{"count":2,"href":"https:\/\/cbr.org.br\/es\/wp-json\/wp\/v2\/posts\/41921\/revisions"}],"predecessor-version":[{"id":41924,"href":"https:\/\/cbr.org.br\/es\/wp-json\/wp\/v2\/posts\/41921\/revisions\/41924"}],"wp:featuredmedia":[{"embeddable":true,"href":"https:\/\/cbr.org.br\/es\/wp-json\/wp\/v2\/media\/42096"}],"wp:attachment":[{"href":"https:\/\/cbr.org.br\/es\/wp-json\/wp\/v2\/media?parent=41921"}],"wp:term":[{"taxonomy":"category","embeddable":true,"href":"https:\/\/cbr.org.br\/es\/wp-json\/wp\/v2\/categories?post=41921"},{"taxonomy":"post_tag","embeddable":true,"href":"https:\/\/cbr.org.br\/es\/wp-json\/wp\/v2\/tags?post=41921"}],"curies":[{"name":"wp","href":"https:\/\/api.w.org\/{rel}","templated":true}]}}