{"id":41925,"date":"2022-06-17T15:40:00","date_gmt":"2022-06-17T18:40:00","guid":{"rendered":"https:\/\/cbr.org.br\/?p=41925"},"modified":"2022-07-07T17:47:55","modified_gmt":"2022-07-07T20:47:55","slug":"ponto-de-encontro-dicas-para-quem-vai-ao-ecr-2022-segredos-de-viena","status":"publish","type":"post","link":"https:\/\/cbr.org.br\/es\/ponto-de-encontro-dicas-para-quem-vai-ao-ecr-2022-segredos-de-viena\/","title":{"rendered":"Punto de Encuentro | Consejos para los asistentes a ECR 2022: secretos de Viena"},"content":{"rendered":"<p>Se acerca la hora de otro Congreso Europeo de Radiolog\u00eda (ECR), que se llevar\u00e1 a cabo del 13 al 17 de julio, en Viena, Austria, nuevamente de manera completamente presencial. La radiolog\u00eda brasile\u00f1a volver\u00e1 a estar representada por directores y asociados de CBR. Para hacer que este grandioso ECR 2022 sea a\u00fan m\u00e1s notable, el CBR cre\u00f3 la secci\u00f3n Punto de encuentro, con consejos para que los compa\u00f1eros radi\u00f3logos disfruten en Viena adem\u00e1s de las valiosas atracciones del Congreso.&nbsp;<strong>El tema de la semana es: Secretos de Viena.<\/strong><\/p>\n\n\n\n<p class=\"has-text-align-center\"><strong>CAMINOS DE NOBLEZA<\/strong><\/p>\n\n\n\n<figure class=\"wp-block-image aligncenter size-full\"><img fetchpriority=\"high\" decoding=\"async\" width=\"600\" height=\"400\" src=\"https:\/\/cbr.org.br\/wp-content\/uploads\/2022\/06\/news-letter_ECR-2022_SEGREDOS-DE-VIANA_slide-2-1.png\" alt=\"\" class=\"wp-image-41927\" srcset=\"https:\/\/cbr.org.br\/wp-content\/uploads\/2022\/06\/news-letter_ECR-2022_SEGREDOS-DE-VIANA_slide-2-1.png 600w, https:\/\/cbr.org.br\/wp-content\/uploads\/2022\/06\/news-letter_ECR-2022_SEGREDOS-DE-VIANA_slide-2-1-381x254.png 381w, https:\/\/cbr.org.br\/wp-content\/uploads\/2022\/06\/news-letter_ECR-2022_SEGREDOS-DE-VIANA_slide-2-1-18x12.png 18w\" sizes=\"(max-width: 600px) 100vw, 600px\" \/><\/figure>\n\n\n\n<p>En las visitas guiadas, los gu\u00edas locales recorren los atractivos m\u00e1s \u201cescondidos\u201d llenos de historia de la ciudad, como los lugares por donde vivi\u00f3 y camin\u00f3 la nobleza.<\/p>\n\n\n\n<p class=\"has-text-align-center\"><strong>ARIK-BRAUER-HAUS<\/strong><\/p>\n\n\n\n<figure class=\"wp-block-image aligncenter size-full\"><img decoding=\"async\" width=\"600\" height=\"400\" src=\"https:\/\/cbr.org.br\/wp-content\/uploads\/2022\/06\/news-letter_ECR-2022_SEGREDOS-DE-VIANA_slide-3.png\" alt=\"\" class=\"wp-image-41928\" srcset=\"https:\/\/cbr.org.br\/wp-content\/uploads\/2022\/06\/news-letter_ECR-2022_SEGREDOS-DE-VIANA_slide-3.png 600w, https:\/\/cbr.org.br\/wp-content\/uploads\/2022\/06\/news-letter_ECR-2022_SEGREDOS-DE-VIANA_slide-3-381x254.png 381w, https:\/\/cbr.org.br\/wp-content\/uploads\/2022\/06\/news-letter_ECR-2022_SEGREDOS-DE-VIANA_slide-3-18x12.png 18w\" sizes=\"(max-width: 600px) 100vw, 600px\" \/><\/figure>\n\n\n\n<p>Otro tour diferente en Viena es visitar el edificio residencial dise\u00f1ado al estilo del realismo fant\u00e1stico por el artista austriaco Arik Brauer.<\/p>\n\n\n\n<p class=\"has-text-align-center\"><strong>CATEDRAL DE VIENA (STEPHANSDOM)<\/strong><\/p>\n\n\n\n<figure class=\"wp-block-image aligncenter size-full\"><img decoding=\"async\" width=\"600\" height=\"400\" src=\"https:\/\/cbr.org.br\/wp-content\/uploads\/2022\/06\/news-letter_ECR-2022_SEGREDOS-DE-VIANA_slide-4.png\" alt=\"\" class=\"wp-image-41929\" srcset=\"https:\/\/cbr.org.br\/wp-content\/uploads\/2022\/06\/news-letter_ECR-2022_SEGREDOS-DE-VIANA_slide-4.png 600w, https:\/\/cbr.org.br\/wp-content\/uploads\/2022\/06\/news-letter_ECR-2022_SEGREDOS-DE-VIANA_slide-4-381x254.png 381w, https:\/\/cbr.org.br\/wp-content\/uploads\/2022\/06\/news-letter_ECR-2022_SEGREDOS-DE-VIANA_slide-4-18x12.png 18w\" sizes=\"(max-width: 600px) 100vw, 600px\" \/><\/figure>\n\n\n\n<p>S\u00edmbolo religioso m\u00e1s importante de Viena, con una historia muy rica, fue construido sobre las ruinas de una iglesia rom\u00e1nica dedicada a San Esteban de 1147.<\/p>\n\n\n\n<p class=\"has-text-align-center\"><strong>SALA DE PLATO<\/strong><\/p>\n\n\n\n<figure class=\"wp-block-image aligncenter size-full\"><img loading=\"lazy\" decoding=\"async\" width=\"600\" height=\"400\" src=\"https:\/\/cbr.org.br\/wp-content\/uploads\/2022\/06\/news-letter_ECR-2022_SEGREDOS-DE-VIANA_slide-5.png\" alt=\"\" class=\"wp-image-41930\" srcset=\"https:\/\/cbr.org.br\/wp-content\/uploads\/2022\/06\/news-letter_ECR-2022_SEGREDOS-DE-VIANA_slide-5.png 600w, https:\/\/cbr.org.br\/wp-content\/uploads\/2022\/06\/news-letter_ECR-2022_SEGREDOS-DE-VIANA_slide-5-381x254.png 381w, https:\/\/cbr.org.br\/wp-content\/uploads\/2022\/06\/news-letter_ECR-2022_SEGREDOS-DE-VIANA_slide-5-18x12.png 18w\" sizes=\"(max-width: 600px) 100vw, 600px\" \/><\/figure>\n\n\n\n<p>Columna de la misericordia erigida como pedido de misericordia en medio de la Gran Peste, en 1679, por el emperador Leopoldo I. Es una de las piezas escult\u00f3ricas m\u00e1s famosas y destacadas de la ciudad.<\/p>\n\n\n\n<p class=\"has-text-align-center\"><strong>PLAZA MARIA-THERESIEN<\/strong><\/p>\n\n\n\n<figure class=\"wp-block-image aligncenter size-full\"><img loading=\"lazy\" decoding=\"async\" width=\"600\" height=\"400\" src=\"https:\/\/cbr.org.br\/wp-content\/uploads\/2022\/06\/news-letter_ECR-2022_SEGREDOS-DE-VIANA_slide-6.png\" alt=\"\" class=\"wp-image-41931\" srcset=\"https:\/\/cbr.org.br\/wp-content\/uploads\/2022\/06\/news-letter_ECR-2022_SEGREDOS-DE-VIANA_slide-6.png 600w, https:\/\/cbr.org.br\/wp-content\/uploads\/2022\/06\/news-letter_ECR-2022_SEGREDOS-DE-VIANA_slide-6-381x254.png 381w, https:\/\/cbr.org.br\/wp-content\/uploads\/2022\/06\/news-letter_ECR-2022_SEGREDOS-DE-VIANA_slide-6-18x12.png 18w\" sizes=\"(max-width: 600px) 100vw, 600px\" \/><\/figure>\n\n\n\n<p>Con una gran estatua de la emperatriz Mar\u00eda Teresa, la plaza p\u00fablica es un consejo para pasear disfrutando de la hermosa arquitectura y el paisaje local.<\/p>\n\n\n\n<div class=\"wp-block-buttons is-layout-flex wp-block-buttons-is-layout-flex\">\n<div class=\"wp-block-button aligncenter\"><a class=\"wp-block-button__link\" href=\"https:\/\/cbr.org.br\/es\/ponto-de-encontro-envie-suas-dicas-de-viena-para-os-colegas-que-vao-ao-ecr-22\/\" target=\"_blank\" rel=\"noreferrer noopener\"><strong>Env\u00ede sus consejos sobre Viena a los colegas que asistan a la ECR 22<\/strong><\/a><\/div>\n<\/div>\n\n\n\n<p><strong>Compruebe tambi\u00e9n: <\/strong><\/p>\n\n\n\n<p class=\"has-text-align-center\"><strong>M\u00daSICA<\/strong><\/p>\n\n\n\n<figure class=\"wp-block-image aligncenter size-full\"><a href=\"https:\/\/cbr.org.br\/es\/ponto-de-encontro-dicas-de-viena-para-quem-vai-ao-ecr-2022-musica\/\" target=\"_blank\" rel=\"noreferrer noopener\"><img loading=\"lazy\" decoding=\"async\" width=\"600\" height=\"400\" src=\"https:\/\/cbr.org.br\/wp-content\/uploads\/2022\/06\/news-letter_ECR-2022_MUSICA_slide-5.png\" alt=\"ecr 2022\" class=\"wp-image-41863\" srcset=\"https:\/\/cbr.org.br\/wp-content\/uploads\/2022\/06\/news-letter_ECR-2022_MUSICA_slide-5.png 600w, https:\/\/cbr.org.br\/wp-content\/uploads\/2022\/06\/news-letter_ECR-2022_MUSICA_slide-5-381x254.png 381w, https:\/\/cbr.org.br\/wp-content\/uploads\/2022\/06\/news-letter_ECR-2022_MUSICA_slide-5-18x12.png 18w\" sizes=\"(max-width: 600px) 100vw, 600px\" \/><\/a><\/figure>\n\n\n\n<p class=\"has-text-align-center\"><strong>RESTAURANTES<\/strong><\/p>\n\n\n\n<figure class=\"wp-block-image aligncenter size-full\"><a href=\"https:\/\/cbr.org.br\/es\/ponto-de-encontro-dicas-de-viena-para-quem-vai-ao-ecr-2022-restaurantes-e-cafes\/\" target=\"_blank\" rel=\"noreferrer noopener\"><img loading=\"lazy\" decoding=\"async\" width=\"564\" height=\"250\" src=\"https:\/\/cbr.org.br\/wp-content\/uploads\/2022\/06\/news-letter_ECR-2022_slide-3.png\" alt=\"ecr 2022 cbr\" class=\"wp-image-41786\" srcset=\"https:\/\/cbr.org.br\/wp-content\/uploads\/2022\/06\/news-letter_ECR-2022_slide-3.png 564w, https:\/\/cbr.org.br\/wp-content\/uploads\/2022\/06\/news-letter_ECR-2022_slide-3-450x199.png 450w, https:\/\/cbr.org.br\/wp-content\/uploads\/2022\/06\/news-letter_ECR-2022_slide-3-18x8.png 18w\" sizes=\"(max-width: 564px) 100vw, 564px\" \/><\/a><\/figure>\n\n\n\n<p class=\"has-text-align-center\"><strong>MUSEOS<\/strong><\/p>\n\n\n\n<figure class=\"wp-block-image aligncenter size-full\"><a href=\"https:\/\/cbr.org.br\/es\/ponto-de-encontro-dicas-de-viena-para-quem-vai-prestigiar-o-ecr-2022-museus\/\" target=\"_blank\" rel=\"noreferrer noopener\"><img loading=\"lazy\" decoding=\"async\" width=\"564\" height=\"250\" src=\"https:\/\/cbr.org.br\/wp-content\/uploads\/2022\/06\/HOLFBURG-1.jpg\" alt=\"\" class=\"wp-image-41870\" srcset=\"https:\/\/cbr.org.br\/wp-content\/uploads\/2022\/06\/HOLFBURG-1.jpg 564w, https:\/\/cbr.org.br\/wp-content\/uploads\/2022\/06\/HOLFBURG-1-450x199.jpg 450w, https:\/\/cbr.org.br\/wp-content\/uploads\/2022\/06\/HOLFBURG-1-18x8.jpg 18w\" sizes=\"(max-width: 564px) 100vw, 564px\" \/><\/a><\/figure>","protected":false},"excerpt":{"rendered":"<p>Se acerca el momento de otro Congreso Europeo de Radiolog\u00eda (ECR), que tendr\u00e1 lugar del 13 al 17 de julio en Viena, Austria.<\/p>","protected":false},"author":16,"featured_media":41950,"comment_status":"closed","ping_status":"closed","sticky":false,"template":"","format":"standard","meta":{"_acf_changed":false,"footnotes":""},"categories":[493],"tags":[521,96,66,268],"class_list":["post-41925","post","type-post","status-publish","format-standard","has-post-thumbnail","hentry","category-cbr-sociedade","tag-ecr-2022","tag-radiologia","tag-radiologista","tag-viena"],"acf":[],"_links":{"self":[{"href":"https:\/\/cbr.org.br\/es\/wp-json\/wp\/v2\/posts\/41925","targetHints":{"allow":["GET"]}}],"collection":[{"href":"https:\/\/cbr.org.br\/es\/wp-json\/wp\/v2\/posts"}],"about":[{"href":"https:\/\/cbr.org.br\/es\/wp-json\/wp\/v2\/types\/post"}],"author":[{"embeddable":true,"href":"https:\/\/cbr.org.br\/es\/wp-json\/wp\/v2\/users\/16"}],"replies":[{"embeddable":true,"href":"https:\/\/cbr.org.br\/es\/wp-json\/wp\/v2\/comments?post=41925"}],"version-history":[{"count":3,"href":"https:\/\/cbr.org.br\/es\/wp-json\/wp\/v2\/posts\/41925\/revisions"}],"predecessor-version":[{"id":42141,"href":"https:\/\/cbr.org.br\/es\/wp-json\/wp\/v2\/posts\/41925\/revisions\/42141"}],"wp:featuredmedia":[{"embeddable":true,"href":"https:\/\/cbr.org.br\/es\/wp-json\/wp\/v2\/media\/41950"}],"wp:attachment":[{"href":"https:\/\/cbr.org.br\/es\/wp-json\/wp\/v2\/media?parent=41925"}],"wp:term":[{"taxonomy":"category","embeddable":true,"href":"https:\/\/cbr.org.br\/es\/wp-json\/wp\/v2\/categories?post=41925"},{"taxonomy":"post_tag","embeddable":true,"href":"https:\/\/cbr.org.br\/es\/wp-json\/wp\/v2\/tags?post=41925"}],"curies":[{"name":"wp","href":"https:\/\/api.w.org\/{rel}","templated":true}]}}