{"id":42039,"date":"2022-07-06T07:00:00","date_gmt":"2022-07-06T10:00:00","guid":{"rendered":"https:\/\/cbr.org.br\/?p=42039"},"modified":"2022-07-06T11:14:32","modified_gmt":"2022-07-06T14:14:32","slug":"cbr-22-tem-extensa-programacao-de-abdominal-gastrointestinal","status":"publish","type":"post","link":"https:\/\/cbr.org.br\/es\/cbr-22-tem-extensa-programacao-de-abdominal-gastrointestinal\/","title":{"rendered":"CBR 22 tiene una amplia programaci\u00f3n gastrointestinal abdominal"},"content":{"rendered":"<p>Abdominal Gastrointestinal es una de las 16 subespecialidades con un extenso programa de actividades en el 51\u00ba Congreso Brasile\u00f1o de Radiolog\u00eda e Imagen Diagn\u00f3stica (CBR22). El evento ser\u00e1 realizado del 1 al 3 de septiembre, en Florian\u00f3polis (SC), en el Centro Sur, y las inscripciones ya est\u00e1n abiertas, con descuento para quien anticipa.<\/p>\n\n\n\n<p>El cronograma CBR22 fue elaborado por un Comit\u00e9 Cient\u00edfico compuesto por 36 nombres de renombre en radiolog\u00eda brasile\u00f1a. El Congreso traer\u00e1 las nuevas tecnolog\u00edas y las innovaciones m\u00e1s relevantes en el \u00e1rea con grandes especialistas nacionales e internacionales.&nbsp;<\/p>\n\n\n\n<h3 class=\"wp-block-heading\"><strong>La subespecialidad Abdominal Gastrointestinal tendr\u00e1 las siguientes actividades cient\u00edficas en el CBR22:<\/strong><\/h3>\n\n\n\n<p><strong>\u2013 CASOS RAROS Y DESAFIANTES EN\u2026 LO QUE APREND\u00cd DE ELLOS:<\/strong> Hepatobiliopancre\u00e1tico, peritoneo y tracto digestivo<\/p>\n\n\n\n<p>&#8211; <strong>C\u00d3MO INFORMO: LA VIDA COMO ES\u2026:<\/strong> Carcinoma pancre\u00e1tico, Carcinoma rectal, Evaluaci\u00f3n preoperatoria de hepatectom\u00eda,<\/p>\n\n\n\n<p>&#8211; <strong><em>TABLERO DE TUMOR<\/em> \/ SESI\u00d3N MULTIDISCIPLINAR:<\/strong> Reuni\u00f3n multidisciplinar de trasplante hep\u00e1tico<\/p>\n\n\n\n<p><strong>\u2013 QU\u00c9 HAY DE NUEVO EN LA LITERATURA SOBRE\u2026:<\/strong> evaluaci\u00f3n de la funci\u00f3n hep\u00e1tica;<br>Clasificaci\u00f3n y manejo del adenoma hep\u00e1tico; Diagn\u00f3stico y manejo del tumor neuroendocrino abdominal<\/p>\n\n\n\n<p><strong><em>- TEMAS DE ACTUALIDAD:<\/em><\/strong> Inmunoterapia en oncolog\u00eda: c\u00f3mo evaluar la respuesta y los efectos secundarios; Contrastes hepatobiliares; Nefropat\u00eda inducida por contraste yodado: leyenda o realidad<\/p>\n\n\n\n<p><strong>\u2013 PUNTO Y CONTRAPUNTO:<\/strong> Contraste ultrasonogr\u00e1fico en la evaluaci\u00f3n del da\u00f1o hep\u00e1tico focal<\/p>\n\n\n\n<h4 class=\"wp-block-heading\"><strong>CURSOS DE ACTUALIZACI\u00d3N<\/strong><\/h4>\n\n\n\n<p>El programa de Abdominal Gastrointestinal en CBR tambi\u00e9n incluye cursos de actualizaci\u00f3n en:<\/p>\n\n\n\n<p>\u2013 Abdomen agudo obstructivo<\/p>\n\n\n\n<p>\u2013 Abdomen agudo vascular<\/p>\n\n\n\n<p>\u2013 Abdomen agudo inflamatorio<\/p>\n\n\n\n<p>\u2013 Abdomen agudo bari\u00e1trico<\/p>\n\n\n\n<p>\u2013 Lesiones espl\u00e9nicas<\/p>\n\n\n\n<p>\u2013 Variantes anat\u00f3micas hepatobiliopancre\u00e1ticas<\/p>\n\n\n\n<p>\u2013 Lesi\u00f3n qu\u00edstica del h\u00edgado<\/p>\n\n\n\n<p>\u2013 Lesi\u00f3n qu\u00edstica pancre\u00e1tica<\/p>\n\n\n\n<p>\u2013 Pancreatitis<\/p>\n\n\n\n<h4 class=\"wp-block-heading\"><strong>expertos de renombre<\/strong><\/h4>\n\n\n\n<p>El programa Abdominal Gastrointestinal en CBR22 contar\u00e1 con la participaci\u00f3n de reconocidos especialistas. Ellos son: Daniella Braz Parente (RJ), Giuseppe D&#039;Ippolito (SP), Antonio Eiras (RJ), Viviane Brand\u00e3o Amorim (RJ), Douglas Jorge Racy (SP), Caroline Lorenzoni Almeida Ghezzi (RS), Adriano Liguori (RN) ), Fabiana Barroso Thomaz (SC), Leonardo de Lucca Schiavon (SC), Fernando Ferraz de Miranda (SC), Natally Horvat (SP), Hilton Le\u00e3o (SP), Luciana Costa (MG), Mayra Veloso Soares (DF), Manoel Rocha (SP) y Daniel Souza (EE.UU.).<\/p>\n\n\n\n<h2 class=\"wp-block-heading\"><strong>Todas las subespecialidades del 51\u00ba Congreso Brasile\u00f1o de Radiolog\u00eda e Im\u00e1genes de Diagn\u00f3stico:<\/strong><\/h2>\n\n\n\n<figure class=\"wp-block-image size-full\"><a href=\"https:\/\/congressocbr.com.br\/cbr2022\" target=\"_blank\" rel=\"noreferrer noopener\"><img fetchpriority=\"high\" decoding=\"async\" width=\"1800\" height=\"750\" src=\"https:\/\/cbr.org.br\/wp-content\/uploads\/2022\/07\/Site-CBR22_Subespecialidades_1800X750pxs.png\" alt=\"cbr22 congresso brasileiro de radiologia cbr 22\" class=\"wp-image-42109\" srcset=\"https:\/\/cbr.org.br\/wp-content\/uploads\/2022\/07\/Site-CBR22_Subespecialidades_1800X750pxs.png 1800w, https:\/\/cbr.org.br\/wp-content\/uploads\/2022\/07\/Site-CBR22_Subespecialidades_1800X750pxs-960x400.png 960w, https:\/\/cbr.org.br\/wp-content\/uploads\/2022\/07\/Site-CBR22_Subespecialidades_1800X750pxs-450x188.png 450w, https:\/\/cbr.org.br\/wp-content\/uploads\/2022\/07\/Site-CBR22_Subespecialidades_1800X750pxs-768x320.png 768w, https:\/\/cbr.org.br\/wp-content\/uploads\/2022\/07\/Site-CBR22_Subespecialidades_1800X750pxs-1536x640.png 1536w, https:\/\/cbr.org.br\/wp-content\/uploads\/2022\/07\/Site-CBR22_Subespecialidades_1800X750pxs-18x8.png 18w\" sizes=\"(max-width: 1800px) 100vw, 1800px\" \/><\/a><\/figure>\n\n\n\n<p>CBR22 tendr\u00e1 un formato enfocado a la integraci\u00f3n e interactividad entre los participantes. Adem\u00e1s de Gastrointestinal Abdominal, el 51\u00ba Congreso Brasile\u00f1o de Radiolog\u00eda e Im\u00e1genes de Diagn\u00f3stico tendr\u00e1 actividades cient\u00edficas en las siguientes especialidades: Cabeza y Cuello, Cardiovascular, Gastrointestinal, Genitourinario, Ginecolog\u00eda US, Mama, M\u00e9todos H\u00edbridos, MSK, Neurorradiolog\u00eda, Obstetricia US, Oncolog\u00eda , Pediatr\u00eda , Pelvis Femenina, T\u00f3rax y Ecograf\u00eda General.<\/p>\n\n\n\n<h4 class=\"wp-block-heading\"><strong>Suscribirse<\/strong><\/h4>\n\n\n\n<p>\u00a1Las inscripciones para CBR22 ya est\u00e1n abiertas y los que se anticipan tienen descuento! As\u00ed que no pierdas m\u00e1s tiempo.<\/p>\n\n\n\n<div class=\"wp-block-buttons is-layout-flex wp-block-buttons-is-layout-flex\">\n<div class=\"wp-block-button\"><a class=\"wp-block-button__link\" href=\"https:\/\/congressocbr.com.br\/site\/cbr2022\/inscricoes\" target=\"_blank\" rel=\"noreferrer noopener\"><strong>Asegura tu lugar ahora<\/strong>!<\/a><\/div>\n<\/div>","protected":false},"excerpt":{"rendered":"<p>Abdominal Gastrointestinal tiene una extensa agenda de actividades en el 51\u00ba Congreso Brasile\u00f1o de Radiolog\u00eda y Diagn\u00f3stico por Im\u00e1genes (CBR22).<\/p>","protected":false},"author":16,"featured_media":42109,"comment_status":"closed","ping_status":"closed","sticky":false,"template":"","format":"standard","meta":{"_acf_changed":false,"footnotes":""},"categories":[491,10],"tags":[50,512,274,111,96],"class_list":["post-42039","post","type-post","status-publish","format-standard","has-post-thumbnail","hentry","category-cbr-educa","category-institucional","tag-cbr","tag-cbr22","tag-congresso-brasileiro-de-radiologia","tag-diagnostico-por-imagem","tag-radiologia"],"acf":[],"_links":{"self":[{"href":"https:\/\/cbr.org.br\/es\/wp-json\/wp\/v2\/posts\/42039","targetHints":{"allow":["GET"]}}],"collection":[{"href":"https:\/\/cbr.org.br\/es\/wp-json\/wp\/v2\/posts"}],"about":[{"href":"https:\/\/cbr.org.br\/es\/wp-json\/wp\/v2\/types\/post"}],"author":[{"embeddable":true,"href":"https:\/\/cbr.org.br\/es\/wp-json\/wp\/v2\/users\/16"}],"replies":[{"embeddable":true,"href":"https:\/\/cbr.org.br\/es\/wp-json\/wp\/v2\/comments?post=42039"}],"version-history":[{"count":3,"href":"https:\/\/cbr.org.br\/es\/wp-json\/wp\/v2\/posts\/42039\/revisions"}],"predecessor-version":[{"id":42110,"href":"https:\/\/cbr.org.br\/es\/wp-json\/wp\/v2\/posts\/42039\/revisions\/42110"}],"wp:featuredmedia":[{"embeddable":true,"href":"https:\/\/cbr.org.br\/es\/wp-json\/wp\/v2\/media\/42109"}],"wp:attachment":[{"href":"https:\/\/cbr.org.br\/es\/wp-json\/wp\/v2\/media?parent=42039"}],"wp:term":[{"taxonomy":"category","embeddable":true,"href":"https:\/\/cbr.org.br\/es\/wp-json\/wp\/v2\/categories?post=42039"},{"taxonomy":"post_tag","embeddable":true,"href":"https:\/\/cbr.org.br\/es\/wp-json\/wp\/v2\/tags?post=42039"}],"curies":[{"name":"wp","href":"https:\/\/api.w.org\/{rel}","templated":true}]}}