{"id":42041,"date":"2022-06-24T14:24:00","date_gmt":"2022-06-24T17:24:00","guid":{"rendered":"https:\/\/cbr.org.br\/?p=42041"},"modified":"2022-07-01T14:26:30","modified_gmt":"2022-07-01T17:26:30","slug":"ponto-de-encontro-dicas-de-viena-para-quem-vai-ao-ecr-2022-arquitetura","status":"publish","type":"post","link":"https:\/\/cbr.org.br\/es\/ponto-de-encontro-dicas-de-viena-para-quem-vai-ao-ecr-2022-arquitetura\/","title":{"rendered":"Punto de Encuentro | Consejos de Viena para los asistentes a ECR 2022: Arquitectura"},"content":{"rendered":"<p>Se acerca la hora de otro Congreso Europeo de Radiolog\u00eda (ECR), que se llevar\u00e1 a cabo del 13 al 17 de julio, en Viena, Austria, nuevamente de manera completamente presencial.<\/p>\n\n\n\n<p>La radiolog\u00eda brasile\u00f1a volver\u00e1 a estar representada por directores y asociados de CBR. Para hacer que este grandioso ECR 2022 sea a\u00fan m\u00e1s notable, el CBR cre\u00f3 la secci\u00f3n Punto de encuentro, con consejos para que los compa\u00f1eros radi\u00f3logos disfruten en Viena adem\u00e1s de las valiosas atracciones del Congreso. <strong>EL TEMA DE LA SEMANA ES: ARQUITECTURA.<\/strong><\/p>\n\n\n\n<p>\u00a1Nos vemos en Viena!<\/p>\n\n\n\n<p class=\"has-text-align-center\"><strong>CENTRO HIST\u00d3RICO<\/strong><\/p>\n\n\n\n<figure class=\"wp-block-image aligncenter size-full\"><img fetchpriority=\"high\" decoding=\"async\" width=\"600\" height=\"400\" src=\"https:\/\/cbr.org.br\/wp-content\/uploads\/2022\/07\/newsletter_ECR22_Arquitetura_slide-2-1.png\" alt=\"\" class=\"wp-image-42043\" srcset=\"https:\/\/cbr.org.br\/wp-content\/uploads\/2022\/07\/newsletter_ECR22_Arquitetura_slide-2-1.png 600w, https:\/\/cbr.org.br\/wp-content\/uploads\/2022\/07\/newsletter_ECR22_Arquitetura_slide-2-1-381x254.png 381w, https:\/\/cbr.org.br\/wp-content\/uploads\/2022\/07\/newsletter_ECR22_Arquitetura_slide-2-1-18x12.png 18w\" sizes=\"(max-width: 600px) 100vw, 600px\" \/><\/figure>\n\n\n\n<p class=\"has-text-align-center\">Est\u00e1 lleno de hermosos edificios hist\u00f3ricos, como la \u00d3pera Estatal de Viena; Hotel Sacher; Hofburg (en la foto), residencia principal de la familia Habsburgo; y la Catedral de San Esteban.<\/p>\n\n\n\n<p class=\"has-text-align-center\"><strong>HUNDERTWASSERHAUS<\/strong><\/p>\n\n\n\n<figure class=\"wp-block-image aligncenter size-full\"><img decoding=\"async\" width=\"600\" height=\"400\" src=\"https:\/\/cbr.org.br\/wp-content\/uploads\/2022\/07\/newsletter_ECR22_Arquitetura_slide-3.png\" alt=\"\" class=\"wp-image-42044\" srcset=\"https:\/\/cbr.org.br\/wp-content\/uploads\/2022\/07\/newsletter_ECR22_Arquitetura_slide-3.png 600w, https:\/\/cbr.org.br\/wp-content\/uploads\/2022\/07\/newsletter_ECR22_Arquitetura_slide-3-381x254.png 381w, https:\/\/cbr.org.br\/wp-content\/uploads\/2022\/07\/newsletter_ECR22_Arquitetura_slide-3-18x12.png 18w\" sizes=\"(max-width: 600px) 100vw, 600px\" \/><\/figure>\n\n\n\n<p class=\"has-text-align-center\">El artista pl\u00e1stico Friedensreich Hundertwasser dise\u00f1\u00f3, en la d\u00e9cada de 1980, un edificio que, con sus l\u00edneas redondeadas, colores extravagantes, fachada arbolada y terraza arbolada, destaca en el paisaje de la ciudad.<\/p>\n\n\n\n<p class=\"has-text-align-center\"><strong>RATHAUS<\/strong><\/p>\n\n\n\n<figure class=\"wp-block-image aligncenter size-full\"><img decoding=\"async\" width=\"600\" height=\"400\" src=\"https:\/\/cbr.org.br\/wp-content\/uploads\/2022\/07\/newsletter_ECR22_Arquitetura_slide-5.png\" alt=\"\" class=\"wp-image-42045\" srcset=\"https:\/\/cbr.org.br\/wp-content\/uploads\/2022\/07\/newsletter_ECR22_Arquitetura_slide-5.png 600w, https:\/\/cbr.org.br\/wp-content\/uploads\/2022\/07\/newsletter_ECR22_Arquitetura_slide-5-381x254.png 381w, https:\/\/cbr.org.br\/wp-content\/uploads\/2022\/07\/newsletter_ECR22_Arquitetura_slide-5-18x12.png 18w\" sizes=\"(max-width: 600px) 100vw, 600px\" \/><\/figure>\n\n\n\n<p class=\"has-text-align-center\">El edificio de estilo g\u00f3tico construido entre 1872 y 1883 es la sede del gobierno de la ciudad y la asamblea provincial de Viena.<\/p>\n\n\n\n<p class=\"has-text-align-center\"><strong>UNIVERSIDAD DE ECONOM\u00cdA DE VIENA<\/strong><\/p>\n\n\n\n<figure class=\"wp-block-image aligncenter size-full\"><img loading=\"lazy\" decoding=\"async\" width=\"600\" height=\"400\" src=\"https:\/\/cbr.org.br\/wp-content\/uploads\/2022\/07\/newsletter_ECR22_Arquitetura_slide-6.png\" alt=\"\" class=\"wp-image-42046\" srcset=\"https:\/\/cbr.org.br\/wp-content\/uploads\/2022\/07\/newsletter_ECR22_Arquitetura_slide-6.png 600w, https:\/\/cbr.org.br\/wp-content\/uploads\/2022\/07\/newsletter_ECR22_Arquitetura_slide-6-381x254.png 381w, https:\/\/cbr.org.br\/wp-content\/uploads\/2022\/07\/newsletter_ECR22_Arquitetura_slide-6-18x12.png 18w\" sizes=\"(max-width: 600px) 100vw, 600px\" \/><\/figure>\n\n\n\n<p class=\"has-text-align-center\">El campus est\u00e1 compuesto por 6 edificios, con espacios para la creaci\u00f3n de redes sociales y la reflexi\u00f3n, con restaurantes, caf\u00e9s y tiendas, todo en un entorno arquitect\u00f3nico estimulante.<\/p>\n\n\n\n<p class=\"has-text-align-center\"><strong>MUSEO DEL PALACIO DE BELVEDERE<\/strong><\/p>\n\n\n\n<figure class=\"wp-block-image aligncenter size-full\"><img loading=\"lazy\" decoding=\"async\" width=\"600\" height=\"400\" src=\"https:\/\/cbr.org.br\/wp-content\/uploads\/2022\/07\/newsletter_ECR22_Arquitetura_slide-7.png\" alt=\"\" class=\"wp-image-42047\" srcset=\"https:\/\/cbr.org.br\/wp-content\/uploads\/2022\/07\/newsletter_ECR22_Arquitetura_slide-7.png 600w, https:\/\/cbr.org.br\/wp-content\/uploads\/2022\/07\/newsletter_ECR22_Arquitetura_slide-7-381x254.png 381w, https:\/\/cbr.org.br\/wp-content\/uploads\/2022\/07\/newsletter_ECR22_Arquitetura_slide-7-18x12.png 18w\" sizes=\"(max-width: 600px) 100vw, 600px\" \/><\/figure>\n\n\n\n<p class=\"has-text-align-center\">El palacio barroco alberga el museo m\u00e1s famoso de Viena, con grandes obras, como el cuadro \u201cEl beso\u201d, de Gustav Klimt, y lienzos del expresionista Egon Schiele.<br><\/p>\n\n\n\n<p class=\"has-text-align-center\"><strong>SCH\u00d6NBRUNN<\/strong><\/p>\n\n\n\n<figure class=\"wp-block-image aligncenter size-full\"><img loading=\"lazy\" decoding=\"async\" width=\"600\" height=\"400\" src=\"https:\/\/cbr.org.br\/wp-content\/uploads\/2022\/07\/newsletter_ECR22_Arquitetura_slide-8.png\" alt=\"\" class=\"wp-image-42048\" srcset=\"https:\/\/cbr.org.br\/wp-content\/uploads\/2022\/07\/newsletter_ECR22_Arquitetura_slide-8.png 600w, https:\/\/cbr.org.br\/wp-content\/uploads\/2022\/07\/newsletter_ECR22_Arquitetura_slide-8-381x254.png 381w, https:\/\/cbr.org.br\/wp-content\/uploads\/2022\/07\/newsletter_ECR22_Arquitetura_slide-8-18x12.png 18w\" sizes=\"(max-width: 600px) 100vw, 600px\" \/><\/figure>\n\n\n\n<p class=\"has-text-align-center\">Patrimonio de la Humanidad por la UNESCO. Fue la residencia de verano de la familia imperial, con sus hermosas estancias y estancias decoradas al estilo rococ\u00f3.<br><\/p>\n\n\n\n<p class=\"has-text-align-center\"><strong>ARCHITEKTURZENTRUM WIEN<\/strong><\/p>\n\n\n\n<figure class=\"wp-block-image aligncenter size-full\"><img loading=\"lazy\" decoding=\"async\" width=\"600\" height=\"400\" src=\"https:\/\/cbr.org.br\/wp-content\/uploads\/2022\/07\/newsletter_ECR22_Arquitetura_slide-4.png\" alt=\"\" class=\"wp-image-42049\" srcset=\"https:\/\/cbr.org.br\/wp-content\/uploads\/2022\/07\/newsletter_ECR22_Arquitetura_slide-4.png 600w, https:\/\/cbr.org.br\/wp-content\/uploads\/2022\/07\/newsletter_ECR22_Arquitetura_slide-4-381x254.png 381w, https:\/\/cbr.org.br\/wp-content\/uploads\/2022\/07\/newsletter_ECR22_Arquitetura_slide-4-18x12.png 18w\" sizes=\"(max-width: 600px) 100vw, 600px\" \/><\/figure>\n\n\n\n<p class=\"has-text-align-center\">Adem\u00e1s de los hermosos e hist\u00f3ricos edificios, Viena cuenta con el Museo de Arquitectura de Austria, que muestra e investiga las formas en que la arquitectura y el desarrollo urbano influyen en nuestra vida cotidiana.<\/p>\n\n\n\n<p><strong>Lea tambi\u00e9n: <a href=\"https:\/\/cbr.org.br\/es\/ponto-de-encontro-dicas-para-quem-vai-ao-ecr-2022-segredos-de-viena\/\" target=\"_blank\" rel=\"noreferrer noopener\">Punto de Encuentro | Consejos para los asistentes a ECR 2022: secretos de Viena<\/a><\/strong><\/p>","protected":false},"excerpt":{"rendered":"<p> Para hacer que ECR 2022 sea a\u00fan m\u00e1s memorable, CBR cre\u00f3 la secci\u00f3n Punto de encuentro, con consejos para que los compa\u00f1eros radi\u00f3logos disfruten en Viena.<\/p>","protected":false},"author":16,"featured_media":42050,"comment_status":"closed","ping_status":"closed","sticky":false,"template":"","format":"standard","meta":{"_acf_changed":false,"footnotes":""},"categories":[493],"tags":[50,522,521,96,293,268],"class_list":["post-42041","post","type-post","status-publish","format-standard","has-post-thumbnail","hentry","category-cbr-sociedade","tag-cbr","tag-ecr","tag-ecr-2022","tag-radiologia","tag-radiologistas","tag-viena"],"acf":[],"_links":{"self":[{"href":"https:\/\/cbr.org.br\/es\/wp-json\/wp\/v2\/posts\/42041","targetHints":{"allow":["GET"]}}],"collection":[{"href":"https:\/\/cbr.org.br\/es\/wp-json\/wp\/v2\/posts"}],"about":[{"href":"https:\/\/cbr.org.br\/es\/wp-json\/wp\/v2\/types\/post"}],"author":[{"embeddable":true,"href":"https:\/\/cbr.org.br\/es\/wp-json\/wp\/v2\/users\/16"}],"replies":[{"embeddable":true,"href":"https:\/\/cbr.org.br\/es\/wp-json\/wp\/v2\/comments?post=42041"}],"version-history":[{"count":2,"href":"https:\/\/cbr.org.br\/es\/wp-json\/wp\/v2\/posts\/42041\/revisions"}],"predecessor-version":[{"id":42052,"href":"https:\/\/cbr.org.br\/es\/wp-json\/wp\/v2\/posts\/42041\/revisions\/42052"}],"wp:featuredmedia":[{"embeddable":true,"href":"https:\/\/cbr.org.br\/es\/wp-json\/wp\/v2\/media\/42050"}],"wp:attachment":[{"href":"https:\/\/cbr.org.br\/es\/wp-json\/wp\/v2\/media?parent=42041"}],"wp:term":[{"taxonomy":"category","embeddable":true,"href":"https:\/\/cbr.org.br\/es\/wp-json\/wp\/v2\/categories?post=42041"},{"taxonomy":"post_tag","embeddable":true,"href":"https:\/\/cbr.org.br\/es\/wp-json\/wp\/v2\/tags?post=42041"}],"curies":[{"name":"wp","href":"https:\/\/api.w.org\/{rel}","templated":true}]}}