{"id":42068,"date":"2022-07-01T17:02:21","date_gmt":"2022-07-01T20:02:21","guid":{"rendered":"https:\/\/cbr.org.br\/?p=42068"},"modified":"2022-07-12T17:17:18","modified_gmt":"2022-07-12T20:17:18","slug":"ponto-de-encontro-dicas-de-viena-para-quem-vai-ao-ecr-2022-bairros-descolados-parte-1","status":"publish","type":"post","link":"https:\/\/cbr.org.br\/es\/ponto-de-encontro-dicas-de-viena-para-quem-vai-ao-ecr-2022-bairros-descolados-parte-1\/","title":{"rendered":"Punto de Encuentro | Consejos de Viena para los asistentes a ECR 2022: Vecindarios geniales - Parte 1"},"content":{"rendered":"<p class=\"has-text-align-left\">Se acerca la hora de otro Congreso Europeo de Radiolog\u00eda (ECR), que se llevar\u00e1 a cabo del 13 al 17 de julio, en Viena, Austria, nuevamente de manera completamente presencial.<\/p>\n\n\n\n<p class=\"has-text-align-left\">La radiolog\u00eda brasile\u00f1a volver\u00e1 a estar representada por directores y asociados de CBR. Para hacer que este grandioso ECR 2022 sea a\u00fan m\u00e1s notable, el CBR cre\u00f3 la secci\u00f3n Punto de encuentro, con consejos para que los compa\u00f1eros radi\u00f3logos disfruten en Viena adem\u00e1s de las valiosas atracciones del Congreso.\u00a0<strong>EL TEMA DE ESTA SEMANA ES: EL BARRIO COOL DE VIENA - parte 1.<\/strong><\/p>\n\n\n\n<p class=\"has-text-align-left\">\u00a1Nos vemos en Viena!<\/p>\n\n\n\n<p class=\"has-text-align-center\"><strong>LEOPOLDSTADT (1020)<\/strong><\/p>\n\n\n\n<figure class=\"wp-block-image aligncenter size-full\"><img fetchpriority=\"high\" decoding=\"async\" width=\"600\" height=\"400\" src=\"https:\/\/cbr.org.br\/wp-content\/uploads\/2022\/07\/news-letter_ECR-2022_LUGARES-DESCOLADOS_slide-2.png\" alt=\"\" class=\"wp-image-42069\" srcset=\"https:\/\/cbr.org.br\/wp-content\/uploads\/2022\/07\/news-letter_ECR-2022_LUGARES-DESCOLADOS_slide-2.png 600w, https:\/\/cbr.org.br\/wp-content\/uploads\/2022\/07\/news-letter_ECR-2022_LUGARES-DESCOLADOS_slide-2-381x254.png 381w, https:\/\/cbr.org.br\/wp-content\/uploads\/2022\/07\/news-letter_ECR-2022_LUGARES-DESCOLADOS_slide-2-18x12.png 18w\" sizes=\"(max-width: 600px) 100vw, 600px\" \/><\/figure>\n\n\n\n<p class=\"has-text-align-center\"><strong>EL BARRIO M\u00c1S COOL DE VIENA<\/strong><\/p>\n\n\n\n<figure class=\"wp-block-image aligncenter size-full\"><img decoding=\"async\" width=\"600\" height=\"400\" src=\"https:\/\/cbr.org.br\/wp-content\/uploads\/2022\/07\/news-letter_ECR-2022_LUGARES-DESCOLADOS_slide-3.png\" alt=\"\" class=\"wp-image-42071\" srcset=\"https:\/\/cbr.org.br\/wp-content\/uploads\/2022\/07\/news-letter_ECR-2022_LUGARES-DESCOLADOS_slide-3.png 600w, https:\/\/cbr.org.br\/wp-content\/uploads\/2022\/07\/news-letter_ECR-2022_LUGARES-DESCOLADOS_slide-3-381x254.png 381w, https:\/\/cbr.org.br\/wp-content\/uploads\/2022\/07\/news-letter_ECR-2022_LUGARES-DESCOLADOS_slide-3-18x12.png 18w\" sizes=\"(max-width: 600px) 100vw, 600px\" \/><\/figure>\n\n\n\n<p class=\"has-text-align-center\">Para acceder a Leopoldstadt, hay que cruzar el Danubio y su canal. En esta orilla del r\u00edo, la arquitectura y la \u201cvibra\u201d tienen un perfil diferente.<\/p>\n\n\n\n<p class=\"has-text-align-center\"><strong>OTRO LADO DE VIENA<\/strong><\/p>\n\n\n\n<figure class=\"wp-block-image aligncenter size-full\"><img decoding=\"async\" width=\"600\" height=\"400\" src=\"https:\/\/cbr.org.br\/wp-content\/uploads\/2022\/07\/news-letter_ECR-2022_LUGARES-DESCOLADOS_slide-4.png\" alt=\"\" class=\"wp-image-42070\" srcset=\"https:\/\/cbr.org.br\/wp-content\/uploads\/2022\/07\/news-letter_ECR-2022_LUGARES-DESCOLADOS_slide-4.png 600w, https:\/\/cbr.org.br\/wp-content\/uploads\/2022\/07\/news-letter_ECR-2022_LUGARES-DESCOLADOS_slide-4-381x254.png 381w, https:\/\/cbr.org.br\/wp-content\/uploads\/2022\/07\/news-letter_ECR-2022_LUGARES-DESCOLADOS_slide-4-18x12.png 18w\" sizes=\"(max-width: 600px) 100vw, 600px\" \/><\/figure>\n\n\n\n<p class=\"has-text-align-center\">Edificios contempor\u00e1neos, zonas verdes, playas, tiendas vintage, bares y restaurantes que animan la vida nocturna de Leopoldstadt. Es otra ciudad dentro de la Viena cl\u00e1sica, que atrae a j\u00f3venes de todos los rincones. El multiculturalismo es su rasgo m\u00e1s palpable.<\/p>\n\n\n\n<p class=\"has-text-align-center\"><strong>KARMELITERMARKT<\/strong><\/p>\n\n\n\n<figure class=\"wp-block-image aligncenter size-full\"><img loading=\"lazy\" decoding=\"async\" width=\"600\" height=\"400\" src=\"https:\/\/cbr.org.br\/wp-content\/uploads\/2022\/07\/news-letter_ECR-2022_LUGARES-DESCOLADOS_slide-5.png\" alt=\"\" class=\"wp-image-42072\" srcset=\"https:\/\/cbr.org.br\/wp-content\/uploads\/2022\/07\/news-letter_ECR-2022_LUGARES-DESCOLADOS_slide-5.png 600w, https:\/\/cbr.org.br\/wp-content\/uploads\/2022\/07\/news-letter_ECR-2022_LUGARES-DESCOLADOS_slide-5-381x254.png 381w, https:\/\/cbr.org.br\/wp-content\/uploads\/2022\/07\/news-letter_ECR-2022_LUGARES-DESCOLADOS_slide-5-18x12.png 18w\" sizes=\"(max-width: 600px) 100vw, 600px\" \/><\/figure>\n\n\n\n<p class=\"has-text-align-center\">En Leopoldstadt tenemos el Karmelitermarkt, un mercado diario (excepto los domingos) poco habitual para muchos. Enmarcado entre coloridas fachadas, donde no solo podr\u00e1s disfrutar de productos naturales, sino tambi\u00e9n pasar la ma\u00f1ana en sus animadas terrazas.<\/p>\n\n\n\n<p class=\"has-text-align-center\"><strong>ZIMMER37<\/strong><\/p>\n\n\n\n<figure class=\"wp-block-image aligncenter size-full\"><img loading=\"lazy\" decoding=\"async\" width=\"600\" height=\"400\" src=\"https:\/\/cbr.org.br\/wp-content\/uploads\/2022\/07\/news-letter_ECR-2022_LUGARES-DESCOLADOS_slide-6.png\" alt=\"\" class=\"wp-image-42073\" srcset=\"https:\/\/cbr.org.br\/wp-content\/uploads\/2022\/07\/news-letter_ECR-2022_LUGARES-DESCOLADOS_slide-6.png 600w, https:\/\/cbr.org.br\/wp-content\/uploads\/2022\/07\/news-letter_ECR-2022_LUGARES-DESCOLADOS_slide-6-381x254.png 381w, https:\/\/cbr.org.br\/wp-content\/uploads\/2022\/07\/news-letter_ECR-2022_LUGARES-DESCOLADOS_slide-6-18x12.png 18w\" sizes=\"(max-width: 600px) 100vw, 600px\" \/><\/figure>\n\n\n\n<p class=\"has-text-align-center\">Sin duda, el fr\u00fchst\u00fcck (desayuno) que ofrece Zimmer37, una charcuter\u00eda y restaurante, ser\u00e1 uno de los m\u00e1s animados que hayas experimentado.<\/p>\n\n\n\n<p class=\"has-text-align-center\"><strong>CAF\u00c9 INFANTIL<\/strong><\/p>\n\n\n\n<figure class=\"wp-block-image aligncenter size-full\"><img loading=\"lazy\" decoding=\"async\" width=\"600\" height=\"400\" src=\"https:\/\/cbr.org.br\/wp-content\/uploads\/2022\/07\/news-letter_ECR-2022_LUGARES-DESCOLADOS_slide-7.png\" alt=\"\" class=\"wp-image-42074\" srcset=\"https:\/\/cbr.org.br\/wp-content\/uploads\/2022\/07\/news-letter_ECR-2022_LUGARES-DESCOLADOS_slide-7.png 600w, https:\/\/cbr.org.br\/wp-content\/uploads\/2022\/07\/news-letter_ECR-2022_LUGARES-DESCOLADOS_slide-7-381x254.png 381w, https:\/\/cbr.org.br\/wp-content\/uploads\/2022\/07\/news-letter_ECR-2022_LUGARES-DESCOLADOS_slide-7-18x12.png 18w\" sizes=\"(max-width: 600px) 100vw, 600px\" \/><\/figure>\n\n\n\n<p class=\"has-text-align-center\">Otra opci\u00f3n en el barrio es el Caf\u00e9 Einfahrt, para los que madrugan, ya que adem\u00e1s de variado y abundante, funciona hasta pasado el mediod\u00eda. Una excelente opci\u00f3n de restaurante es Am Nordpol 3, donde puedes comer uno de los mejores schnitzel de Viena.<\/p>\n\n\n\n<p class=\"has-text-align-center\"><strong>ARQUITECTURA<\/strong><\/p>\n\n\n\n<figure class=\"wp-block-image aligncenter size-full\"><img loading=\"lazy\" decoding=\"async\" width=\"600\" height=\"400\" src=\"https:\/\/cbr.org.br\/wp-content\/uploads\/2022\/07\/news-letter_ECR-2022_LUGARES-DESCOLADOS_slide-8.png\" alt=\"\" class=\"wp-image-42075\" srcset=\"https:\/\/cbr.org.br\/wp-content\/uploads\/2022\/07\/news-letter_ECR-2022_LUGARES-DESCOLADOS_slide-8.png 600w, https:\/\/cbr.org.br\/wp-content\/uploads\/2022\/07\/news-letter_ECR-2022_LUGARES-DESCOLADOS_slide-8-381x254.png 381w, https:\/\/cbr.org.br\/wp-content\/uploads\/2022\/07\/news-letter_ECR-2022_LUGARES-DESCOLADOS_slide-8-18x12.png 18w\" sizes=\"(max-width: 600px) 100vw, 600px\" \/><\/figure>\n\n\n\n<p class=\"has-text-align-center\">El barrio alberga nuevos estilos arquitect\u00f3nicos de vanguardia, como el complejo de viviendas y oficinas Viertel Zwei o el Campus Universitario de Econom\u00eda y Empresa, un conjunto de siete edificios que llevan el sello de artistas como Eduardo Arroyo, Zaha Hadid o Hitoshi Abe.<\/p>\n\n\n\n<hr class=\"wp-block-separator has-alpha-channel-opacity\"\/>\n\n\n\n<p class=\"has-text-align-center\"><strong>En el pr\u00f3ximo punto de encuentro<\/strong><\/p>\n\n\n\n<p class=\"has-text-align-center\">Las atracciones de SPITTELBERG y MARIAHILF, otros barrios geniales en Viena para que los compa\u00f1eros radi\u00f3logos visiten durante ECR 2022.<\/p>\n\n\n\n<p class=\"has-text-align-center\">\u00a1Hasta all\u00e1!<\/p>\n\n\n\n<hr class=\"wp-block-separator has-alpha-channel-opacity\"\/>\n\n\n\n<p><\/p>\n\n\n\n<h2 class=\"has-text-align-center wp-block-heading\"><strong>Echa un vistazo a otros consejos de Viena en ediciones anteriores:<\/strong><\/h2>\n\n\n\n<p class=\"has-text-align-center\"><strong>MUSEOS<\/strong><\/p>\n\n\n\n<figure class=\"wp-block-image aligncenter size-full\"><a href=\"https:\/\/cbr.org.br\/es\/ponto-de-encontro-dicas-de-viena-para-quem-vai-prestigiar-o-ecr-2022-museus\/\" target=\"_blank\" rel=\"noreferrer noopener\"><img loading=\"lazy\" decoding=\"async\" width=\"600\" height=\"400\" src=\"https:\/\/cbr.org.br\/wp-content\/uploads\/2022\/07\/newsletter_ECR22_Arquitetura_slide-7.png\" alt=\"\" class=\"wp-image-42047\" srcset=\"https:\/\/cbr.org.br\/wp-content\/uploads\/2022\/07\/newsletter_ECR22_Arquitetura_slide-7.png 600w, https:\/\/cbr.org.br\/wp-content\/uploads\/2022\/07\/newsletter_ECR22_Arquitetura_slide-7-381x254.png 381w, https:\/\/cbr.org.br\/wp-content\/uploads\/2022\/07\/newsletter_ECR22_Arquitetura_slide-7-18x12.png 18w\" sizes=\"(max-width: 600px) 100vw, 600px\" \/><\/a><\/figure>\n\n\n\n<p class=\"has-text-align-center\"><strong>RESTAURANTES Y CAFETER\u00cdAS<\/strong><\/p>\n\n\n\n<figure class=\"wp-block-image aligncenter size-full\"><a href=\"https:\/\/cbr.org.br\/es\/ponto-de-encontro-dicas-de-viena-para-quem-vai-ao-ecr-2022-restaurantes-e-cafes\/\" target=\"_blank\" rel=\"noreferrer noopener\"><img loading=\"lazy\" decoding=\"async\" width=\"600\" height=\"400\" src=\"https:\/\/cbr.org.br\/wp-content\/uploads\/2022\/07\/cafe-central-viena.jpg\" alt=\"\" class=\"wp-image-42079\" srcset=\"https:\/\/cbr.org.br\/wp-content\/uploads\/2022\/07\/cafe-central-viena.jpg 600w, https:\/\/cbr.org.br\/wp-content\/uploads\/2022\/07\/cafe-central-viena-381x254.jpg 381w, https:\/\/cbr.org.br\/wp-content\/uploads\/2022\/07\/cafe-central-viena-18x12.jpg 18w\" sizes=\"(max-width: 600px) 100vw, 600px\" \/><\/a><\/figure>\n\n\n\n<p class=\"has-text-align-center\"><strong>M\u00daSICA<\/strong><\/p>\n\n\n\n<figure class=\"wp-block-image aligncenter size-full\"><a href=\"https:\/\/cbr.org.br\/es\/ponto-de-encontro-dicas-de-viena-para-quem-vai-ao-ecr-2022-musica\/\" target=\"_blank\" rel=\"noreferrer noopener\"><img loading=\"lazy\" decoding=\"async\" width=\"600\" height=\"400\" src=\"https:\/\/cbr.org.br\/wp-content\/uploads\/2022\/06\/news-letter_ECR-2022_MUSICA_slide-2.png\" alt=\"ecr 2022 cbr\" class=\"wp-image-41860\" srcset=\"https:\/\/cbr.org.br\/wp-content\/uploads\/2022\/06\/news-letter_ECR-2022_MUSICA_slide-2.png 600w, https:\/\/cbr.org.br\/wp-content\/uploads\/2022\/06\/news-letter_ECR-2022_MUSICA_slide-2-381x254.png 381w, https:\/\/cbr.org.br\/wp-content\/uploads\/2022\/06\/news-letter_ECR-2022_MUSICA_slide-2-18x12.png 18w\" sizes=\"(max-width: 600px) 100vw, 600px\" \/><\/a><\/figure>\n\n\n\n<p class=\"has-text-align-center\"><strong>SECRETOS DE VIENA<\/strong><\/p>\n\n\n\n<figure class=\"wp-block-image aligncenter size-full\"><a href=\"https:\/\/cbr.org.br\/es\/ponto-de-encontro-dicas-para-quem-vai-ao-ecr-2022-segredos-de-viena\/\" target=\"_blank\" rel=\"noreferrer noopener\"><img loading=\"lazy\" decoding=\"async\" width=\"600\" height=\"400\" src=\"https:\/\/cbr.org.br\/wp-content\/uploads\/2022\/06\/news-letter_ECR-2022_SEGREDOS-DE-VIANA_slide-2-1.png\" alt=\"\" class=\"wp-image-41927\" srcset=\"https:\/\/cbr.org.br\/wp-content\/uploads\/2022\/06\/news-letter_ECR-2022_SEGREDOS-DE-VIANA_slide-2-1.png 600w, https:\/\/cbr.org.br\/wp-content\/uploads\/2022\/06\/news-letter_ECR-2022_SEGREDOS-DE-VIANA_slide-2-1-381x254.png 381w, https:\/\/cbr.org.br\/wp-content\/uploads\/2022\/06\/news-letter_ECR-2022_SEGREDOS-DE-VIANA_slide-2-1-18x12.png 18w\" sizes=\"(max-width: 600px) 100vw, 600px\" \/><\/a><\/figure>\n\n\n\n<p class=\"has-text-align-center\"><strong>ARQUITECTURA<\/strong><\/p>\n\n\n\n<figure class=\"wp-block-image aligncenter size-full\"><a href=\"https:\/\/cbr.org.br\/es\/ponto-de-encontro-dicas-de-viena-para-quem-vai-ao-ecr-2022-arquitetura\/\" target=\"_blank\" rel=\"noreferrer noopener\"><img loading=\"lazy\" decoding=\"async\" width=\"600\" height=\"400\" src=\"https:\/\/cbr.org.br\/wp-content\/uploads\/2022\/07\/newsletter_ECR22_Arquitetura_slide-5.png\" alt=\"\" class=\"wp-image-42045\" srcset=\"https:\/\/cbr.org.br\/wp-content\/uploads\/2022\/07\/newsletter_ECR22_Arquitetura_slide-5.png 600w, https:\/\/cbr.org.br\/wp-content\/uploads\/2022\/07\/newsletter_ECR22_Arquitetura_slide-5-381x254.png 381w, https:\/\/cbr.org.br\/wp-content\/uploads\/2022\/07\/newsletter_ECR22_Arquitetura_slide-5-18x12.png 18w\" sizes=\"(max-width: 600px) 100vw, 600px\" \/><\/a><\/figure>\n\n\n\n<p><\/p>","protected":false},"excerpt":{"rendered":"<p>Para hacer que ECR 2022 sea a\u00fan m\u00e1s memorable, CBR cre\u00f3 la secci\u00f3n Punto de encuentro, con consejos para que los compa\u00f1eros radi\u00f3logos disfruten en Viena.<\/p>","protected":false},"author":16,"featured_media":42076,"comment_status":"closed","ping_status":"closed","sticky":false,"template":"","format":"standard","meta":{"_acf_changed":false,"footnotes":""},"categories":[493],"tags":[50,521,96,268],"class_list":["post-42068","post","type-post","status-publish","format-standard","has-post-thumbnail","hentry","category-cbr-sociedade","tag-cbr","tag-ecr-2022","tag-radiologia","tag-viena"],"acf":[],"_links":{"self":[{"href":"https:\/\/cbr.org.br\/es\/wp-json\/wp\/v2\/posts\/42068","targetHints":{"allow":["GET"]}}],"collection":[{"href":"https:\/\/cbr.org.br\/es\/wp-json\/wp\/v2\/posts"}],"about":[{"href":"https:\/\/cbr.org.br\/es\/wp-json\/wp\/v2\/types\/post"}],"author":[{"embeddable":true,"href":"https:\/\/cbr.org.br\/es\/wp-json\/wp\/v2\/users\/16"}],"replies":[{"embeddable":true,"href":"https:\/\/cbr.org.br\/es\/wp-json\/wp\/v2\/comments?post=42068"}],"version-history":[{"count":3,"href":"https:\/\/cbr.org.br\/es\/wp-json\/wp\/v2\/posts\/42068\/revisions"}],"predecessor-version":[{"id":42082,"href":"https:\/\/cbr.org.br\/es\/wp-json\/wp\/v2\/posts\/42068\/revisions\/42082"}],"wp:featuredmedia":[{"embeddable":true,"href":"https:\/\/cbr.org.br\/es\/wp-json\/wp\/v2\/media\/42076"}],"wp:attachment":[{"href":"https:\/\/cbr.org.br\/es\/wp-json\/wp\/v2\/media?parent=42068"}],"wp:term":[{"taxonomy":"category","embeddable":true,"href":"https:\/\/cbr.org.br\/es\/wp-json\/wp\/v2\/categories?post=42068"},{"taxonomy":"post_tag","embeddable":true,"href":"https:\/\/cbr.org.br\/es\/wp-json\/wp\/v2\/tags?post=42068"}],"curies":[{"name":"wp","href":"https:\/\/api.w.org\/{rel}","templated":true}]}}