{"id":42181,"date":"2022-07-12T15:54:12","date_gmt":"2022-07-12T18:54:12","guid":{"rendered":"https:\/\/cbr.org.br\/?p=42181"},"modified":"2022-07-12T15:54:13","modified_gmt":"2022-07-12T18:54:13","slug":"ecr-2022-tera-homenagem-a-manoel-de-souza-rocha-ex-presidente-do-cbr","status":"publish","type":"post","link":"https:\/\/cbr.org.br\/es\/ecr-2022-tera-homenagem-a-manoel-de-souza-rocha-ex-presidente-do-cbr\/","title":{"rendered":"ECR 2022 rendir\u00e1 homenaje a Manoel de Souza Rocha, expresidente de CBR"},"content":{"rendered":"<p>El ex presidente del Colegio Brasile\u00f1o de Radiolog\u00eda e Im\u00e1genes de Diagn\u00f3stico (CBR), el profesor Manoel de Souza Rocha ser\u00e1 homenajeado en el Congreso Europeo de Radiolog\u00eda (<em>Congreso Europeo de Radiolog\u00eda<\/em> \u2013 ECR) 2022, uno de los eventos m\u00e1s grandes e importantes a nivel mundial de la especialidad, que se llevar\u00e1 a cabo del 13 al 17 de julio, en Viena, Austria. Se convertir\u00e1 en Miembro de Honor de la Sociedad Europea de Radiolog\u00eda (<em>Sociedad Europea de Radiolog\u00eda<\/em> \u2013 ESR), responsable del congreso.<\/p>\n\n\n\n<figure class=\"wp-block-image size-full\"><img fetchpriority=\"high\" decoding=\"async\" width=\"1800\" height=\"750\" src=\"https:\/\/cbr.org.br\/wp-content\/uploads\/2022\/07\/dr.-manoel-souza-rocha-cbr.jpg\" alt=\"Manoel de Souza Rocha CBR radiologia radiologista ecr 2022\" class=\"wp-image-42187\" srcset=\"https:\/\/cbr.org.br\/wp-content\/uploads\/2022\/07\/dr.-manoel-souza-rocha-cbr.jpg 1800w, https:\/\/cbr.org.br\/wp-content\/uploads\/2022\/07\/dr.-manoel-souza-rocha-cbr-960x400.jpg 960w, https:\/\/cbr.org.br\/wp-content\/uploads\/2022\/07\/dr.-manoel-souza-rocha-cbr-450x188.jpg 450w, https:\/\/cbr.org.br\/wp-content\/uploads\/2022\/07\/dr.-manoel-souza-rocha-cbr-768x320.jpg 768w, https:\/\/cbr.org.br\/wp-content\/uploads\/2022\/07\/dr.-manoel-souza-rocha-cbr-1536x640.jpg 1536w, https:\/\/cbr.org.br\/wp-content\/uploads\/2022\/07\/dr.-manoel-souza-rocha-cbr-18x8.jpg 18w\" sizes=\"(max-width: 1800px) 100vw, 1800px\" \/><\/figure>\n\n\n\n<p>Manoel de Souza Rocha es profesor asociado de Radiolog\u00eda en la Universidad de S\u00e3o Paulo (USP). Se gradu\u00f3 en la Facultad de Medicina de la USP e hizo una residencia en radiolog\u00eda en el Hospital das Cl\u00ednicas de S\u00e3o Paulo. Trabajando en el hospital universitario m\u00e1s grande de Brasil, fue responsable de introducir la participaci\u00f3n de radi\u00f3logos en reuniones de equipos multidisciplinarios y hoy tiene actividades educativas diarias con residentes de radiolog\u00eda, cirug\u00eda y gastroenterolog\u00eda.<\/p>\n\n\n\n<p>Sirvi\u00f3 cuatro a\u00f1os como director cient\u00edfico y dos a\u00f1os como presidente de CBR, entre 2017 y 2018. Durante este per\u00edodo, CBR hizo grandes esfuerzos para ofrecer actividades educativas a los radi\u00f3logos de diferentes regiones de Brasil y para desarrollar nuevos m\u00e9todos de educaci\u00f3n en l\u00ednea, con especial inter\u00e9s en el uso de las redes sociales. Como presidente de CBR, tambi\u00e9n tom\u00f3 la iniciativa de fortalecer la relaci\u00f3n con ESR, lo que result\u00f3 en el honor &quot;Best of ECR&quot;.<\/p>\n\n\n\n<p>Desde el inicio de su carrera profesional, el profesor Manoel de Souza Rocha ha mostrado un gran inter\u00e9s en la formaci\u00f3n de estudiantes de medicina. Esta devoci\u00f3n ha resultado en recibir m\u00e1s de 20 Premios Anuales de Ense\u00f1anza. Es Miembro de Honor de <em>Sociedad Americana de Rayos Roentgen<\/em> (ARRS), Sociedad de Radiolog\u00eda de Piau\u00ed, Sociedad de Radiolog\u00eda de Cear\u00e1, Sociedad de Radiolog\u00eda de Pernambuco, y recibi\u00f3 la Medalla de Oro CBR.<\/p>\n\n\n\n<p>Uno de los pioneros en el trabajo con tomograf\u00eda computarizada en el pa\u00eds, es autor de m\u00e1s de 100 publicaciones arbitradas, 50 cap\u00edtulos de libros y dos libros sobre radiolog\u00eda abdominal. Tambi\u00e9n coedit\u00f3 cinco libros sobre radiolog\u00eda y dio m\u00e1s de 700 conferencias en Brasil y otros pa\u00edses, entre otros logros.<\/p>\n\n\n\n<div class=\"wp-block-buttons is-layout-flex wp-block-buttons-is-layout-flex\">\n<div class=\"wp-block-button aligncenter\"><a class=\"wp-block-button__link\" href=\"https:\/\/www.myesr.org\/congress\" target=\"_blank\" rel=\"noreferrer noopener\"><strong>Obtenga m\u00e1s informaci\u00f3n sobre ECR 2022<\/strong><\/a><\/div>\n<\/div>\n\n\n\n<p><strong>Lea tambi\u00e9n: <a href=\"https:\/\/cbr.org.br\/es\/defesa-profissional-para-fortalecer-o-trabalho-do-radiologista\/\" target=\"_blank\" rel=\"noreferrer noopener\">Defensa Profesional para fortalecer la labor del radi\u00f3logo<\/a><\/strong><\/p>","protected":false},"excerpt":{"rendered":"<p>El expresidente del Colegio Brasile\u00f1o de Radiolog\u00eda e Im\u00e1genes de Diagn\u00f3stico (CBR), Manoel de Souza Rocha, ser\u00e1 homenajeado en ECR 2022.<\/p>","protected":false},"author":16,"featured_media":42187,"comment_status":"closed","ping_status":"closed","sticky":false,"template":"","format":"standard","meta":{"_acf_changed":false,"footnotes":""},"categories":[493,10],"tags":[50,521,96,66],"class_list":["post-42181","post","type-post","status-publish","format-standard","has-post-thumbnail","hentry","category-cbr-sociedade","category-institucional","tag-cbr","tag-ecr-2022","tag-radiologia","tag-radiologista"],"acf":[],"_links":{"self":[{"href":"https:\/\/cbr.org.br\/es\/wp-json\/wp\/v2\/posts\/42181","targetHints":{"allow":["GET"]}}],"collection":[{"href":"https:\/\/cbr.org.br\/es\/wp-json\/wp\/v2\/posts"}],"about":[{"href":"https:\/\/cbr.org.br\/es\/wp-json\/wp\/v2\/types\/post"}],"author":[{"embeddable":true,"href":"https:\/\/cbr.org.br\/es\/wp-json\/wp\/v2\/users\/16"}],"replies":[{"embeddable":true,"href":"https:\/\/cbr.org.br\/es\/wp-json\/wp\/v2\/comments?post=42181"}],"version-history":[{"count":2,"href":"https:\/\/cbr.org.br\/es\/wp-json\/wp\/v2\/posts\/42181\/revisions"}],"predecessor-version":[{"id":42188,"href":"https:\/\/cbr.org.br\/es\/wp-json\/wp\/v2\/posts\/42181\/revisions\/42188"}],"wp:featuredmedia":[{"embeddable":true,"href":"https:\/\/cbr.org.br\/es\/wp-json\/wp\/v2\/media\/42187"}],"wp:attachment":[{"href":"https:\/\/cbr.org.br\/es\/wp-json\/wp\/v2\/media?parent=42181"}],"wp:term":[{"taxonomy":"category","embeddable":true,"href":"https:\/\/cbr.org.br\/es\/wp-json\/wp\/v2\/categories?post=42181"},{"taxonomy":"post_tag","embeddable":true,"href":"https:\/\/cbr.org.br\/es\/wp-json\/wp\/v2\/tags?post=42181"}],"curies":[{"name":"wp","href":"https:\/\/api.w.org\/{rel}","templated":true}]}}