{"id":42189,"date":"2022-07-12T16:11:07","date_gmt":"2022-07-12T19:11:07","guid":{"rendered":"https:\/\/cbr.org.br\/?p=42189"},"modified":"2022-07-13T08:59:56","modified_gmt":"2022-07-13T11:59:56","slug":"cabeca-e-pescoco-sera-tema-de-diversas-atividades-cientificas-no-cbr22","status":"publish","type":"post","link":"https:\/\/cbr.org.br\/es\/cabeca-e-pescoco-sera-tema-de-diversas-atividades-cientificas-no-cbr22\/","title":{"rendered":"Head and Neck ser\u00e1 objeto de varias actividades cient\u00edficas en CBR22"},"content":{"rendered":"<p>La subespecialidad de Cabeza y Cuello ser\u00e1 objeto de varias actividades cient\u00edficas en el 51\u00ba Congreso Brasile\u00f1o de Radiolog\u00eda y Diagn\u00f3stico por Im\u00e1genes (CBR22), que se realizar\u00e1 del 1 al 3 de septiembre, en Florian\u00f3polis (SC). Hacia <a href=\"https:\/\/congressocbr.com.br\/cbr2022\" target=\"_blank\" rel=\"noreferrer noopener\">las inscripciones ya est\u00e1n abiertas<\/a>.<\/p>\n\n\n\n<figure class=\"wp-block-image size-full\"><a href=\"https:\/\/congressocbr.com.br\/cbr2022\" target=\"_blank\" rel=\"noreferrer noopener\"><img fetchpriority=\"high\" decoding=\"async\" width=\"1800\" height=\"750\" src=\"https:\/\/cbr.org.br\/wp-content\/uploads\/2022\/07\/cabeca-e-pescoco-radiologia-radiologista-cbr22-cbr.png\" alt=\"cabe\u00e7a e pesco\u00e7o radiologia radiologista cbr22 cbr\" class=\"wp-image-42190\" srcset=\"https:\/\/cbr.org.br\/wp-content\/uploads\/2022\/07\/cabeca-e-pescoco-radiologia-radiologista-cbr22-cbr.png 1800w, https:\/\/cbr.org.br\/wp-content\/uploads\/2022\/07\/cabeca-e-pescoco-radiologia-radiologista-cbr22-cbr-960x400.png 960w, https:\/\/cbr.org.br\/wp-content\/uploads\/2022\/07\/cabeca-e-pescoco-radiologia-radiologista-cbr22-cbr-450x188.png 450w, https:\/\/cbr.org.br\/wp-content\/uploads\/2022\/07\/cabeca-e-pescoco-radiologia-radiologista-cbr22-cbr-768x320.png 768w, https:\/\/cbr.org.br\/wp-content\/uploads\/2022\/07\/cabeca-e-pescoco-radiologia-radiologista-cbr22-cbr-1536x640.png 1536w, https:\/\/cbr.org.br\/wp-content\/uploads\/2022\/07\/cabeca-e-pescoco-radiologia-radiologista-cbr22-cbr-18x8.png 18w\" sizes=\"(max-width: 1800px) 100vw, 1800px\" \/><\/a><\/figure>\n\n\n\n<p>Las actividades de Head and Neck en CBR22 se llevar\u00e1n a cabo los d\u00edas 2 y 3 de septiembre. El primer d\u00eda estar\u00e1 repleto de cursos de actualizaci\u00f3n en: \u00d3rbitas, Base de cr\u00e1neo y rinofaringe, Gl\u00e1ndulas salivales, Huesos temporales, Cavidad oral y orofaringe, Senos paranasales, Laringe e hipofaringe y Maxilar y mand\u00edbula.<\/p>\n\n\n\n<p>Al d\u00eda siguiente, las actividades de Head and Neck en CBR22 ser\u00e1n:<\/p>\n\n\n\n<p><strong><em>Casos raros y desafiantes en\u2026 \u00bfqu\u00e9 aprend\u00ed de ellos?:<\/em><\/strong> Base del cr\u00e1neo, huesos temporales, gl\u00e1ndulas paratiroides y huesos temporales<br><strong><em>C\u00f3mo informo: la vida tal como es\u2026:<\/em> <\/strong>Cajero Autom\u00e1tico, Scan Dental, \u00d3rbitas y Senos Paranasales<br><em><strong>Mesa de Tumores \/ Sesi\u00f3n Multidisciplinar<\/strong><br><strong>Novedades en la literatura sobre\u2026:<\/strong> <\/em>Bulbo olfatorio, gl\u00e1ndula tiroides, arterias car\u00f3tidas: evaluaci\u00f3n de im\u00e1genes de placa y actualizaci\u00f3n de la clasificaci\u00f3n de la OMS de neoplasias de cabeza y cuello<br><em><strong>Temas de actualidad:<\/strong> <\/em>Neurograf\u00eda, Enfermedad de Meni\u00e8re y Permeabilidad.<br><em><strong>Punto y contrapunto:<\/strong> <\/em>Hipoacusia neurosensorial: RM con contraste o RM sin contraste<\/p>\n\n\n\n<p><strong>expertos de renombre<\/strong><\/p>\n\n\n\n<p>Todas las actividades contar\u00e1n con la participaci\u00f3n de reconocidos expertos en la materia. Ellos son: Eloisa Santiago Gebrim (SP), Regina Lucia Elia Gomes (SP), Anna Patr\u00edcia de Freitas Linhares Riello (RJ), Luiz Ot\u00e1vio de Mattos Coelho (PR), Maira de Oliveira Sarpi (SP), Ula Lindoso Passos (SP) ), Rafael Maffei Loureiro (SP), Marielli Benedet Dal Bo (SC), Ademar Jos\u00e9 de Oliveira Paes J\u00fanior (SC), Vicente Martorano Menegotto (SC), Daniel Knabben Ortelado (SC) y Hor\u00e1cio Chikota (SC).<\/p>\n\n\n\n<h2 class=\"wp-block-heading\"><strong>Otras subespecialidades en CBR22<\/strong><\/h2>\n\n\n\n<p>Adem\u00e1s de Cabeza y Cuello, el 51\u00ba Congreso Brasile\u00f1o de Radiolog\u00eda e Im\u00e1genes de Diagn\u00f3stico contar\u00e1 con actividades de otras 15 subespecialidades y diversos temas de inter\u00e9s en radiolog\u00eda. CBR22 tambi\u00e9n contar\u00e1 con Arenas, Marat\u00f3n, exhibici\u00f3n de trabajos cient\u00edficos y mucho m\u00e1s. Todo en un ambiente enfocado a promover una amplia integraci\u00f3n entre los participantes.<\/p>\n\n\n\n<p>No te quedes fuera.<\/p>\n\n\n\n<div class=\"wp-block-buttons is-layout-flex wp-block-buttons-is-layout-flex\">\n<div class=\"wp-block-button aligncenter\"><a class=\"wp-block-button__link\" href=\"https:\/\/congressocbr.com.br\/cbr2022\" target=\"_blank\" rel=\"noreferrer noopener\"><strong>Reg\u00edstrese ahora mismo<\/strong><\/a><\/div>\n<\/div>\n\n\n\n<p><strong>Lea tambi\u00e9n: <a href=\"https:\/\/cbr.org.br\/es\/ecr-2022-tera-homenagem-a-manoel-de-souza-rocha-ex-presidente-do-cbr\/\" target=\"_blank\" rel=\"noreferrer noopener\">ECR 2022 rendir\u00e1 homenaje a Manoel de Souza Rocha, expresidente de CBR<\/a><\/strong><\/p>","protected":false},"excerpt":{"rendered":"<p>Cabeza y Cuello ser\u00e1 objeto de varias actividades cient\u00edficas en el 51\u00ba Congreso Brasile\u00f1o de Radiolog\u00eda e Im\u00e1genes de Diagn\u00f3stico (CBR22).<\/p>","protected":false},"author":16,"featured_media":42190,"comment_status":"closed","ping_status":"closed","sticky":false,"template":"","format":"standard","meta":{"_acf_changed":false,"footnotes":""},"categories":[491,10],"tags":[540,50,512,111,96,66],"class_list":["post-42189","post","type-post","status-publish","format-standard","has-post-thumbnail","hentry","category-cbr-educa","category-institucional","tag-cabeca-e-pescoco","tag-cbr","tag-cbr22","tag-diagnostico-por-imagem","tag-radiologia","tag-radiologista"],"acf":[],"_links":{"self":[{"href":"https:\/\/cbr.org.br\/es\/wp-json\/wp\/v2\/posts\/42189","targetHints":{"allow":["GET"]}}],"collection":[{"href":"https:\/\/cbr.org.br\/es\/wp-json\/wp\/v2\/posts"}],"about":[{"href":"https:\/\/cbr.org.br\/es\/wp-json\/wp\/v2\/types\/post"}],"author":[{"embeddable":true,"href":"https:\/\/cbr.org.br\/es\/wp-json\/wp\/v2\/users\/16"}],"replies":[{"embeddable":true,"href":"https:\/\/cbr.org.br\/es\/wp-json\/wp\/v2\/comments?post=42189"}],"version-history":[{"count":3,"href":"https:\/\/cbr.org.br\/es\/wp-json\/wp\/v2\/posts\/42189\/revisions"}],"predecessor-version":[{"id":42252,"href":"https:\/\/cbr.org.br\/es\/wp-json\/wp\/v2\/posts\/42189\/revisions\/42252"}],"wp:featuredmedia":[{"embeddable":true,"href":"https:\/\/cbr.org.br\/es\/wp-json\/wp\/v2\/media\/42190"}],"wp:attachment":[{"href":"https:\/\/cbr.org.br\/es\/wp-json\/wp\/v2\/media?parent=42189"}],"wp:term":[{"taxonomy":"category","embeddable":true,"href":"https:\/\/cbr.org.br\/es\/wp-json\/wp\/v2\/categories?post=42189"},{"taxonomy":"post_tag","embeddable":true,"href":"https:\/\/cbr.org.br\/es\/wp-json\/wp\/v2\/tags?post=42189"}],"curies":[{"name":"wp","href":"https:\/\/api.w.org\/{rel}","templated":true}]}}