{"id":42307,"date":"2022-07-18T10:02:36","date_gmt":"2022-07-18T13:02:36","guid":{"rendered":"https:\/\/cbr.org.br\/?p=42307"},"modified":"2022-07-18T10:03:16","modified_gmt":"2022-07-18T13:03:16","slug":"o-paciente-no-centro-do-cuidado-em-pauta-no-i-simposio-de-qualidade-e-gestao-de-clinicas-do-cbr","status":"publish","type":"post","link":"https:\/\/cbr.org.br\/es\/o-paciente-no-centro-do-cuidado-em-pauta-no-i-simposio-de-qualidade-e-gestao-de-clinicas-do-cbr\/","title":{"rendered":"El paciente en el centro de atenci\u00f3n en la agenda del I Simposio de Calidad y Gesti\u00f3n Cl\u00ednica CBR"},"content":{"rendered":"<p>El paciente en el centro de atenci\u00f3n es el tema de uno de los 11 paneles del 1er Simposio sobre Calidad y Gesti\u00f3n de Cl\u00ednicas del Colegio Brasile\u00f1o de Radiolog\u00eda y Diagn\u00f3stico por Imagen (CBR), que se realizar\u00e1 del 1 al 3 de septiembre, en Florian\u00f3polis (SC) ).<\/p>\n\n\n\n<p>El evento reunir\u00e1 presentaciones de metodolog\u00edas, debates y casos de \u00e9xito de reconocidas instituciones que contribuyen al conocimiento y aplicaci\u00f3n de las mejores pr\u00e1cticas de gesti\u00f3n y calidad en los servicios de radiolog\u00eda e imagenolog\u00eda. Ya est\u00e1n abiertas las inscripciones, con descuento para los que se anticipen.<\/p>\n\n\n\n<p>el panel tem\u00e1tico <strong>El paciente en el centro de atenci\u00f3n<\/strong> se llevar\u00e1 a cabo el jueves 1 de septiembre, con los siguientes temas y actividades:<\/p>\n\n\n\n<p><strong>\u2013 Decisi\u00f3n compartida: comunicaci\u00f3n pre y post examen<\/strong>, con una conferencia de Linei Urban, radi\u00f3loga, responsable del Sector de Mama de la Cl\u00ednica DAPI, en Curitiba (PR). Coordinador de la Comisi\u00f3n Nacional de Mamograf\u00eda del Colegio Brasile\u00f1o de Radiolog\u00eda y Diagn\u00f3stico por Im\u00e1genes (CBR).<\/p>\n\n\n\n<p><strong>&#8211; <em>divulgaci\u00f3n<\/em> \u2013 comunicaci\u00f3n de hallazgos cr\u00edticos<\/strong>, con conferencia de Jovita Lane Soares Santos Zanini, profesora del Departamento de Anatom\u00eda e Imagen de la Facultad de Medicina de la UFMG, m\u00e9dica asistente y preceptora de la Unidad de Diagn\u00f3stico por Imagen del Hospital das Cl\u00ednicas de la UFMG, actuando en el \u00e1rea de Pediatr\u00eda, gerente de Ense\u00f1anza del Hospital das Cl\u00ednicas de la UFMG, Mag\u00edster en Salud del Ni\u00f1o y del Adolescente de la UFMG y doctorando en el mismo programa.<\/p>\n\n\n\n<p><strong>\u2013 Presentaci\u00f3n de un caso de paciente real<\/strong>, con presentaci\u00f3n de caso de Aline Ducatti, consultora en gesti\u00f3n ejecutiva de salud, gesti\u00f3n de proyectos de salud y certificaciones de calidad, auditora Padi desde 2015<\/p>\n\n\n\n<p><strong>- Mesa redonda<\/strong> con Adriano Tachibana, radi\u00f3logo del Hospital Albert Einstein, miembro de la Comisi\u00f3n de Acreditaci\u00f3n en Diagn\u00f3stico por Im\u00e1genes (Cadi) del CBR; y Ruy Moraes M. Guimar\u00e3es, coordinador del Programa de Acreditaci\u00f3n de Im\u00e1genes Diagn\u00f3sticas (PADI) y director cl\u00ednico del Hospital Centro M\u00e9dico de Campinas<\/p>\n\n\n\n<h2 class=\"wp-block-heading\"><strong>Otros paneles del I Simposio Calidad y Gesti\u00f3n Cl\u00ednica CBR<\/strong><\/h2>\n\n\n\n<figure class=\"wp-block-image size-full\"><a href=\"https:\/\/congressocbr.com.br\/site\/cbr2022\/qualidade-e-gestao-de-clinicas\" target=\"_blank\" rel=\"noreferrer noopener\"><img fetchpriority=\"high\" decoding=\"async\" width=\"1800\" height=\"750\" src=\"https:\/\/cbr.org.br\/wp-content\/uploads\/2022\/07\/MicrosoftTeams-image-48.jpg\" alt=\"simposio qualidade gest\u00e3o de cl\u00ednicas CBR Padi acredita\u00e7\u00e3o\" class=\"wp-image-42265\" srcset=\"https:\/\/cbr.org.br\/wp-content\/uploads\/2022\/07\/MicrosoftTeams-image-48.jpg 1800w, https:\/\/cbr.org.br\/wp-content\/uploads\/2022\/07\/MicrosoftTeams-image-48-960x400.jpg 960w, https:\/\/cbr.org.br\/wp-content\/uploads\/2022\/07\/MicrosoftTeams-image-48-450x188.jpg 450w, https:\/\/cbr.org.br\/wp-content\/uploads\/2022\/07\/MicrosoftTeams-image-48-768x320.jpg 768w, https:\/\/cbr.org.br\/wp-content\/uploads\/2022\/07\/MicrosoftTeams-image-48-1536x640.jpg 1536w, https:\/\/cbr.org.br\/wp-content\/uploads\/2022\/07\/MicrosoftTeams-image-48-18x8.jpg 18w\" sizes=\"(max-width: 1800px) 100vw, 1800px\" \/><\/a><\/figure>\n\n\n\n<p>Los dem\u00e1s paneles del I Simposio de Calidad y Gesti\u00f3n de Cl\u00ednicas RBC tendr\u00e1n temas como: <a href=\"https:\/\/cbr.org.br\/es\/padi-sera-tema-de-painel-exclusivo-no-i-simposio-de-qualidade-e-gestao-de-clinicas-do-cbr\/\" target=\"_blank\" rel=\"noreferrer noopener\">padi<\/a>, LGPD, Seguridad en Telerradiolog\u00eda, Calidad en la Agenda, LGPD como herramienta para la seguridad de la informaci\u00f3n y tendencias en el mercado de la salud. El evento tambi\u00e9n contar\u00e1 con presentaciones de trabajos cient\u00edficos en el \u00e1rea de Calidad y Gesti\u00f3n.<\/p>\n\n\n\n<p>Haga clic en el bot\u00f3n de abajo para ver el programa completo y registrarse.<\/p>\n\n\n\n<div class=\"wp-block-buttons is-layout-flex wp-block-buttons-is-layout-flex\">\n<div class=\"wp-block-button aligncenter\"><a class=\"wp-block-button__link\" href=\"https:\/\/congressocbr.com.br\/site\/cbr2022\/qualidade-e-gestao-de-clinicas\" target=\"_blank\" rel=\"noreferrer noopener\"><strong>Reg\u00edstrese ahora mismo&nbsp;<\/strong><\/a><\/div>\n<\/div>","protected":false},"excerpt":{"rendered":"<p>El paciente en el centro de atenci\u00f3n es el tema de uno de los 11 paneles del 1er Simposio de Calidad y Gesti\u00f3n Cl\u00ednica CBR.<\/p>","protected":false},"author":16,"featured_media":42265,"comment_status":"closed","ping_status":"closed","sticky":false,"template":"","format":"standard","meta":{"_acf_changed":false,"footnotes":""},"categories":[494,10],"tags":[50,111,327,297,96],"class_list":["post-42307","post","type-post","status-publish","format-standard","has-post-thumbnail","hentry","category-cbr-clinicas","category-institucional","tag-cbr","tag-diagnostico-por-imagem","tag-gestao-de-clinicas","tag-qualidade","tag-radiologia"],"acf":[],"_links":{"self":[{"href":"https:\/\/cbr.org.br\/es\/wp-json\/wp\/v2\/posts\/42307","targetHints":{"allow":["GET"]}}],"collection":[{"href":"https:\/\/cbr.org.br\/es\/wp-json\/wp\/v2\/posts"}],"about":[{"href":"https:\/\/cbr.org.br\/es\/wp-json\/wp\/v2\/types\/post"}],"author":[{"embeddable":true,"href":"https:\/\/cbr.org.br\/es\/wp-json\/wp\/v2\/users\/16"}],"replies":[{"embeddable":true,"href":"https:\/\/cbr.org.br\/es\/wp-json\/wp\/v2\/comments?post=42307"}],"version-history":[{"count":3,"href":"https:\/\/cbr.org.br\/es\/wp-json\/wp\/v2\/posts\/42307\/revisions"}],"predecessor-version":[{"id":42310,"href":"https:\/\/cbr.org.br\/es\/wp-json\/wp\/v2\/posts\/42307\/revisions\/42310"}],"wp:featuredmedia":[{"embeddable":true,"href":"https:\/\/cbr.org.br\/es\/wp-json\/wp\/v2\/media\/42265"}],"wp:attachment":[{"href":"https:\/\/cbr.org.br\/es\/wp-json\/wp\/v2\/media?parent=42307"}],"wp:term":[{"taxonomy":"category","embeddable":true,"href":"https:\/\/cbr.org.br\/es\/wp-json\/wp\/v2\/categories?post=42307"},{"taxonomy":"post_tag","embeddable":true,"href":"https:\/\/cbr.org.br\/es\/wp-json\/wp\/v2\/tags?post=42307"}],"curies":[{"name":"wp","href":"https:\/\/api.w.org\/{rel}","templated":true}]}}