{"id":42325,"date":"2022-07-22T12:17:12","date_gmt":"2022-07-22T15:17:12","guid":{"rendered":"https:\/\/cbr.org.br\/?p=42325"},"modified":"2022-07-22T12:17:14","modified_gmt":"2022-07-22T15:17:14","slug":"cbr-marca-presenca-e-amplia-relacoes-internacionais-no-ecr-2022","status":"publish","type":"post","link":"https:\/\/cbr.org.br\/es\/cbr-marca-presenca-e-amplia-relacoes-internacionais-no-ecr-2022\/","title":{"rendered":"CBR est\u00e1 presente y ampl\u00eda las relaciones internacionales en ECR 2022"},"content":{"rendered":"<p>El Colegio Brasile\u00f1o de Radiolog\u00eda y Diagn\u00f3stico por Im\u00e1genes (CBR) estuvo representado en el Congreso Europeo de Radiolog\u00eda (<em>Congreso Europeo de Radiolog\u00eda<\/em>&nbsp;\u2013 ECR) 2022, uno de los mayores y m\u00e1s importantes eventos mundiales de la especialidad, realizado del 13 al 17 de julio, en Viena, Austria.<\/p>\n\n\n\n<p>El Colegio dispuso de un stand en la ECR. El presidente de la CBR, Valdair Muglia, y los directores Giuseppe D&#039;Ippolito (Relaciones Internacionales), Lu\u00eds Ronan Souza (ABCDI), Ronaldo Hueb Baroni (Asistente Cient\u00edfico) y Rubens Chojniak (primer tesorero) participaron de varias actividades del Congreso Europeo de Radiolog\u00eda y se reuni\u00f3 con representantes de organizaciones que representan a radi\u00f3logos de todo el mundo.<\/p>\n\n\n\n<p>Entre ellos, la Escuela Europea de Radiolog\u00eda (<em>Escuela Europea de Radiolog\u00eda<\/em>&nbsp;\u2013 ESOR), Sociedad Europea de Radiolog\u00eda (<a href=\"https:\/\/www.myesr.org\/\"><em>Sociedad Europea de Radiolog\u00eda<\/em>&nbsp;\u2013 VSG<\/a>), Sociedad Italiana de Radiolog\u00eda M\u00e9dica e Intervencionista (<em>Sociedad Italiana de Radiolog\u00eda M\u00e9dica e Intervencionista<\/em> \u2013 SIRM), Federaci\u00f3n Mexicana de Radiolog\u00eda e Imagen (<em>Federaci\u00f3n Mexicana de Radiolog\u00eda<\/em> \u2013 FMRI) y Sociedad Francesa de Radiolog\u00eda (<em>Sociedad Francesa de Radiolog\u00eda<\/em> \u2013 SFR).<\/p>\n\n\n\n<p>Los directivos del CBR tambi\u00e9n mantuvieron reuniones o encuentros con representantes de las siguientes sociedades: Asociaci\u00f3n Colombiana de Radiolog\u00eda (ACR), European Society of Gastrointestinal and Abdominal Radiology (<em>Sociedad Europea de Radiolog\u00eda Gastrointestinal y Abdominal<\/em>&nbsp;\u2013 ESGAR), Sociedad Europea de Imagen Mamaria (<em>Sociedad Europea de Imagenolog\u00eda Mamaria<\/em>&nbsp;\u2013 EUSOBI), Sociedad Europea de Radiolog\u00eda Urogenital (<em>Sociedad Europea de Radiolog\u00eda Urogenital<\/em> \u2013 ESUR), Sociedad de Radiolog\u00eda de Asia-Ocean\u00eda (<em>Sociedad de Radiolog\u00eda de Asia y Ocean\u00eda<\/em> \u2013 AOSR), Colegio Interamericano de Radiolog\u00eda (CIR), Sociedad Radiol\u00f3gica de Am\u00e9rica del Norte (<em>Sociedad Radiol\u00f3gica de Am\u00e9rica del Norte<\/em> \u2013 RSNA) y el Colegio Americano de Radiolog\u00eda (<em>Colegio Americano de Radiolog\u00eda<\/em> \u2013 ACR).<\/p>\n\n\n\n<p>Otro pasaje importante para la radiolog\u00eda brasile\u00f1a en ECR 2022 fue el homenaje a Manoel Rocha, ex presidente de CBR, quien <a href=\"https:\/\/cbr.org.br\/es\/ecr-2022-tera-homenagem-a-manoel-de-souza-rocha-ex-presidente-do-cbr\/\" target=\"_blank\" rel=\"noreferrer noopener\">fue galardonado durante el Congreso con el t\u00edtulo de Miembro de Honor de la ESR<\/a>.<\/p>\n\n\n\n<h2 class=\"wp-block-heading\"><strong>Vea la galer\u00eda de fotos de la participaci\u00f3n de CBR en ECR 2022:<\/strong><\/h2>\n\n\n\n<figure class=\"wp-block-image size-medium is-resized\"><img decoding=\"async\" src=\"https:\/\/cbr.org.br\/wp-content\/uploads\/2022\/07\/MicrosoftTeams-image-7-755x540.png\" alt=\"cbr radiologia ecr 2022\" class=\"wp-image-42341\" width=\"720\" srcset=\"https:\/\/cbr.org.br\/wp-content\/uploads\/2022\/07\/MicrosoftTeams-image-7-755x540.png 755w, https:\/\/cbr.org.br\/wp-content\/uploads\/2022\/07\/MicrosoftTeams-image-7-1510x1080.png 1510w, https:\/\/cbr.org.br\/wp-content\/uploads\/2022\/07\/MicrosoftTeams-image-7-355x254.png 355w, https:\/\/cbr.org.br\/wp-content\/uploads\/2022\/07\/MicrosoftTeams-image-7-768x549.png 768w, https:\/\/cbr.org.br\/wp-content\/uploads\/2022\/07\/MicrosoftTeams-image-7-1536x1098.png 1536w, https:\/\/cbr.org.br\/wp-content\/uploads\/2022\/07\/MicrosoftTeams-image-7-18x12.png 18w, https:\/\/cbr.org.br\/wp-content\/uploads\/2022\/07\/MicrosoftTeams-image-7.png 1600w\" sizes=\"(max-width: 755px) 100vw, 755px\" \/><figcaption>Reuni\u00f3n con SIRM (Sociedad Italiana de Radiolog\u00eda M\u00e9dica e Intervencionista): Lu\u00eds Ronan Souza, <br>Representantes de Ronaldo Baroni, Giuseppe D&#039;Ippolito y SIRM<\/figcaption><\/figure>\n\n\n\n<figure class=\"wp-block-image size-medium\"><img fetchpriority=\"high\" decoding=\"async\" width=\"720\" height=\"540\" src=\"https:\/\/cbr.org.br\/wp-content\/uploads\/2022\/07\/MicrosoftTeams-image-6-720x540.png\" alt=\"cbr radiologia ecr 2022\" class=\"wp-image-42340\" srcset=\"https:\/\/cbr.org.br\/wp-content\/uploads\/2022\/07\/MicrosoftTeams-image-6-720x540.png 720w, https:\/\/cbr.org.br\/wp-content\/uploads\/2022\/07\/MicrosoftTeams-image-6-339x254.png 339w, https:\/\/cbr.org.br\/wp-content\/uploads\/2022\/07\/MicrosoftTeams-image-6-768x576.png 768w, https:\/\/cbr.org.br\/wp-content\/uploads\/2022\/07\/MicrosoftTeams-image-6-16x12.png 16w, https:\/\/cbr.org.br\/wp-content\/uploads\/2022\/07\/MicrosoftTeams-image-6.png 1024w\" sizes=\"(max-width: 720px) 100vw, 720px\" \/><figcaption>Participaci\u00f3n de directores de CBR en la Sesi\u00f3n del Foro Abierto<\/figcaption><\/figure>\n\n\n\n<figure class=\"wp-block-image size-full is-resized\"><img decoding=\"async\" src=\"https:\/\/cbr.org.br\/wp-content\/uploads\/2022\/07\/MicrosoftTeams-image-5.png\" alt=\"cbr radiologia ecr 2022\" class=\"wp-image-42339\" width=\"720\" srcset=\"https:\/\/cbr.org.br\/wp-content\/uploads\/2022\/07\/MicrosoftTeams-image-5.png 1024w, https:\/\/cbr.org.br\/wp-content\/uploads\/2022\/07\/MicrosoftTeams-image-5-960x395.png 960w, https:\/\/cbr.org.br\/wp-content\/uploads\/2022\/07\/MicrosoftTeams-image-5-450x185.png 450w, https:\/\/cbr.org.br\/wp-content\/uploads\/2022\/07\/MicrosoftTeams-image-5-768x316.png 768w, https:\/\/cbr.org.br\/wp-content\/uploads\/2022\/07\/MicrosoftTeams-image-5-18x7.png 18w\" sizes=\"(max-width: 1024px) 100vw, 1024px\" \/><figcaption>Reuni\u00f3n con ESR: Lu\u00eds Ronan Souza, Manoel Rocha, Ronaldo Baroni, Val\u00e9rie Vilgrain (ESR), Valdair Muglia, <br>Carlo Catalano (ESR), Giuseppe D&#039;Ippolito y Rubens Chojniak<\/figcaption><\/figure>\n\n\n\n<figure class=\"wp-block-image size-large is-resized\"><img decoding=\"async\" src=\"https:\/\/cbr.org.br\/wp-content\/uploads\/2022\/07\/MicrosoftTeams-image-3-1440x1080.png\" alt=\"cbr radiologia ecr 2022\" class=\"wp-image-42337\" width=\"720\" srcset=\"https:\/\/cbr.org.br\/wp-content\/uploads\/2022\/07\/MicrosoftTeams-image-3-1440x1080.png 1440w, https:\/\/cbr.org.br\/wp-content\/uploads\/2022\/07\/MicrosoftTeams-image-3-720x540.png 720w, https:\/\/cbr.org.br\/wp-content\/uploads\/2022\/07\/MicrosoftTeams-image-3-339x254.png 339w, https:\/\/cbr.org.br\/wp-content\/uploads\/2022\/07\/MicrosoftTeams-image-3-768x576.png 768w, https:\/\/cbr.org.br\/wp-content\/uploads\/2022\/07\/MicrosoftTeams-image-3-1536x1152.png 1536w, https:\/\/cbr.org.br\/wp-content\/uploads\/2022\/07\/MicrosoftTeams-image-3-16x12.png 16w, https:\/\/cbr.org.br\/wp-content\/uploads\/2022\/07\/MicrosoftTeams-image-3.png 1600w\" sizes=\"(max-width: 1440px) 100vw, 1440px\" \/><figcaption>Reuni\u00f3n con ESOR: Valdair Muglia, Giuseppe D&#039;Ippolito, Ronaldo Baroni, <br>Profe. Valeria Vilgrain y la Sra. Brigitte Lindlbauer<\/figcaption><\/figure>\n\n\n\n<figure class=\"wp-block-image size-full is-resized\"><img decoding=\"async\" src=\"https:\/\/cbr.org.br\/wp-content\/uploads\/2022\/07\/Image-11.jpeg\" alt=\"cbr radiologia\" class=\"wp-image-42336\" width=\"720\" srcset=\"https:\/\/cbr.org.br\/wp-content\/uploads\/2022\/07\/Image-11.jpeg 1024w, https:\/\/cbr.org.br\/wp-content\/uploads\/2022\/07\/Image-11-720x540.jpeg 720w, https:\/\/cbr.org.br\/wp-content\/uploads\/2022\/07\/Image-11-339x254.jpeg 339w, https:\/\/cbr.org.br\/wp-content\/uploads\/2022\/07\/Image-11-768x576.jpeg 768w, https:\/\/cbr.org.br\/wp-content\/uploads\/2022\/07\/Image-11-16x12.jpeg 16w\" sizes=\"(max-width: 1024px) 100vw, 1024px\" \/><figcaption>Foro Internacional: representantes de la radiolog\u00eda en pa\u00edses como Brasil, Colombia, Chile, Arabia Saudita, <br>Argentina, M\u00e9xico, Colombia y Portugal<\/figcaption><\/figure>\n\n\n\n<figure class=\"wp-block-image size-full is-resized\"><img decoding=\"async\" src=\"https:\/\/cbr.org.br\/wp-content\/uploads\/2022\/07\/MicrosoftTeams-image-4.png\" alt=\"cbr radiologia\" class=\"wp-image-42338\" width=\"720\" srcset=\"https:\/\/cbr.org.br\/wp-content\/uploads\/2022\/07\/MicrosoftTeams-image-4.png 1600w, https:\/\/cbr.org.br\/wp-content\/uploads\/2022\/07\/MicrosoftTeams-image-4-960x445.png 960w, https:\/\/cbr.org.br\/wp-content\/uploads\/2022\/07\/MicrosoftTeams-image-4-450x209.png 450w, https:\/\/cbr.org.br\/wp-content\/uploads\/2022\/07\/MicrosoftTeams-image-4-768x356.png 768w, https:\/\/cbr.org.br\/wp-content\/uploads\/2022\/07\/MicrosoftTeams-image-4-1536x712.png 1536w, https:\/\/cbr.org.br\/wp-content\/uploads\/2022\/07\/MicrosoftTeams-image-4-18x8.png 18w\" sizes=\"(max-width: 1600px) 100vw, 1600px\" \/><figcaption>El presidente de CBR, Valdair Muglia, habla en la sesi\u00f3n del foro abierto<\/figcaption><\/figure>\n\n\n\n<figure class=\"wp-block-image size-medium is-resized\"><img decoding=\"async\" src=\"https:\/\/cbr.org.br\/wp-content\/uploads\/2022\/07\/Image-9-849x540.jpeg\" alt=\"cbr radiologia\" class=\"wp-image-42334\" width=\"720\" srcset=\"https:\/\/cbr.org.br\/wp-content\/uploads\/2022\/07\/Image-9-849x540.jpeg 849w, https:\/\/cbr.org.br\/wp-content\/uploads\/2022\/07\/Image-9-400x254.jpeg 400w, https:\/\/cbr.org.br\/wp-content\/uploads\/2022\/07\/Image-9-768x488.jpeg 768w, https:\/\/cbr.org.br\/wp-content\/uploads\/2022\/07\/Image-9-18x12.jpeg 18w, https:\/\/cbr.org.br\/wp-content\/uploads\/2022\/07\/Image-9.jpeg 1024w\" sizes=\"(max-width: 849px) 100vw, 849px\" \/><figcaption>Reuni\u00f3n con FMRI (Federaci\u00f3n Mexicana de Radiolog\u00eda e Im\u00e1genes)<\/figcaption><\/figure>\n\n\n\n<figure class=\"wp-block-image size-medium\"><img decoding=\"async\" width=\"720\" height=\"540\" src=\"https:\/\/cbr.org.br\/wp-content\/uploads\/2022\/07\/Image-10-720x540.jpeg\" alt=\"cbr radiologia\" class=\"wp-image-42335\" srcset=\"https:\/\/cbr.org.br\/wp-content\/uploads\/2022\/07\/Image-10-720x540.jpeg 720w, https:\/\/cbr.org.br\/wp-content\/uploads\/2022\/07\/Image-10-1440x1080.jpeg 1440w, https:\/\/cbr.org.br\/wp-content\/uploads\/2022\/07\/Image-10-339x254.jpeg 339w, https:\/\/cbr.org.br\/wp-content\/uploads\/2022\/07\/Image-10-768x576.jpeg 768w, https:\/\/cbr.org.br\/wp-content\/uploads\/2022\/07\/Image-10-1536x1152.jpeg 1536w, https:\/\/cbr.org.br\/wp-content\/uploads\/2022\/07\/Image-10-16x12.jpeg 16w, https:\/\/cbr.org.br\/wp-content\/uploads\/2022\/07\/Image-10.jpeg 1600w\" sizes=\"(max-width: 720px) 100vw, 720px\" \/><figcaption>Reuni\u00f3n con representantes de la SFR (Sociedad Francesa de Radiolog\u00eda)<\/figcaption><\/figure>\n\n\n\n<h2 class=\"wp-block-heading\"><strong>\u201cEl CBR es la tarjeta de presentaci\u00f3n de los radi\u00f3logos brasile\u00f1os\u201d<\/strong><\/h2>\n\n\n\n<p>El director de Relaciones Internacionales del CBR, Giuseppe D&#039;Ippolito, habla sobre la participaci\u00f3n del Colegio en la ECR 2022 y las iniciativas para fortalecer al radi\u00f3logo brasile\u00f1o a nivel internacional. \u201cQueremos ser reconocidos como un hub de conexi\u00f3n entre los radi\u00f3logos brasile\u00f1os y el resto del mundo\u201d. Mira la entrevista:<\/p>\n\n\n\n<p><strong>\u00bfQu\u00e9 importancia tiene la participaci\u00f3n de CBR en ECR 2022?<\/strong><\/p>\n\n\n\n<p><strong>Giuseppe D&#039;Ippolito:<\/strong> El Congreso Europeo de Radiolog\u00eda es el segundo evento especializado m\u00e1s grande del mundo. CBR tiene una tradici\u00f3n de relaciones muy fruct\u00edferas con la Sociedad Europea de Radiolog\u00eda (ESR) y ESOR, que es la Escuela Europea de Educaci\u00f3n en Radiolog\u00eda. Fue muy importante la presencia de varios miembros del directorio de CBR y el hecho de que tambi\u00e9n tuvi\u00e9ramos un stand all\u00ed, porque era un punto de referencia y una marca de posici\u00f3n, una presencia m\u00e1s concreta.<\/p>\n\n\n\n<p>Logramos realizar varias reuniones importantes con sociedades, adem\u00e1s de contactos ocasionales con muchas otras. Uno de nuestros focos, el CBR, fue mostrar a estas sociedades que el CBR es el representante leg\u00edtimo de los radi\u00f3logos brasile\u00f1os. Es quien representa a los radi\u00f3logos brasile\u00f1os en el mundo, reconocidos por los principales \u00f3rganos m\u00e9dicos brasile\u00f1os, como la Asociaci\u00f3n M\u00e9dica Brasile\u00f1a (AMB) y el Consejo Federal de Medicina (CFM).<\/p>\n\n\n\n<p><strong>\u00bfY qu\u00e9 refleja esto para el radi\u00f3logo brasile\u00f1o?<\/strong><\/p>\n\n\n\n<p>Significa que, una vez que las sociedades internacionales reconocen la CBR, reconocen a los radi\u00f3logos brasile\u00f1os. Y somos la tarjeta de presentaci\u00f3n de los radi\u00f3logos brasile\u00f1os. Entonces, esto nos permite eventualmente abrir las puertas de los mercados de trabajo para los radi\u00f3logos brasile\u00f1os, abrir las puertas a oportunidades de crecimiento profesional, asociaciones cient\u00edficas.<\/p>\n\n\n\n<p>Con algunas sociedades, definimos aspectos importantes, por ejemplo, en cuanto al intercambio de profesores. Recibiremos profesores extranjeros en nuestros eventos e informamos a estas sociedades que, si quieren invitar radi\u00f3logos brasile\u00f1os, deben hacerlo a trav\u00e9s de la CBR. Estamos abriendo, allanando un camino de cooperaci\u00f3n y conexi\u00f3n con el mundo.<\/p>\n\n\n\n<p>Entonces, si soy un radi\u00f3logo brasile\u00f1o en el interior de Mato Grosso, en el interior de Goi\u00e1s, y quiero hacer una especializaci\u00f3n en Inglaterra, Alemania, Austria, Francia. \u00bfC\u00f3mo llego a estos lugares? CBR es una forma de hacerlo. Incluso usamos una expresi\u00f3n durante nuestras reuniones all\u00ed, de ser reconocidos como un eje de conexi\u00f3n entre los radi\u00f3logos brasile\u00f1os y el resto del mundo.<\/p>\n\n\n\n<p><strong>\u00bfCu\u00e1les son los proyectos de CBR en materia de relaciones internacionales para los pr\u00f3ximos meses?<\/strong><\/p>\n\n\n\n<p>Espec\u00edficamente, vamos a tener algunas reuniones virtuales y presenciales en [<em>reuni\u00f3n anual<\/em>] RSNA (que se lleva a cabo del 27 de noviembre al 1 de diciembre, en Chicago, EE. UU.), donde celebraremos los MoU, que son los Memorandos de Entendimiento con diferentes sociedades.<\/p>\n\n\n\n<p>Y ya estamos en contacto para que, en ACTUALIZA23, podamos contar con varios profesores propuestos por las sociedades. Adem\u00e1s, ya tenemos un curso concreto que ser\u00e1 organizado por ESOR en Brasil, el pr\u00f3ximo a\u00f1o, sobre Radiolog\u00eda Tor\u00e1cica. Tambi\u00e9n tenemos previsto un curso pre-congreso de CBR23, organizado por CBR junto con ESOR.<\/p>","protected":false},"excerpt":{"rendered":"<p>El Colegio Brasile\u00f1o de Radiolog\u00eda y Diagn\u00f3stico por Im\u00e1genes (CBR) estuvo representado en la ECR 2022, en Viena, Austria.<\/p>","protected":false},"author":16,"featured_media":41310,"comment_status":"closed","ping_status":"closed","sticky":false,"template":"","format":"standard","meta":{"_acf_changed":false,"footnotes":""},"categories":[493,10],"tags":[50,521,96,66],"class_list":["post-42325","post","type-post","status-publish","format-standard","has-post-thumbnail","hentry","category-cbr-sociedade","category-institucional","tag-cbr","tag-ecr-2022","tag-radiologia","tag-radiologista"],"acf":[],"_links":{"self":[{"href":"https:\/\/cbr.org.br\/es\/wp-json\/wp\/v2\/posts\/42325","targetHints":{"allow":["GET"]}}],"collection":[{"href":"https:\/\/cbr.org.br\/es\/wp-json\/wp\/v2\/posts"}],"about":[{"href":"https:\/\/cbr.org.br\/es\/wp-json\/wp\/v2\/types\/post"}],"author":[{"embeddable":true,"href":"https:\/\/cbr.org.br\/es\/wp-json\/wp\/v2\/users\/16"}],"replies":[{"embeddable":true,"href":"https:\/\/cbr.org.br\/es\/wp-json\/wp\/v2\/comments?post=42325"}],"version-history":[{"count":3,"href":"https:\/\/cbr.org.br\/es\/wp-json\/wp\/v2\/posts\/42325\/revisions"}],"predecessor-version":[{"id":42345,"href":"https:\/\/cbr.org.br\/es\/wp-json\/wp\/v2\/posts\/42325\/revisions\/42345"}],"wp:featuredmedia":[{"embeddable":true,"href":"https:\/\/cbr.org.br\/es\/wp-json\/wp\/v2\/media\/41310"}],"wp:attachment":[{"href":"https:\/\/cbr.org.br\/es\/wp-json\/wp\/v2\/media?parent=42325"}],"wp:term":[{"taxonomy":"category","embeddable":true,"href":"https:\/\/cbr.org.br\/es\/wp-json\/wp\/v2\/categories?post=42325"},{"taxonomy":"post_tag","embeddable":true,"href":"https:\/\/cbr.org.br\/es\/wp-json\/wp\/v2\/tags?post=42325"}],"curies":[{"name":"wp","href":"https:\/\/api.w.org\/{rel}","templated":true}]}}