{"id":42350,"date":"2022-07-22T16:18:38","date_gmt":"2022-07-22T19:18:38","guid":{"rendered":"https:\/\/cbr.org.br\/?p=42350"},"modified":"2022-07-25T15:26:35","modified_gmt":"2022-07-25T18:26:35","slug":"cbr-participa-de-apresentacao-do-ministerio-da-saude-sobre-distribuicao-de-contraste-e-medicamentos","status":"publish","type":"post","link":"https:\/\/cbr.org.br\/es\/cbr-participa-de-apresentacao-do-ministerio-da-saude-sobre-distribuicao-de-contraste-e-medicamentos\/","title":{"rendered":"CBR participa en una ponencia del Ministerio de Sanidad sobre la distribuci\u00f3n de contraste y medicaci\u00f3n"},"content":{"rendered":"<p>Mayra Veloso, directora de la CBR, participa, en la tarde de este viernes (22), de una presentaci\u00f3n del Ministerio de Salud sobre el proceso de distribuci\u00f3n de medicamentos y otros insumos. En el evento, representantes del Ministerio hablan sobre la <a href=\"https:\/\/cbr.org.br\/es\/confira-nota-do-ministerio-da-saude-com-orientacoes-para-racionalizacao-do-uso-de-contraste-iodado\/\">nota con pautas para racionalizar el uso de contraste yodado<\/a> emitida el d\u00eda 13, debido a la actual escasez de materia prima en los mercados de todo el mundo.<\/p>\n\n\n\n<p>\u201cTenemos una escasez mundial de contrastes yodados, provocada por la interrupci\u00f3n de las cadenas de producci\u00f3n y distribuci\u00f3n, principalmente por las medidas de <em>aislamiento <\/em>en China, lo que ha impactado mucho en toda la distribuci\u00f3n mundial&quot;, declar\u00f3 la Secretaria de Atenci\u00f3n Especializada en Salud del Ministerio de Salud, Ma\u00edra Batista Botelho.<\/p>\n\n\n\n<p>Destac\u00f3 y agradeci\u00f3 la participaci\u00f3n de CBR y otras sociedades en la elaboraci\u00f3n de la nota t\u00e9cnica con lineamientos para racionalizar el uso del insumo. <\/p>\n\n\n\n<p>Ma\u00edra Botelho tambi\u00e9n destac\u00f3 que la recomendaci\u00f3n \u201cno es racionamiento, es la racionalizaci\u00f3n del uso\u201d. &quot;\u00bfQue significa eso? Significa, por ejemplo, de manera t\u00e9cnica, priorizar procedimientos en pacientes de mayor riesgo, en condiciones cl\u00ednicas de urgencia y emergencia, evitando el desperdicio que pueda ocurrir y considerando tambi\u00e9n el uso de otros m\u00e9todos de diagn\u00f3stico en lugar de los procedimientos\u201d, aclar\u00f3. Seg\u00fan el secretario del Ministerio de Salud, la expectativa es que las existencias de contraste en el pa\u00eds se recompongan a finales de septiembre.<\/p>\n\n\n\n<h3 class=\"wp-block-heading\"><strong>Vea a continuaci\u00f3n la presentaci\u00f3n del Ministerio de Salud sobre el proceso de distribuci\u00f3n de contrastes y medicamentos:<\/strong><\/h3>\n\n\n\n<figure class=\"wp-block-image size-full\"><a href=\"https:\/\/www.youtube.com\/watch?v=hCiSm0esqZ0\" target=\"_blank\" rel=\"noreferrer noopener\"><img fetchpriority=\"high\" decoding=\"async\" width=\"1800\" height=\"750\" src=\"https:\/\/cbr.org.br\/wp-content\/uploads\/2022\/07\/MicrosoftTeams-image-55.jpg\" alt=\"falta de contraste escassez\" class=\"wp-image-42351\" srcset=\"https:\/\/cbr.org.br\/wp-content\/uploads\/2022\/07\/MicrosoftTeams-image-55.jpg 1800w, https:\/\/cbr.org.br\/wp-content\/uploads\/2022\/07\/MicrosoftTeams-image-55-960x400.jpg 960w, https:\/\/cbr.org.br\/wp-content\/uploads\/2022\/07\/MicrosoftTeams-image-55-450x188.jpg 450w, https:\/\/cbr.org.br\/wp-content\/uploads\/2022\/07\/MicrosoftTeams-image-55-768x320.jpg 768w, https:\/\/cbr.org.br\/wp-content\/uploads\/2022\/07\/MicrosoftTeams-image-55-1536x640.jpg 1536w, https:\/\/cbr.org.br\/wp-content\/uploads\/2022\/07\/MicrosoftTeams-image-55-18x8.jpg 18w\" sizes=\"(max-width: 1800px) 100vw, 1800px\" \/><\/a><figcaption>Click en la imagen para ser dirigido<\/figcaption><\/figure>\n\n\n\n<h2 class=\"wp-block-heading\"><strong>\u201cB\u00fasqueda de soluciones preservando la calidad\u201d<\/strong><\/h2>\n\n\n\n<p>En los \u00faltimos meses, el CBR ha expresado su preocupaci\u00f3n y discutido alternativas para hacer frente a la escasez de contraste. En junio se realiz\u00f3 un webinar que incluy\u00f3 una charla para presentar alternativas. \u201cNo podemos renunciar a la calidad, para buscar soluciones preservando la calidad\u201d, destac\u00f3 en la ocasi\u00f3n el presidente del Colegio, Valdair Muglia. El seminario web se puede ver completo en&nbsp;<a href=\"https:\/\/www.youtube.com\/watch?v=VZgTwoJoWu8\" target=\"_blank\" rel=\"noreferrer noopener\">canal oficial de CBR en Youtube<\/a>.<\/p>\n\n\n\n<p>Para la directora cient\u00edfica de CBR, Luciana Costa, \u201ces una oportunidad para revisar la literatura, revisar lo que se puede hacer de la mejor manera para el paciente en el sentido de que la literatura ya nos permite tener una reducci\u00f3n de contraste, obviamente sin tener una reducci\u00f3n diagn\u00f3stica\u201d. Ella tambi\u00e9n dio un&nbsp;<a href=\"https:\/\/cbr.org.br\/es\/falta-de-contraste-assista-entrevista-da-diretora-cientifica-do-cbr-ao-jornal-da-record\/\" target=\"_blank\" rel=\"noreferrer noopener\">entrevista con Record TV en un reportaje sobre el problema<\/a>.<\/p>\n\n\n\n<p>La vicepresidenta de CBR, Cibele Carvalho, estuvo en el mismo tono: \u201cCada vez m\u00e1s, cuando pasamos por la adversidad, es hora de aprender. Es una oportunidad para revisar las dosis de contraste y las dosis de radiaci\u00f3n para nuestros pacientes\u201d.<\/p>","protected":false},"excerpt":{"rendered":"<p>La directora cultural de la CBR, Mayra Veloso, participa de una presentaci\u00f3n del Ministerio de Salud sobre la distribuci\u00f3n de contrastes y medicamentos. <\/p>","protected":false},"author":16,"featured_media":41310,"comment_status":"closed","ping_status":"closed","sticky":false,"template":"","format":"standard","meta":{"_acf_changed":false,"footnotes":""},"categories":[493,10],"tags":[50,542,445,96,66],"class_list":["post-42350","post","type-post","status-publish","format-standard","has-post-thumbnail","hentry","category-cbr-sociedade","category-institucional","tag-cbr","tag-contraste","tag-ministerio-da-saude","tag-radiologia","tag-radiologista"],"acf":[],"_links":{"self":[{"href":"https:\/\/cbr.org.br\/es\/wp-json\/wp\/v2\/posts\/42350","targetHints":{"allow":["GET"]}}],"collection":[{"href":"https:\/\/cbr.org.br\/es\/wp-json\/wp\/v2\/posts"}],"about":[{"href":"https:\/\/cbr.org.br\/es\/wp-json\/wp\/v2\/types\/post"}],"author":[{"embeddable":true,"href":"https:\/\/cbr.org.br\/es\/wp-json\/wp\/v2\/users\/16"}],"replies":[{"embeddable":true,"href":"https:\/\/cbr.org.br\/es\/wp-json\/wp\/v2\/comments?post=42350"}],"version-history":[{"count":3,"href":"https:\/\/cbr.org.br\/es\/wp-json\/wp\/v2\/posts\/42350\/revisions"}],"predecessor-version":[{"id":42414,"href":"https:\/\/cbr.org.br\/es\/wp-json\/wp\/v2\/posts\/42350\/revisions\/42414"}],"wp:featuredmedia":[{"embeddable":true,"href":"https:\/\/cbr.org.br\/es\/wp-json\/wp\/v2\/media\/41310"}],"wp:attachment":[{"href":"https:\/\/cbr.org.br\/es\/wp-json\/wp\/v2\/media?parent=42350"}],"wp:term":[{"taxonomy":"category","embeddable":true,"href":"https:\/\/cbr.org.br\/es\/wp-json\/wp\/v2\/categories?post=42350"},{"taxonomy":"post_tag","embeddable":true,"href":"https:\/\/cbr.org.br\/es\/wp-json\/wp\/v2\/tags?post=42350"}],"curies":[{"name":"wp","href":"https:\/\/api.w.org\/{rel}","templated":true}]}}