{"id":42364,"date":"2022-07-22T17:56:00","date_gmt":"2022-07-22T20:56:00","guid":{"rendered":"https:\/\/cbr.org.br\/?p=42364"},"modified":"2022-07-25T09:57:39","modified_gmt":"2022-07-25T12:57:39","slug":"ponto-de-encontro-cbr22-aproveite-floripa-conosco-arquitetura","status":"publish","type":"post","link":"https:\/\/cbr.org.br\/es\/ponto-de-encontro-cbr22-aproveite-floripa-conosco-arquitetura\/","title":{"rendered":"Punto de Encuentro CBR22 | Disfruta Floripa con nosotros: Arquitectura"},"content":{"rendered":"<p>Se viene el 51\u00ba Congreso Brasile\u00f1o de Radiolog\u00eda e Im\u00e1genes de Diagn\u00f3stico (CBR22): del 1 al 3 de septiembre, en Florian\u00f3polis (SC), con lo m\u00e1s moderno en radiolog\u00eda, actividades cient\u00edficas de 16 subespecialidades, Arenas, Marat\u00f3n, trabajos de exhibici\u00f3n y mucho m\u00e1s. <\/p>\n\n\n\n<p>Para hacer que CBR22 sea a\u00fan m\u00e1s notable, la secci\u00f3n Punto de encuentro ofrece consejos de cultura y ocio para que los colegas radi\u00f3logos disfruten en la hermosa ciudad, adem\u00e1s de las atracciones imperdibles del Congreso. El tema de la semana es: Arquitectura.<\/p>\n\n\n\n<p>\u00a1Nos vemos en Florida!<\/p>\n\n\n\n<h3 class=\"has-text-align-center wp-block-heading\"><strong>PUENTE HERCILIO LUZ<\/strong><\/h3>\n\n\n\n<figure class=\"wp-block-image aligncenter size-full\"><img fetchpriority=\"high\" decoding=\"async\" width=\"600\" height=\"400\" src=\"https:\/\/cbr.org.br\/wp-content\/uploads\/2022\/07\/newsletter_CBR22_Floripa-Arquitetura_slide-2.png\" alt=\"arquitetura florian\u00f3polis floripa radiologia cbr22 PONTE HERC\u00cdLIO LUZ\" class=\"wp-image-42377\" srcset=\"https:\/\/cbr.org.br\/wp-content\/uploads\/2022\/07\/newsletter_CBR22_Floripa-Arquitetura_slide-2.png 600w, https:\/\/cbr.org.br\/wp-content\/uploads\/2022\/07\/newsletter_CBR22_Floripa-Arquitetura_slide-2-381x254.png 381w, https:\/\/cbr.org.br\/wp-content\/uploads\/2022\/07\/newsletter_CBR22_Floripa-Arquitetura_slide-2-18x12.png 18w\" sizes=\"(max-width: 600px) 100vw, 600px\" \/><\/figure>\n\n\n\n<p class=\"has-text-align-center\">Inaugurado en 1926, la postal de Florianopolitan es el puente colgante m\u00e1s largo de Brasil, con 820 metros, y un ejemplo de arquitectura de hierro. Desmontado, incluso fue el tema de <a href=\"https:\/\/www.youtube.com\/watch?v=f7LUjGYbvb4\" target=\"_blank\" rel=\"noreferrer noopener\">m\u00fasica de Luiz Henrique Rosa regrabada por Martinho da Vila<\/a>.<\/p>\n\n\n\n<h3 class=\"has-text-align-center wp-block-heading\"><strong>PALACIO DE CRUZ E SOUSA<\/strong><\/h3>\n\n\n\n<figure class=\"wp-block-image aligncenter size-full\"><img decoding=\"async\" width=\"600\" height=\"400\" src=\"https:\/\/cbr.org.br\/wp-content\/uploads\/2022\/07\/newsletter_CBR22_Floripa-Arquitetura_slide-3.png\" alt=\"arquitetura florian\u00f3polis floripa radiologia cbr22 PAL\u00c1CIO CRUZ E SOUSA\" class=\"wp-image-42378\" srcset=\"https:\/\/cbr.org.br\/wp-content\/uploads\/2022\/07\/newsletter_CBR22_Floripa-Arquitetura_slide-3.png 600w, https:\/\/cbr.org.br\/wp-content\/uploads\/2022\/07\/newsletter_CBR22_Floripa-Arquitetura_slide-3-381x254.png 381w, https:\/\/cbr.org.br\/wp-content\/uploads\/2022\/07\/newsletter_CBR22_Floripa-Arquitetura_slide-3-18x12.png 18w\" sizes=\"(max-width: 600px) 100vw, 600px\" \/><\/figure>\n\n\n\n<p class=\"has-text-align-center\">En la zona central, fue construido en el siglo XVIII, lleno de elementos decorativos neocl\u00e1sicos. El edificio fue escenario de hechos que marcaron la historia de Santa Catarina y de Brasil. Catalogado, actualmente es la sede del Museo Hist\u00f3rico de Santa Catarina.<\/p>\n\n\n\n<h3 class=\"has-text-align-center wp-block-heading\"><strong>CATEDRAL METROPOLITANA DE FLORIAN\u00d3POLIS<\/strong><\/h3>\n\n\n\n<figure class=\"wp-block-image aligncenter size-full\"><img decoding=\"async\" width=\"600\" height=\"400\" src=\"https:\/\/cbr.org.br\/wp-content\/uploads\/2022\/07\/newsletter_CBR22_Floripa-Arquitetura_slide-4.png\" alt=\"arquitetura florian\u00f3polis floripa radiologia cbr22 CATEDRAL METROPOLITANA DE FLORIAN\u00d3POLIS\" class=\"wp-image-42379\" srcset=\"https:\/\/cbr.org.br\/wp-content\/uploads\/2022\/07\/newsletter_CBR22_Floripa-Arquitetura_slide-4.png 600w, https:\/\/cbr.org.br\/wp-content\/uploads\/2022\/07\/newsletter_CBR22_Floripa-Arquitetura_slide-4-381x254.png 381w, https:\/\/cbr.org.br\/wp-content\/uploads\/2022\/07\/newsletter_CBR22_Floripa-Arquitetura_slide-4-18x12.png 18w\" sizes=\"(max-width: 600px) 100vw, 600px\" \/><\/figure>\n\n\n\n<p class=\"has-text-align-center\">Con una construcci\u00f3n que comenz\u00f3 en 1753, otro destaque de la arquitectura en Florian\u00f3polis es el edificio de la Catedral Metropolitana, que tiene una hermosa portada y el arco cruzado en canter\u00eda. La Catedral tambi\u00e9n es recordada por su exquisita colecci\u00f3n de arte sacro.<\/p>\n\n\n\n<h3 class=\"has-text-align-center wp-block-heading\"><strong>MERCADO P\u00daBLICO DE FLORIAN\u00d3POLIS<\/strong><\/h3>\n\n\n\n<figure class=\"wp-block-image aligncenter size-full\"><img loading=\"lazy\" decoding=\"async\" width=\"600\" height=\"400\" src=\"https:\/\/cbr.org.br\/wp-content\/uploads\/2022\/07\/newsletter_CBR22_Floripa-Arquitetura_slide-5.png\" alt=\"arquitetura florian\u00f3polis floripa radiologia cbr22 MERCADO P\u00daBLICO DE FLORIAN\u00d3POLIS\" class=\"wp-image-42380\" srcset=\"https:\/\/cbr.org.br\/wp-content\/uploads\/2022\/07\/newsletter_CBR22_Floripa-Arquitetura_slide-5.png 600w, https:\/\/cbr.org.br\/wp-content\/uploads\/2022\/07\/newsletter_CBR22_Floripa-Arquitetura_slide-5-381x254.png 381w, https:\/\/cbr.org.br\/wp-content\/uploads\/2022\/07\/newsletter_CBR22_Floripa-Arquitetura_slide-5-18x12.png 18w\" sizes=\"(max-width: 600px) 100vw, 600px\" \/><\/figure>\n\n\n\n<p class=\"has-text-align-center\">Construido en 1896, es patrimonio arquitect\u00f3nico, art\u00edstico e hist\u00f3rico. Considerado uno de los espacios m\u00e1s socialdem\u00f3cratas de la ciudad, pues por \u00e9l circulan personas de diferentes perfiles, desde artistas hasta bohemios, pol\u00edticos, empresarios, m\u00e9dicos, etc.<\/p>\n\n\n\n<h3 class=\"has-text-align-center wp-block-heading\"><strong>RIBEIRON DE ILHA<\/strong><\/h3>\n\n\n\n<figure class=\"wp-block-image aligncenter size-full\"><img loading=\"lazy\" decoding=\"async\" width=\"600\" height=\"400\" src=\"https:\/\/cbr.org.br\/wp-content\/uploads\/2022\/07\/newsletter_CBR22_Floripa-Arquitetura_slide-6.png\" alt=\"RIBEIR\u00c3O DA ILHA\" class=\"wp-image-42381\" srcset=\"https:\/\/cbr.org.br\/wp-content\/uploads\/2022\/07\/newsletter_CBR22_Floripa-Arquitetura_slide-6.png 600w, https:\/\/cbr.org.br\/wp-content\/uploads\/2022\/07\/newsletter_CBR22_Floripa-Arquitetura_slide-6-381x254.png 381w, https:\/\/cbr.org.br\/wp-content\/uploads\/2022\/07\/newsletter_CBR22_Floripa-Arquitetura_slide-6-18x12.png 18w\" sizes=\"(max-width: 600px) 100vw, 600px\" \/><\/figure>\n\n\n\n<p class=\"has-text-align-center\">Aproveche tambi\u00e9n la CBR22 para visitar Ribeir\u00e3o da Ilha. Con sus construcciones t\u00edpicas de la cultura azoriana, de la \u00e9poca colonial, el barrio tiene historia en cada rinc\u00f3n, siendo uno de los m\u00e1s tradicionales de la regi\u00f3n. Vale la pena visitarlo por su belleza y gastronom\u00eda, con una de las mejores producciones de ostras del pa\u00eds.<\/p>\n\n\n\n<h3 class=\"has-text-align-center wp-block-heading\"><strong>FUNDACI\u00d3N CULTURAL BADESC<\/strong><\/h3>\n\n\n\n<figure class=\"wp-block-image aligncenter size-full\"><img loading=\"lazy\" decoding=\"async\" width=\"600\" height=\"400\" src=\"https:\/\/cbr.org.br\/wp-content\/uploads\/2022\/07\/newsletter_CBR22_Floripa-Arquitetura_slide-7.png\" alt=\"FUNDA\u00c7\u00c3O CULTURAL BADESC\" class=\"wp-image-42382\" srcset=\"https:\/\/cbr.org.br\/wp-content\/uploads\/2022\/07\/newsletter_CBR22_Floripa-Arquitetura_slide-7.png 600w, https:\/\/cbr.org.br\/wp-content\/uploads\/2022\/07\/newsletter_CBR22_Floripa-Arquitetura_slide-7-381x254.png 381w, https:\/\/cbr.org.br\/wp-content\/uploads\/2022\/07\/newsletter_CBR22_Floripa-Arquitetura_slide-7-18x12.png 18w\" sizes=\"(max-width: 600px) 100vw, 600px\" \/><\/figure>\n\n\n\n<p class=\"has-text-align-center\">Con principios est\u00e9ticos de estilo ecl\u00e9ctico y art d\u00e9co, el edificio fundacional, de fines de la d\u00e9cada de 1920, est\u00e1 catalogado por el municipio. La mansi\u00f3n, que fue residencia del influyente pol\u00edtico Nereu de Oliveira Ramos, se ha convertido en un punto de encuentro en Floripa para los amantes del arte y la cultura.<\/p>\n\n\n\n<h3 class=\"has-text-align-center wp-block-heading\"><strong>TEATRO \u00c1LVARO DE CARVALHO<\/strong><\/h3>\n\n\n\n<figure class=\"wp-block-image aligncenter size-full\"><img loading=\"lazy\" decoding=\"async\" width=\"600\" height=\"400\" src=\"https:\/\/cbr.org.br\/wp-content\/uploads\/2022\/07\/newsletter_CBR22_Floripa-Arquitetura_slide-8.png\" alt=\"TEATRO \u00c1LVARO DE CARVALHO\" class=\"wp-image-42383\" srcset=\"https:\/\/cbr.org.br\/wp-content\/uploads\/2022\/07\/newsletter_CBR22_Floripa-Arquitetura_slide-8.png 600w, https:\/\/cbr.org.br\/wp-content\/uploads\/2022\/07\/newsletter_CBR22_Floripa-Arquitetura_slide-8-381x254.png 381w, https:\/\/cbr.org.br\/wp-content\/uploads\/2022\/07\/newsletter_CBR22_Floripa-Arquitetura_slide-8-18x12.png 18w\" sizes=\"(max-width: 600px) 100vw, 600px\" \/><\/figure>\n\n\n\n<p class=\"has-text-align-center\">Otro destaque arquitect\u00f3nico de Florian\u00f3polis, el edificio se caracteriza por sus imponentes vol\u00famenes, de estilo ecl\u00e9ctico con elementos neocl\u00e1sicos. Fue el primer teatro de la capital, inaugurado en 1875.&nbsp;<\/p>\n\n\n\n<h3 class=\"has-text-align-center wp-block-heading\"><strong>EX RESIDENCIA DEL GOBERNADOR HERCILIO LUZ&nbsp;<\/strong><\/h3>\n\n\n\n<figure class=\"wp-block-image aligncenter size-full\"><img loading=\"lazy\" decoding=\"async\" width=\"600\" height=\"400\" src=\"https:\/\/cbr.org.br\/wp-content\/uploads\/2022\/07\/newsletter_CBR22_Floripa-Arquitetura_slide-9.png\" alt=\"ANTIGA RESID\u00caNCIA DO GOVERNADOR HERC\u00cdLIO LUZ\u00a0\" class=\"wp-image-42384\" srcset=\"https:\/\/cbr.org.br\/wp-content\/uploads\/2022\/07\/newsletter_CBR22_Floripa-Arquitetura_slide-9.png 600w, https:\/\/cbr.org.br\/wp-content\/uploads\/2022\/07\/newsletter_CBR22_Floripa-Arquitetura_slide-9-381x254.png 381w, https:\/\/cbr.org.br\/wp-content\/uploads\/2022\/07\/newsletter_CBR22_Floripa-Arquitetura_slide-9-18x12.png 18w\" sizes=\"(max-width: 600px) 100vw, 600px\" \/><\/figure>\n\n\n\n<p class=\"has-text-align-center\">Ejemplar de la \u00e9poca del Eclecticismo, tiene elementos de composici\u00f3n de fachada como vidrieras, pilastras, adornos de techo y antepechos de estuco, destac\u00e1ndose entre los dem\u00e1s la puerta-ventana frontal con un inspirador balc\u00f3n.&nbsp;<em>Art Nouveau<\/em>.<\/p>\n\n\n\n<figure class=\"wp-block-image aligncenter size-full\"><a href=\"https:\/\/congressocbr.com.br\/cbr2022\" target=\"_blank\" rel=\"noreferrer noopener\"><img loading=\"lazy\" decoding=\"async\" width=\"600\" height=\"400\" src=\"https:\/\/cbr.org.br\/wp-content\/uploads\/2022\/07\/MicrosoftTeams-image-54.jpg\" alt=\"\" class=\"wp-image-42367\" srcset=\"https:\/\/cbr.org.br\/wp-content\/uploads\/2022\/07\/MicrosoftTeams-image-54.jpg 600w, https:\/\/cbr.org.br\/wp-content\/uploads\/2022\/07\/MicrosoftTeams-image-54-381x254.jpg 381w, https:\/\/cbr.org.br\/wp-content\/uploads\/2022\/07\/MicrosoftTeams-image-54-18x12.jpg 18w\" sizes=\"(max-width: 600px) 100vw, 600px\" \/><\/a><\/figure>\n\n\n\n<hr class=\"wp-block-separator has-alpha-channel-opacity\"\/>\n\n\n\n<p class=\"has-text-align-center\"><strong>Lea tambi\u00e9n: <a href=\"https:\/\/cbr.org.br\/es\/cbr-marca-presenca-e-amplia-relacoes-internacionais-no-ecr-2022\/\" target=\"_blank\" rel=\"noreferrer noopener\">CBR est\u00e1 presente y ampl\u00eda las relaciones internacionales en ECR 2022<\/a><\/strong><\/p>","protected":false},"excerpt":{"rendered":"<p>Para hacer que CBR22 sea a\u00fan m\u00e1s notable, la secci\u00f3n Punto de encuentro ofrece consejos para que los compa\u00f1eros radi\u00f3logos disfruten en Florian\u00f3polis.<\/p>","protected":false},"author":16,"featured_media":42366,"comment_status":"closed","ping_status":"closed","sticky":false,"template":"","format":"standard","meta":{"_acf_changed":false,"footnotes":""},"categories":[493],"tags":[50,512,111,89,545,547,546,96,66],"class_list":["post-42364","post","type-post","status-publish","format-standard","has-post-thumbnail","hentry","category-cbr-sociedade","tag-cbr","tag-cbr22","tag-diagnostico-por-imagem","tag-florianopolis","tag-floripa","tag-palacio-cruz-e-sousa","tag-ponte-hercilio-luz","tag-radiologia","tag-radiologista"],"acf":[],"_links":{"self":[{"href":"https:\/\/cbr.org.br\/es\/wp-json\/wp\/v2\/posts\/42364","targetHints":{"allow":["GET"]}}],"collection":[{"href":"https:\/\/cbr.org.br\/es\/wp-json\/wp\/v2\/posts"}],"about":[{"href":"https:\/\/cbr.org.br\/es\/wp-json\/wp\/v2\/types\/post"}],"author":[{"embeddable":true,"href":"https:\/\/cbr.org.br\/es\/wp-json\/wp\/v2\/users\/16"}],"replies":[{"embeddable":true,"href":"https:\/\/cbr.org.br\/es\/wp-json\/wp\/v2\/comments?post=42364"}],"version-history":[{"count":3,"href":"https:\/\/cbr.org.br\/es\/wp-json\/wp\/v2\/posts\/42364\/revisions"}],"predecessor-version":[{"id":42387,"href":"https:\/\/cbr.org.br\/es\/wp-json\/wp\/v2\/posts\/42364\/revisions\/42387"}],"wp:featuredmedia":[{"embeddable":true,"href":"https:\/\/cbr.org.br\/es\/wp-json\/wp\/v2\/media\/42366"}],"wp:attachment":[{"href":"https:\/\/cbr.org.br\/es\/wp-json\/wp\/v2\/media?parent=42364"}],"wp:term":[{"taxonomy":"category","embeddable":true,"href":"https:\/\/cbr.org.br\/es\/wp-json\/wp\/v2\/categories?post=42364"},{"taxonomy":"post_tag","embeddable":true,"href":"https:\/\/cbr.org.br\/es\/wp-json\/wp\/v2\/tags?post=42364"}],"curies":[{"name":"wp","href":"https:\/\/api.w.org\/{rel}","templated":true}]}}