{"id":42388,"date":"2022-07-25T10:40:29","date_gmt":"2022-07-25T13:40:29","guid":{"rendered":"https:\/\/cbr.org.br\/?p=42388"},"modified":"2022-07-25T10:40:30","modified_gmt":"2022-07-25T13:40:30","slug":"radiomica-tem-se-firmado-como-uma-ferramenta-eficiente-declara-paulo-mazzoncini-no-sig-cite-do-cbr-assista","status":"publish","type":"post","link":"https:\/\/cbr.org.br\/es\/radiomica-tem-se-firmado-como-uma-ferramenta-eficiente-declara-paulo-mazzoncini-no-sig-cite-do-cbr-assista\/","title":{"rendered":"\u201cRadiomics se ha consolidado como una herramienta eficiente\u201d, declara Paulo Mazzoncini en el CBR SIG CITe; mirar"},"content":{"rendered":"<p>Radi\u00f3mica, la nueva frontera de la imagen m\u00e9dica: este fue el tema de la <em>Grupo de inter\u00e9s especial<\/em> (SIG) realizado en l\u00ednea por la Comisi\u00f3n de Innovaci\u00f3n y Telerradiolog\u00eda (CITe), del Colegio Brasile\u00f1o de Radiolog\u00eda y Diagn\u00f3stico por Im\u00e1genes (CBR), en la noche del 14 de julio. El video est\u00e1 disponible en su totalidad en Workplace y en el canal oficial de YouTube de CBR.<\/p>\n\n\n\n<p>El GIS cont\u00f3 con una conferencia del profesor Paulo Mazzoncini de Azevedo Marques, del Centro de Ciencias de la Imagen y F\u00edsica M\u00e9dica, Departamento de Imagen M\u00e9dica, Hematolog\u00eda y Oncolog\u00eda Cl\u00ednica, Facultad de Medicina de Ribeir\u00e3o Preto (FMRP), Universidad de S\u00e3o Paulo (USP) . El coordinador de la actividad fue Marcelo Costa Oliveira, con la coordinaci\u00f3n general de Alexandra Monteiro.<\/p>\n\n\n\n<p>Paulo Mazzoncini explic\u00f3 que \u201ccuando hablamos de radi\u00f3mica, nos referimos al reconocimiento de patrones, que es la capacidad de detectar arreglos de caracter\u00edsticas o datos que brindan informaci\u00f3n sobre un sistema o conjunto de datos determinado\u201d.<\/p>\n\n\n\n<p>\u201cEl t\u00e9rmino radi\u00f3mica <em>radi\u00f3mica<\/em>) puede entenderse como la extracci\u00f3n de datos cuantitativos de im\u00e1genes m\u00e9dicas en comparaci\u00f3n con datos gen\u00f3micos (exoma, transcriptoma, etc.) y proteoma para mejorar el seguimiento y la conducta terap\u00e9utica\u201d, afirm\u00f3 el profesor.<\/p>\n\n\n\n<p>Se\u00f1al\u00f3 que \u201cla radi\u00f3mica se ha consolidado como una herramienta eficaz de apoyo diagn\u00f3stico y pron\u00f3stico a la medicina de precisi\u00f3n, basada en biomarcadores cuantitativos extra\u00eddos de pruebas de imagen producidas en la rutina cl\u00ednica\u201d. Se\u00f1al\u00f3 que \u201cla radi\u00f3mica tiene el potencial de proporcionar biomarcadores, basados en im\u00e1genes, que permitan ayudar en la detecci\u00f3n del c\u00e1ncer, el diagn\u00f3stico y definici\u00f3n del pron\u00f3stico, la predicci\u00f3n de la respuesta a los tratamientos y el seguimiento del estado de la enfermedad\u201d.<\/p>\n\n\n\n<h3 class=\"wp-block-heading\"><strong>La conferencia impartida por Paulo Mazzoncini de Azevedo Marques sobre Radi\u00f3mica en el SIG CITe de CBR, abord\u00f3 temas como:<\/strong><\/h3>\n\n\n\n<p>- Reconocimiento de patrones<br>\u2013 Modelo para imagen digital\/Elementos de an\u00e1lisis de imagen<br>\u2013 Aprendizaje autom\u00e1tico de aprendizaje profundo (IA)<br>\u2013 Radi\u00f3mica (definici\u00f3n\/modelo\/pasos)<br>\u2013 Ejemplos<br>\u2013 Dificultades\/Limitaciones<\/p>\n\n\n\n<p>Despu\u00e9s de la presentaci\u00f3n, el profesor respondi\u00f3 preguntas de los participantes.<\/p>\n\n\n\n<p><strong>El SIG CITe del Colegio Brasile\u00f1o de Radiolog\u00eda y Diagn\u00f3stico por Im\u00e1genes en Radi\u00f3mica, la nueva frontera de las im\u00e1genes m\u00e9dicas se puede ver en su totalidad en el siguiente enlace:<\/strong><\/p>\n\n\n\n<figure class=\"wp-block-image size-full\"><a href=\"https:\/\/www.youtube.com\/watch?v=VfflCoJ7YbE\" target=\"_blank\" rel=\"noreferrer noopener\"><img fetchpriority=\"high\" decoding=\"async\" width=\"1200\" height=\"500\" src=\"https:\/\/cbr.org.br\/wp-content\/uploads\/2022\/07\/Banner-Site-CBR_Radiomica-a-nova-fronteira-das-imagens-medicas_Desktop.png\" alt=\"\" class=\"wp-image-42390\" srcset=\"https:\/\/cbr.org.br\/wp-content\/uploads\/2022\/07\/Banner-Site-CBR_Radiomica-a-nova-fronteira-das-imagens-medicas_Desktop.png 1200w, https:\/\/cbr.org.br\/wp-content\/uploads\/2022\/07\/Banner-Site-CBR_Radiomica-a-nova-fronteira-das-imagens-medicas_Desktop-960x400.png 960w, https:\/\/cbr.org.br\/wp-content\/uploads\/2022\/07\/Banner-Site-CBR_Radiomica-a-nova-fronteira-das-imagens-medicas_Desktop-450x188.png 450w, https:\/\/cbr.org.br\/wp-content\/uploads\/2022\/07\/Banner-Site-CBR_Radiomica-a-nova-fronteira-das-imagens-medicas_Desktop-768x320.png 768w, https:\/\/cbr.org.br\/wp-content\/uploads\/2022\/07\/Banner-Site-CBR_Radiomica-a-nova-fronteira-das-imagens-medicas_Desktop-18x8.png 18w\" sizes=\"(max-width: 1200px) 100vw, 1200px\" \/><\/a><figcaption><em>Click en la imagen para ser dirigido<\/em><\/figcaption><\/figure>\n\n\n\n<p><strong>Lea tambi\u00e9n: <a href=\"https:\/\/cbr.org.br\/es\/confira-nota-do-ministerio-da-saude-com-orientacoes-para-racionalizacao-do-uso-de-contraste-iodado\/\" target=\"_blank\" rel=\"noreferrer noopener\">Consulta nota del Ministerio de Salud con lineamientos para racionalizar el uso de contraste yodado<\/a><\/strong><\/p>","protected":false},"excerpt":{"rendered":"<p>Radi\u00f3mica, la nueva frontera de la imagen m\u00e9dica: este fue el tema SIG llevado a cabo por CBR.<\/p>","protected":false},"author":16,"featured_media":42389,"comment_status":"closed","ping_status":"closed","sticky":false,"template":"","format":"standard","meta":{"_acf_changed":false,"footnotes":""},"categories":[491],"tags":[50,111,96,66,548,532],"class_list":["post-42388","post","type-post","status-publish","format-standard","has-post-thumbnail","hentry","category-cbr-educa","tag-cbr","tag-diagnostico-por-imagem","tag-radiologia","tag-radiologista","tag-radiomica","tag-sig"],"acf":[],"_links":{"self":[{"href":"https:\/\/cbr.org.br\/es\/wp-json\/wp\/v2\/posts\/42388","targetHints":{"allow":["GET"]}}],"collection":[{"href":"https:\/\/cbr.org.br\/es\/wp-json\/wp\/v2\/posts"}],"about":[{"href":"https:\/\/cbr.org.br\/es\/wp-json\/wp\/v2\/types\/post"}],"author":[{"embeddable":true,"href":"https:\/\/cbr.org.br\/es\/wp-json\/wp\/v2\/users\/16"}],"replies":[{"embeddable":true,"href":"https:\/\/cbr.org.br\/es\/wp-json\/wp\/v2\/comments?post=42388"}],"version-history":[{"count":2,"href":"https:\/\/cbr.org.br\/es\/wp-json\/wp\/v2\/posts\/42388\/revisions"}],"predecessor-version":[{"id":42392,"href":"https:\/\/cbr.org.br\/es\/wp-json\/wp\/v2\/posts\/42388\/revisions\/42392"}],"wp:featuredmedia":[{"embeddable":true,"href":"https:\/\/cbr.org.br\/es\/wp-json\/wp\/v2\/media\/42389"}],"wp:attachment":[{"href":"https:\/\/cbr.org.br\/es\/wp-json\/wp\/v2\/media?parent=42388"}],"wp:term":[{"taxonomy":"category","embeddable":true,"href":"https:\/\/cbr.org.br\/es\/wp-json\/wp\/v2\/categories?post=42388"},{"taxonomy":"post_tag","embeddable":true,"href":"https:\/\/cbr.org.br\/es\/wp-json\/wp\/v2\/tags?post=42388"}],"curies":[{"name":"wp","href":"https:\/\/api.w.org\/{rel}","templated":true}]}}