{"id":42456,"date":"2022-07-26T18:16:56","date_gmt":"2022-07-26T21:16:56","guid":{"rendered":"https:\/\/cbr.org.br\/?p=42456"},"modified":"2022-07-27T10:10:44","modified_gmt":"2022-07-27T13:10:44","slug":"diretora-cientifica-do-cbr-concede-entrevista-ao-jornal-da-band-sobre-falta-de-contraste","status":"publish","type":"post","link":"https:\/\/cbr.org.br\/es\/diretora-cientifica-do-cbr-concede-entrevista-ao-jornal-da-band-sobre-falta-de-contraste\/","title":{"rendered":"Director cient\u00edfico de CBR concede entrevista al \u201cJornal da Band\u201d sobre falta de contraste"},"content":{"rendered":"<p>La directora cient\u00edfica del CBR, Luciana Costa, concedi\u00f3 una entrevista al \u201cJornal da Band\u201d, este martes por la tarde (26). En la agenda, el momento actual de escasez de contraste en Brasil y en el mundo.<\/p>\n\n\n\n<p>Luciana Costa explic\u00f3 la funci\u00f3n del contraste, lo que la carencia puede ocasionar en t\u00e9rminos de da\u00f1o en diagn\u00f3sticos y estrategias para gestionar el uso del material en tiempos de escasez, priorizando urgencias y emergencias, seg\u00fan recomendaciones de una nota del Ministerio de Salud. Salud elaborado en conjunto con CBR y publicado el d\u00eda 13.<\/p>\n\n\n\n<figure class=\"wp-block-image size-medium\"><img fetchpriority=\"high\" decoding=\"async\" width=\"1280\" height=\"720\" src=\"https:\/\/cbr.org.br\/wp-content\/uploads\/2022\/07\/entrevista-contraste3-edited.jpeg\" alt=\"falta de contraste cbr radiologia\" class=\"wp-image-42459\" title=\"falta de contraste | entrevista al director cientifico de cbr condede al periodico de la banda\" srcset=\"https:\/\/cbr.org.br\/wp-content\/uploads\/2022\/07\/entrevista-contraste3-edited.jpeg 1280w, https:\/\/cbr.org.br\/wp-content\/uploads\/2022\/07\/entrevista-contraste3-edited-960x540.jpeg 960w, https:\/\/cbr.org.br\/wp-content\/uploads\/2022\/07\/entrevista-contraste3-edited-450x254.jpeg 450w, https:\/\/cbr.org.br\/wp-content\/uploads\/2022\/07\/entrevista-contraste3-edited-768x432.jpeg 768w, https:\/\/cbr.org.br\/wp-content\/uploads\/2022\/07\/entrevista-contraste3-edited-18x10.jpeg 18w\" sizes=\"(max-width: 1280px) 100vw, 1280px\" \/><\/figure>\n\n\n\n<p>El director cient\u00edfico del Colegio tambi\u00e9n explic\u00f3 el principal motivo de la falta del insumo en el mercado, un confinamiento provocado por el recrudecimiento de la pandemia de covid-19 en China, que provoc\u00f3 la suspensi\u00f3n temporal de la producci\u00f3n en una de las principales f\u00e1bricas del mundo. .<\/p>\n\n\n\n<h2 class=\"wp-block-heading\"><strong>Acciones de CBR para abordar la escasez de contraste<\/strong><\/h2>\n\n\n\n<p>CBR ha llevado a cabo una serie de iniciativas en los \u00faltimos meses para discutir alternativas en tiempos de escasez de contraste. Adem\u00e1s de participar en el desarrollo de <a href=\"https:\/\/cbr.org.br\/es\/confira-nota-do-ministerio-da-saude-com-orientacoes-para-racionalizacao-do-uso-de-contraste-iodado\/\" target=\"_blank\" rel=\"noreferrer noopener\">nota del Ministerio de Salud con lineamientos para racionalizar el uso de contraste yodado<\/a>, en junio, CBR promovi\u00f3 un webinar que incluy\u00f3 una conferencia en la que se presentaron recomendaciones y alternativas.<\/p>\n\n\n\n<p>\u201cNo podemos renunciar a la calidad, para buscar soluciones preservando la calidad\u201d, destac\u00f3 en la ocasi\u00f3n el presidente del Colegio, Valdair Muglia. El seminario web se puede ver completo en&nbsp;<a href=\"https:\/\/www.youtube.com\/watch?v=VZgTwoJoWu8\" target=\"_blank\" rel=\"noreferrer noopener\">canal oficial de CBR en Youtube<\/a>.<\/p>\n\n\n\n<p>La vicepresidenta de CBR, Cibele Carvalho, declar\u00f3: \u201cCada vez m\u00e1s, cuando pasamos por adversidades, es hora de aprender. Es una oportunidad para revisar las dosis de contraste y las dosis de radiaci\u00f3n para nuestros pacientes\u201d.<\/p>\n\n\n\n<p>La directora cient\u00edfica de CBR, Luciana Costa, tambi\u00e9n dio una\u00a0<a href=\"https:\/\/cbr.org.br\/es\/falta-de-contraste-assista-entrevista-da-diretora-cientifica-do-cbr-ao-jornal-da-record\/\" target=\"_blank\" rel=\"noreferrer noopener\">entrevista con Record TV en un reportaje sobre el problema<\/a>.<\/p>\n\n\n\n<p><strong>Lea tambi\u00e9n: <a href=\"https:\/\/cbr.org.br\/es\/cbr-participa-de-apresentacao-do-ministerio-da-saude-sobre-distribuicao-de-contraste-e-medicamentos\/\" target=\"_blank\" rel=\"noreferrer noopener\">CBR participa en una ponencia del Ministerio de Sanidad sobre la distribuci\u00f3n de contraste y medicaci\u00f3n<\/a><\/strong><\/p>","protected":false},"excerpt":{"rendered":"<p>La directora cient\u00edfica de CBR, Luciana Costa, concedi\u00f3 una entrevista este martes por la tarde (26) al \u201cJornal da Band\u201d<\/p>","protected":false},"author":16,"featured_media":41310,"comment_status":"closed","ping_status":"closed","sticky":false,"template":"","format":"standard","meta":{"_acf_changed":false,"footnotes":""},"categories":[493,10],"tags":[50,542,111,96,293],"class_list":["post-42456","post","type-post","status-publish","format-standard","has-post-thumbnail","hentry","category-cbr-sociedade","category-institucional","tag-cbr","tag-contraste","tag-diagnostico-por-imagem","tag-radiologia","tag-radiologistas"],"acf":[],"_links":{"self":[{"href":"https:\/\/cbr.org.br\/es\/wp-json\/wp\/v2\/posts\/42456","targetHints":{"allow":["GET"]}}],"collection":[{"href":"https:\/\/cbr.org.br\/es\/wp-json\/wp\/v2\/posts"}],"about":[{"href":"https:\/\/cbr.org.br\/es\/wp-json\/wp\/v2\/types\/post"}],"author":[{"embeddable":true,"href":"https:\/\/cbr.org.br\/es\/wp-json\/wp\/v2\/users\/16"}],"replies":[{"embeddable":true,"href":"https:\/\/cbr.org.br\/es\/wp-json\/wp\/v2\/comments?post=42456"}],"version-history":[{"count":2,"href":"https:\/\/cbr.org.br\/es\/wp-json\/wp\/v2\/posts\/42456\/revisions"}],"predecessor-version":[{"id":42460,"href":"https:\/\/cbr.org.br\/es\/wp-json\/wp\/v2\/posts\/42456\/revisions\/42460"}],"wp:featuredmedia":[{"embeddable":true,"href":"https:\/\/cbr.org.br\/es\/wp-json\/wp\/v2\/media\/41310"}],"wp:attachment":[{"href":"https:\/\/cbr.org.br\/es\/wp-json\/wp\/v2\/media?parent=42456"}],"wp:term":[{"taxonomy":"category","embeddable":true,"href":"https:\/\/cbr.org.br\/es\/wp-json\/wp\/v2\/categories?post=42456"},{"taxonomy":"post_tag","embeddable":true,"href":"https:\/\/cbr.org.br\/es\/wp-json\/wp\/v2\/tags?post=42456"}],"curies":[{"name":"wp","href":"https:\/\/api.w.org\/{rel}","templated":true}]}}