{"id":42555,"date":"2022-08-02T09:31:15","date_gmt":"2022-08-02T12:31:15","guid":{"rendered":"https:\/\/cbr.org.br\/?p=42555"},"modified":"2022-08-02T09:31:16","modified_gmt":"2022-08-02T12:31:16","slug":"aproveite-o-cbr22-para-fazer-o-curso-avr","status":"publish","type":"post","link":"https:\/\/cbr.org.br\/es\/aproveite-o-cbr22-para-fazer-o-curso-avr\/","title":{"rendered":"Aprovecha CBR22 para hacer el curso AVR"},"content":{"rendered":"<p>Aproveche el 51\u00ba Congreso Brasile\u00f1o de Radiolog\u00eda e Im\u00e1genes de Diagn\u00f3stico (CBR22), en Florian\u00f3polis (SC), en la regi\u00f3n Centro-Sur, para realizar tambi\u00e9n el curso de Asistencia Vital en Radiolog\u00eda (AVR), que se realizar\u00e1 el 1 de septiembre. <a href=\"https:\/\/congressocbr.com.br\/site\/cbr2022\/avr\">\u00a1Asegura tu lugar ahora!<\/a><\/p>\n\n\n\n<p>El curso AVR cuenta con clases te\u00f3ricas y pr\u00e1cticas, con entrenamiento para el acceso a las v\u00edas respiratorias, reanimaci\u00f3n cardiovascular y orientaci\u00f3n en situaciones de riesgo inminente de vida. Tambi\u00e9n incluye clases te\u00f3ricas sobre contrastes (caracter\u00edsticas de los medios de contraste, reacciones adversas, factores de riesgo y prevenci\u00f3n), as\u00ed como un protocolo de tratamiento de las reacciones adversas a los medios de contraste. Los que aprueban reciben un certificado, que es v\u00e1lido por dos a\u00f1os. El curso CBR AVR est\u00e1 coordinado por Adonis Manzella.<\/p>\n\n\n\n<p>Para tomar el curso AVR durante CBR22, se requiere registro por separado. Bastante asociados de CBR tienen un descuento. Los lugares para correr son limitados.<\/p>\n\n\n\n<div class=\"wp-block-buttons is-layout-flex wp-block-buttons-is-layout-flex\">\n<div class=\"wp-block-button\"><a class=\"wp-block-button__link\" href=\"https:\/\/congressocbr.com.br\/site\/cbr2022\/avr\" target=\"_blank\" rel=\"noreferrer noopener\"><strong>Suscribirse<\/strong>!<\/a><\/div>\n<\/div>\n\n\n\n<h2 class=\"wp-block-heading\"><strong>\u00a1La CBR22 es imperdible!<\/strong><\/h2>\n\n\n\n<figure class=\"wp-block-image size-full\"><a href=\"https:\/\/congressocbr.com.br\/cbr2022\" target=\"_blank\" rel=\"noreferrer noopener\"><img fetchpriority=\"high\" decoding=\"async\" width=\"1800\" height=\"750\" src=\"https:\/\/cbr.org.br\/wp-content\/uploads\/2022\/08\/curso-avr-cbr22-radiologia.jpg\" alt=\"curso avr cbr22 radiologia\" class=\"wp-image-42556\" srcset=\"https:\/\/cbr.org.br\/wp-content\/uploads\/2022\/08\/curso-avr-cbr22-radiologia.jpg 1800w, https:\/\/cbr.org.br\/wp-content\/uploads\/2022\/08\/curso-avr-cbr22-radiologia-960x400.jpg 960w, https:\/\/cbr.org.br\/wp-content\/uploads\/2022\/08\/curso-avr-cbr22-radiologia-450x188.jpg 450w, https:\/\/cbr.org.br\/wp-content\/uploads\/2022\/08\/curso-avr-cbr22-radiologia-768x320.jpg 768w, https:\/\/cbr.org.br\/wp-content\/uploads\/2022\/08\/curso-avr-cbr22-radiologia-1536x640.jpg 1536w, https:\/\/cbr.org.br\/wp-content\/uploads\/2022\/08\/curso-avr-cbr22-radiologia-18x8.jpg 18w\" sizes=\"(max-width: 1800px) 100vw, 1800px\" \/><\/a><\/figure>\n\n\n\n<p>El extenso programa del 51\u00ba Congreso Brasile\u00f1o de Radiolog\u00eda e Im\u00e1genes de Diagn\u00f3stico re\u00fane lo \u00faltimo en radiolog\u00eda, con actividades cient\u00edficas en 16 subespecialidades y otros temas de inter\u00e9s para los radi\u00f3logos.<\/p>\n\n\n\n<p>\u2013 Cursos de actualizaci\u00f3n<br>\u2013 Novedades en la literatura<br>\u2013 Marat\u00f3n en un formato innovador<br>\u2013 Arenas (Innovaci\u00f3n, Humanidades, Radioprotecci\u00f3n, Ultrasonidos)<br>\u2013 Defensa Profesional<br>\u2013 Casos raros y desafiantes<br>\u2013 Mesa de Tumores \/ Sesi\u00f3n Multidisciplinar<br>- Temas de actualidad<br>\u2013 Punto y Contrapunto<br>- Medios de contraste<br>\u2013 Pregrado en radiolog\u00eda<br>\u2013 Exposici\u00f3n de trabajos cient\u00edficos<\/p>\n\n\n\n<p>\u00bfTe gust\u00f3? Bueno, esto es solo una muestra. \u00a1Hay mucho, mucho m\u00e1s! El CBR22 es imprescindible.<\/p>\n\n\n\n<p>Todo el programa fue elaborado por una Comisi\u00f3n Cient\u00edfica compuesta por 36 de los m\u00e1s renombrados especialistas en el tema, con disertantes de todo Brasil y del mundo, en un ambiente enfocado en promover una amplia interacci\u00f3n entre los congresistas.<\/p>\n\n\n\n<p>No te quedar\u00e1s fuera, \u00bfverdad? \u00a1Nos vemos en Florida!<\/p>\n\n\n\n<div class=\"wp-block-buttons is-layout-flex wp-block-buttons-is-layout-flex\">\n<div class=\"wp-block-button\"><a class=\"wp-block-button__link\" href=\"https:\/\/congressocbr.com.br\/cbr2022\" target=\"_blank\" rel=\"noreferrer noopener\"><strong>Asegura tu lugar en CBR22<\/strong><\/a><\/div>\n<\/div>\n\n\n\n<p><strong>Lea tambi\u00e9n: <a href=\"https:\/\/cbr.org.br\/es\/metodos-hibridos-no-cbr22\/\" target=\"_blank\" rel=\"noreferrer noopener\">M\u00e9todos H\u00edbridos en la agenda de CBR22. \u00a1Participar!<\/a><\/strong><\/p>","protected":false},"excerpt":{"rendered":"<p>Aproveche el CBR22, en Florian\u00f3polis (SC), en el Centro Sur, para tambi\u00e9n tomar el curso de Asistencia Vital en Radiolog\u00eda (AVR).<\/p>","protected":false},"author":16,"featured_media":42556,"comment_status":"closed","ping_status":"closed","sticky":false,"template":"","format":"standard","meta":{"_acf_changed":false,"footnotes":""},"categories":[491],"tags":[50,512,80,503,111,96,66],"class_list":["post-42555","post","type-post","status-publish","format-standard","has-post-thumbnail","hentry","category-cbr-educa","tag-cbr","tag-cbr22","tag-congresso","tag-curso-avr","tag-diagnostico-por-imagem","tag-radiologia","tag-radiologista"],"acf":[],"_links":{"self":[{"href":"https:\/\/cbr.org.br\/es\/wp-json\/wp\/v2\/posts\/42555","targetHints":{"allow":["GET"]}}],"collection":[{"href":"https:\/\/cbr.org.br\/es\/wp-json\/wp\/v2\/posts"}],"about":[{"href":"https:\/\/cbr.org.br\/es\/wp-json\/wp\/v2\/types\/post"}],"author":[{"embeddable":true,"href":"https:\/\/cbr.org.br\/es\/wp-json\/wp\/v2\/users\/16"}],"replies":[{"embeddable":true,"href":"https:\/\/cbr.org.br\/es\/wp-json\/wp\/v2\/comments?post=42555"}],"version-history":[{"count":2,"href":"https:\/\/cbr.org.br\/es\/wp-json\/wp\/v2\/posts\/42555\/revisions"}],"predecessor-version":[{"id":42558,"href":"https:\/\/cbr.org.br\/es\/wp-json\/wp\/v2\/posts\/42555\/revisions\/42558"}],"wp:featuredmedia":[{"embeddable":true,"href":"https:\/\/cbr.org.br\/es\/wp-json\/wp\/v2\/media\/42556"}],"wp:attachment":[{"href":"https:\/\/cbr.org.br\/es\/wp-json\/wp\/v2\/media?parent=42555"}],"wp:term":[{"taxonomy":"category","embeddable":true,"href":"https:\/\/cbr.org.br\/es\/wp-json\/wp\/v2\/categories?post=42555"},{"taxonomy":"post_tag","embeddable":true,"href":"https:\/\/cbr.org.br\/es\/wp-json\/wp\/v2\/tags?post=42555"}],"curies":[{"name":"wp","href":"https:\/\/api.w.org\/{rel}","templated":true}]}}