{"id":42690,"date":"2022-08-18T17:21:11","date_gmt":"2022-08-18T20:21:11","guid":{"rendered":"https:\/\/cbr.org.br\/?p=42690"},"modified":"2022-08-19T11:34:43","modified_gmt":"2022-08-19T14:34:43","slug":"falta-de-contrastes-e-biosseguranca-dos-pacientes-foram-tema-do-webinar-padi-assista","status":"publish","type":"post","link":"https:\/\/cbr.org.br\/es\/falta-de-contrastes-e-biosseguranca-dos-pacientes-foram-tema-do-webinar-padi-assista\/","title":{"rendered":"La falta de contrastes y la bioseguridad del paciente fueron el tema del Webinar Padi; mirar"},"content":{"rendered":"<p>\u201c\u00bfC\u00f3mo la falta de contrastes radiol\u00f3gicos puede impactar la bioseguridad de los pacientes?\u201d: este fue el tema del webinar promovido por el Programa de Acreditaci\u00f3n en Diagn\u00f3stico por Im\u00e1genes (PADI), del Colegio Brasile\u00f1o de Radiolog\u00eda e Diagn\u00f3stico por Im\u00e1genes (CBR), el 16 de agosto. El seminario en l\u00ednea se puede ver completo en <a href=\"https:\/\/www.youtube.com\/watch?v=pcOFnfMg7Io\" target=\"_blank\" rel=\"noreferrer noopener\">canal oficial de CBR en YouTube<\/a>.<\/p>\n\n\n\n<figure class=\"wp-block-image size-full\"><a href=\"https:\/\/www.youtube.com\/watch?v=iHFZZk8N16s\" target=\"_blank\" rel=\"noreferrer noopener\"><img fetchpriority=\"high\" decoding=\"async\" width=\"1800\" height=\"750\" src=\"https:\/\/cbr.org.br\/wp-content\/uploads\/2022\/08\/contrastes-webinar-padi-cbr.jpg\" alt=\"contrastes webinar padi cbr\" class=\"wp-image-42691\" srcset=\"https:\/\/cbr.org.br\/wp-content\/uploads\/2022\/08\/contrastes-webinar-padi-cbr.jpg 1800w, https:\/\/cbr.org.br\/wp-content\/uploads\/2022\/08\/contrastes-webinar-padi-cbr-960x400.jpg 960w, https:\/\/cbr.org.br\/wp-content\/uploads\/2022\/08\/contrastes-webinar-padi-cbr-450x188.jpg 450w, https:\/\/cbr.org.br\/wp-content\/uploads\/2022\/08\/contrastes-webinar-padi-cbr-768x320.jpg 768w, https:\/\/cbr.org.br\/wp-content\/uploads\/2022\/08\/contrastes-webinar-padi-cbr-1536x640.jpg 1536w, https:\/\/cbr.org.br\/wp-content\/uploads\/2022\/08\/contrastes-webinar-padi-cbr-18x8.jpg 18w\" sizes=\"(max-width: 1800px) 100vw, 1800px\" \/><\/a><\/figure>\n\n\n\n<p>\u201cLa falta de contrastes genera algunas dificultades en los servicios de imagen y surgen dudas que tratamos de responder, las cuales esperamos puedan ayudar en la rutina de todos los servicios\u201d, dijo el Dr. Guilherme Hohgraefe Neto, uno de los disertantes, especialista en Radiolog\u00eda e Imagen Diagn\u00f3stica, miembro titular del CBR y de la Comisi\u00f3n de Acreditaci\u00f3n en Imagen Diagn\u00f3stica (Cadi) del Colegio.<\/p>\n\n\n\n<p>La actual escasez de contraste afecta a varios pa\u00edses y es principalmente reflejo de la suspensi\u00f3n temporal, iniciada en abril, de la producci\u00f3n en una de las principales f\u00e1bricas del mundo, en China, a causa de <em>aislamiento <\/em>ante la pandemia del covid-19. La producci\u00f3n se reanud\u00f3 parcialmente en mayo y totalmente en junio, pero la distribuci\u00f3n a\u00fan no ha vuelto a la normalidad.<\/p>\n\n\n\n<p>Ante la falta de insumos, el Ministerio de Salud emiti\u00f3 un <a href=\"https:\/\/cbr.org.br\/es\/confira-nota-do-ministerio-da-saude-com-orientacoes-para-racionalizacao-do-uso-de-contraste-iodado\/\" target=\"_blank\" rel=\"noreferrer noopener\">nota con recomendaciones para la racionalizaci\u00f3n<\/a> en Resonancia Magn\u00e9tica, Tomograf\u00eda Computarizada y Medicina Nuclear. Entre ellos, priorizar los procedimientos en pacientes de mayor riesgo y en condiciones cl\u00ednicas de urgencia y emergencia y considerar el uso de m\u00e9todos diagn\u00f3sticos alternativos, cuando sea posible.<\/p>\n\n\n\n<p>El webinar tambi\u00e9n cont\u00f3 con conferencias de Marcela Padilha Facetto Azevedo, enfermera con doctorado en la EERP-USP, coordinadora de Desarrollo de Productos y Soporte Cl\u00ednico de Alko do Brasil y docente, en 2021 y 2022, del curso en l\u00ednea Radiolog\u00eda y Bioseguridad en el \u00e1rea de la salud: desaf\u00edos en la pr\u00e1ctica cl\u00ednica por la FMRP-USP; y el Dr. Bruna Garbugio Dutra, Neurorradi\u00f3loga del Grupo de Neuroimagen de la Santa Casa de Misericordia de S\u00e3o Paulo y Grupo Fleury.<\/p>\n\n\n\n<p><strong>reutilizar<\/strong><\/p>\n\n\n\n<p>Uno de los temas tratados en el Padi Webinar fue la posible reutilizaci\u00f3n del contraste. \u201cUna de las preguntas que siempre surge es: &#039;Tengo dos o tres tom\u00f3grafos en mi servicio y al final del d\u00eda me encuentro que uno tiene 20 ml de contraste en una jeringa de la bomba de inyecci\u00f3n, el otro tiene otros 30 ml de contraste\u2026 \u00bfPuedo mezclar estos productos para una tercera dosis de contraste que incluya un paciente de 70 u 80 kilos?\u201d, ejemplific\u00f3 Hohgraefe Neto.<\/p>\n\n\n\n<p>Marcela Padilha Facetto Azevedo explic\u00f3: \u201cSi es la misma marca, el mismo producto, la misma mol\u00e9cula, \u00bfpodemos mezclarlo? S\u00ed. Sin embargo, si son de diferentes lotes, tenemos que anotar en el expediente del paciente que administr\u00e9 los mismos contrastes, las mismas concentraciones, pero de diferentes lotes, porque si hay una reacci\u00f3n adversa en el paciente, hay que rastrear esto. contraste&quot;.<\/p>\n\n\n\n<p>Tambi\u00e9n se\u00f1al\u00f3 que no se deben mezclar para reutilizar dos contrastes de diferentes concentraciones, aunque sean de la misma marca. Lo negativo tambi\u00e9n se aplica a mezclar dos contrastes de diferentes marcas, incluso con la misma concentraci\u00f3n. &quot;Puede haber incompatibilidad entre dos medicamentos diferentes&quot;, explic\u00f3. Marcela Azevedo tambi\u00e9n destac\u00f3 que Norma Padi brinda recomendaciones sobre la trazabilidad del contraste.<\/p>\n\n\n\n<p><strong>Diluci\u00f3n o reducci\u00f3n de dosis<\/strong><\/p>\n\n\n\n<p>Dr. Bruna Garbugio Dutra habl\u00f3 sobre la posible diluci\u00f3n del contraste. \u201cEs una estrategia que se est\u00e1 recomendando, algunos servicios la est\u00e1n utilizando, pero siempre hay que hacerlo con precauci\u00f3n. Hay que tener cuidado de no disminuir la calidad del examen\u201d, evalu\u00f3. Un examen de mala calidad puede terminar inservible. \u201cY luego tendr\u00e1s que volver a llamar al paciente, inyectarle de nuevo, usar m\u00e1s contraste del que hubieras usado antes\u201d, se\u00f1al\u00f3.<\/p>\n\n\n\n<p>Adem\u00e1s, afirm\u00f3 que la diluci\u00f3n con soluci\u00f3n salina aumenta el riesgo de contaminaci\u00f3n del paciente. \u201cUna alternativa ser\u00eda utilizar un sistema de inyecci\u00f3n cerrado, donde se inyectar\u00eda el contraste junto con el suero. Hay inyectoras que tienen esta capacidad\u201d.<\/p>\n\n\n\n<p>Dr. Bruna Garbugio Dutra tambi\u00e9n abord\u00f3 la posible reducci\u00f3n de dosis. \u201cUna estrategia que se puede utilizar m\u00e1s f\u00e1cilmente que la diluci\u00f3n es la reducci\u00f3n de la dosis en funci\u00f3n del peso del paciente. Hay c\u00e1lculos de peso de masa magra que son posibles de hacer\u201d.<\/p>\n\n\n\n<p>Los especialistas tambi\u00e9n aclararon una serie de preguntas de los participantes sobre temas como el almacenamiento de contraste despu\u00e9s de la apertura, entre otros. Vea el seminario web completo en <a href=\"https:\/\/www.youtube.com\/watch?v=pcOFnfMg7Io\" target=\"_blank\" rel=\"noreferrer noopener\">canal oficial de CBR en YouTube<\/a>.<\/p>","protected":false},"excerpt":{"rendered":"<p>\u201c\u00bfC\u00f3mo puede impactar la falta de contrastes radiol\u00f3gicos en la bioseguridad de los pacientes?\u201d fue el tema de un webinar promovido por Padi, de CBR.<\/p>","protected":false},"author":16,"featured_media":42691,"comment_status":"closed","ping_status":"closed","sticky":false,"template":"","format":"standard","meta":{"_acf_changed":false,"footnotes":""},"categories":[494],"tags":[565,50,542,111,137,96],"class_list":["post-42690","post","type-post","status-publish","format-standard","has-post-thumbnail","hentry","category-cbr-clinicas","tag-biosseguranca","tag-cbr","tag-contraste","tag-diagnostico-por-imagem","tag-padi","tag-radiologia"],"acf":[],"_links":{"self":[{"href":"https:\/\/cbr.org.br\/es\/wp-json\/wp\/v2\/posts\/42690","targetHints":{"allow":["GET"]}}],"collection":[{"href":"https:\/\/cbr.org.br\/es\/wp-json\/wp\/v2\/posts"}],"about":[{"href":"https:\/\/cbr.org.br\/es\/wp-json\/wp\/v2\/types\/post"}],"author":[{"embeddable":true,"href":"https:\/\/cbr.org.br\/es\/wp-json\/wp\/v2\/users\/16"}],"replies":[{"embeddable":true,"href":"https:\/\/cbr.org.br\/es\/wp-json\/wp\/v2\/comments?post=42690"}],"version-history":[{"count":1,"href":"https:\/\/cbr.org.br\/es\/wp-json\/wp\/v2\/posts\/42690\/revisions"}],"predecessor-version":[{"id":42692,"href":"https:\/\/cbr.org.br\/es\/wp-json\/wp\/v2\/posts\/42690\/revisions\/42692"}],"wp:featuredmedia":[{"embeddable":true,"href":"https:\/\/cbr.org.br\/es\/wp-json\/wp\/v2\/media\/42691"}],"wp:attachment":[{"href":"https:\/\/cbr.org.br\/es\/wp-json\/wp\/v2\/media?parent=42690"}],"wp:term":[{"taxonomy":"category","embeddable":true,"href":"https:\/\/cbr.org.br\/es\/wp-json\/wp\/v2\/categories?post=42690"},{"taxonomy":"post_tag","embeddable":true,"href":"https:\/\/cbr.org.br\/es\/wp-json\/wp\/v2\/tags?post=42690"}],"curies":[{"name":"wp","href":"https:\/\/api.w.org\/{rel}","templated":true}]}}