{"id":42698,"date":"2022-08-19T11:58:23","date_gmt":"2022-08-19T14:58:23","guid":{"rendered":"https:\/\/cbr.org.br\/?p=42698"},"modified":"2022-08-19T17:50:03","modified_gmt":"2022-08-19T20:50:03","slug":"ponto-de-encontro-cbr22-vamos-celebrar-juntos","status":"publish","type":"post","link":"https:\/\/cbr.org.br\/es\/ponto-de-encontro-cbr22-vamos-celebrar-juntos\/","title":{"rendered":"Punto de Encuentro CBR22 | \u00a1Celebremos juntos!"},"content":{"rendered":"<p>O&nbsp;<strong>51\u00ba Congreso Brasile\u00f1o de Radiolog\u00eda e Im\u00e1genes de Diagn\u00f3stico (CBR22)<\/strong>&nbsp;aqu\u00ed viene:&nbsp;<strong>del 1 al 3 de septiembre, en Florian\u00f3polis (SC),<\/strong>&nbsp;con lo m\u00e1s moderno en radiolog\u00eda, actividades cient\u00edficas de 16 subespecialidades, Arenas, Marat\u00f3n, exposici\u00f3n de trabajos y mucho m\u00e1s.<\/p>\n\n\n\n<p>Para hacer que el Congreso sea a\u00fan m\u00e1s notable, tendremos una gran<strong>&nbsp;fiesta de confraternizaci\u00f3n entre compa\u00f1eros radi\u00f3logos&nbsp;<\/strong>que participar\u00e1 en CBR22. <strong>\u00a1Contamos con tu presencia!<\/strong><\/p>\n\n\n\n<figure class=\"wp-block-image aligncenter size-full\"><a href=\"https:\/\/congressocbr.com.br\/site\/cbr2022\/atividades-sociais\" target=\"_blank\" rel=\"noreferrer noopener\"><img fetchpriority=\"high\" decoding=\"async\" width=\"600\" height=\"400\" src=\"https:\/\/cbr.org.br\/wp-content\/uploads\/2022\/08\/MicrosoftTeams-image-75.png\" alt=\"\" class=\"wp-image-42699\" srcset=\"https:\/\/cbr.org.br\/wp-content\/uploads\/2022\/08\/MicrosoftTeams-image-75.png 600w, https:\/\/cbr.org.br\/wp-content\/uploads\/2022\/08\/MicrosoftTeams-image-75-381x254.png 381w, https:\/\/cbr.org.br\/wp-content\/uploads\/2022\/08\/MicrosoftTeams-image-75-18x12.png 18w\" sizes=\"(max-width: 600px) 100vw, 600px\" \/><\/a><\/figure>\n\n\n\n<p class=\"has-text-align-center\"><strong>ESCRIBA EN LA AGENDA<\/strong><\/p>\n\n\n\n<figure class=\"wp-block-image aligncenter size-full\"><a href=\"https:\/\/congressocbr.com.br\/site\/cbr2022\/atividades-sociais\" target=\"_blank\" rel=\"noreferrer noopener\"><img decoding=\"async\" width=\"600\" height=\"400\" src=\"https:\/\/cbr.org.br\/wp-content\/uploads\/2022\/08\/newsletter_CBR22_Confraternizacao_slide-3.png\" alt=\"\" class=\"wp-image-42701\" srcset=\"https:\/\/cbr.org.br\/wp-content\/uploads\/2022\/08\/newsletter_CBR22_Confraternizacao_slide-3.png 600w, https:\/\/cbr.org.br\/wp-content\/uploads\/2022\/08\/newsletter_CBR22_Confraternizacao_slide-3-381x254.png 381w, https:\/\/cbr.org.br\/wp-content\/uploads\/2022\/08\/newsletter_CBR22_Confraternizacao_slide-3-18x12.png 18w\" sizes=\"(max-width: 600px) 100vw, 600px\" \/><\/a><\/figure>\n\n\n\n<p class=\"has-text-align-center\">2 de septiembre, a partir de las 19h30, en Acqua Plage, en Jurer\u00ea Internacional, una de las playas m\u00e1s populares del pa\u00eds.<\/p>\n\n\n\n<p class=\"has-text-align-center\"><strong>DE CARA AL MAR<\/strong><\/p>\n\n\n\n<figure class=\"wp-block-image aligncenter size-full\"><a href=\"https:\/\/congressocbr.com.br\/site\/cbr2022\/atividades-sociais\" target=\"_blank\" rel=\"noreferrer noopener\"><img decoding=\"async\" width=\"600\" height=\"400\" src=\"https:\/\/cbr.org.br\/wp-content\/uploads\/2022\/08\/newsletter_CBR22_Confraternizacao_slide-4.png\" alt=\"\" class=\"wp-image-42702\" srcset=\"https:\/\/cbr.org.br\/wp-content\/uploads\/2022\/08\/newsletter_CBR22_Confraternizacao_slide-4.png 600w, https:\/\/cbr.org.br\/wp-content\/uploads\/2022\/08\/newsletter_CBR22_Confraternizacao_slide-4-381x254.png 381w, https:\/\/cbr.org.br\/wp-content\/uploads\/2022\/08\/newsletter_CBR22_Confraternizacao_slide-4-18x12.png 18w\" sizes=\"(max-width: 600px) 100vw, 600px\" \/><\/a><\/figure>\n\n\n\n<p class=\"has-text-align-center\">La ubicaci\u00f3n de nuestra fiesta es un gran espacio, frente al mar, donde celebraremos el reencuentro e integraci\u00f3n entre radi\u00f3logos de todas las regiones del pa\u00eds.<\/p>\n\n\n\n<p class=\"has-text-align-center\"><strong>REFERENCIAS DEL MEDITERR\u00c1NEO<\/strong><\/p>\n\n\n\n<figure class=\"wp-block-image aligncenter size-full\"><a href=\"https:\/\/congressocbr.com.br\/site\/cbr2022\/atividades-sociais\" target=\"_blank\" rel=\"noreferrer noopener\"><img loading=\"lazy\" decoding=\"async\" width=\"600\" height=\"400\" src=\"https:\/\/cbr.org.br\/wp-content\/uploads\/2022\/08\/newsletter_CBR22_Confraternizacao_slide-5.png\" alt=\"\" class=\"wp-image-42703\" srcset=\"https:\/\/cbr.org.br\/wp-content\/uploads\/2022\/08\/newsletter_CBR22_Confraternizacao_slide-5.png 600w, https:\/\/cbr.org.br\/wp-content\/uploads\/2022\/08\/newsletter_CBR22_Confraternizacao_slide-5-381x254.png 381w, https:\/\/cbr.org.br\/wp-content\/uploads\/2022\/08\/newsletter_CBR22_Confraternizacao_slide-5-18x12.png 18w\" sizes=\"(max-width: 600px) 100vw, 600px\" \/><\/a><\/figure>\n\n\n\n<p class=\"has-text-align-center\">De pie sobre la arena, Acqua Plage tiene referencias mediterr\u00e1neas, tanto para la comida como para la decoraci\u00f3n.<\/p>\n\n\n\n<p class=\"has-text-align-center\"><strong>DIRECCI\u00d3N<\/strong><\/p>\n\n\n\n<figure class=\"wp-block-image aligncenter size-full\"><a href=\"https:\/\/congressocbr.com.br\/site\/cbr2022\/atividades-sociais\" target=\"_blank\" rel=\"noreferrer noopener\"><img loading=\"lazy\" decoding=\"async\" width=\"600\" height=\"400\" src=\"https:\/\/cbr.org.br\/wp-content\/uploads\/2022\/08\/newsletter_CBR22_Confraternizacao_slide-7.png\" alt=\"\" class=\"wp-image-42705\" srcset=\"https:\/\/cbr.org.br\/wp-content\/uploads\/2022\/08\/newsletter_CBR22_Confraternizacao_slide-7.png 600w, https:\/\/cbr.org.br\/wp-content\/uploads\/2022\/08\/newsletter_CBR22_Confraternizacao_slide-7-381x254.png 381w, https:\/\/cbr.org.br\/wp-content\/uploads\/2022\/08\/newsletter_CBR22_Confraternizacao_slide-7-18x12.png 18w\" sizes=\"(max-width: 600px) 100vw, 600px\" \/><\/a><\/figure>\n\n\n\n<p class=\"has-text-align-center\">El Acqua Plage est\u00e1 ubicado en Avenida das Algas, n\u00ba 1, Posto 1\u00aa, Jurer\u00ea Internacional \u2013 Florian\u00f3polis (SC). \u00a1Nos encontramos all\u00e1!<\/p>\n\n\n\n<p class=\"has-text-align-center\"><strong>ATENCI\u00d3N:<\/strong><\/p>\n\n\n\n<figure class=\"wp-block-image aligncenter size-full\"><a href=\"https:\/\/congressocbr.com.br\/site\/cbr2022\/atividades-sociais\"><img loading=\"lazy\" decoding=\"async\" width=\"600\" height=\"400\" src=\"https:\/\/cbr.org.br\/wp-content\/uploads\/2022\/08\/newsletter_CBR22_Confraternizacao_slide-8.png\" alt=\"\" class=\"wp-image-42706\" srcset=\"https:\/\/cbr.org.br\/wp-content\/uploads\/2022\/08\/newsletter_CBR22_Confraternizacao_slide-8.png 600w, https:\/\/cbr.org.br\/wp-content\/uploads\/2022\/08\/newsletter_CBR22_Confraternizacao_slide-8-381x254.png 381w, https:\/\/cbr.org.br\/wp-content\/uploads\/2022\/08\/newsletter_CBR22_Confraternizacao_slide-8-18x12.png 18w\" sizes=\"(max-width: 600px) 100vw, 600px\" \/><\/a><\/figure>\n\n\n\n<p class=\"has-text-align-center\">Solo los congresistas y expositores registrados regularmente para el Congreso y sus invitados podr\u00e1n participar en la CBR22 Fellowship Party.<\/p>\n\n\n\n<p class=\"has-text-align-center\"><strong>GARANTIZA TU INVITACI\u00d3N AHORA<\/strong><\/p>\n\n\n\n<figure class=\"wp-block-image aligncenter size-full\"><a href=\"https:\/\/congressocbr.com.br\/site\/cbr2022\/atividades-sociais\"><img loading=\"lazy\" decoding=\"async\" width=\"600\" height=\"400\" src=\"https:\/\/cbr.org.br\/wp-content\/uploads\/2022\/08\/newsletter_CBR22_Confraternizacao_slide-9.png\" alt=\"\" class=\"wp-image-42707\" srcset=\"https:\/\/cbr.org.br\/wp-content\/uploads\/2022\/08\/newsletter_CBR22_Confraternizacao_slide-9.png 600w, https:\/\/cbr.org.br\/wp-content\/uploads\/2022\/08\/newsletter_CBR22_Confraternizacao_slide-9-381x254.png 381w, https:\/\/cbr.org.br\/wp-content\/uploads\/2022\/08\/newsletter_CBR22_Confraternizacao_slide-9-18x12.png 18w\" sizes=\"(max-width: 600px) 100vw, 600px\" \/><\/a><\/figure>\n\n\n\n<p class=\"has-text-align-center\"><strong>\u00a1No se pierda este gran momento de la radiolog\u00eda brasile\u00f1a!<\/strong><\/p>\n\n\n\n<p class=\"has-text-align-center\">*El precio de la invitaci\u00f3n no incluye el consumo de alimentos y bebidas en el lugar<\/p>\n\n\n\n<figure class=\"wp-block-image aligncenter size-full\"><a href=\"https:\/\/congressocbr.com.br\/cbr2022\" target=\"_blank\" rel=\"noreferrer noopener\"><img loading=\"lazy\" decoding=\"async\" width=\"600\" height=\"400\" src=\"https:\/\/cbr.org.br\/wp-content\/uploads\/2022\/07\/MicrosoftTeams-image-54.jpg\" alt=\"cbr22 radiologia\" class=\"wp-image-42367\" srcset=\"https:\/\/cbr.org.br\/wp-content\/uploads\/2022\/07\/MicrosoftTeams-image-54.jpg 600w, https:\/\/cbr.org.br\/wp-content\/uploads\/2022\/07\/MicrosoftTeams-image-54-381x254.jpg 381w, https:\/\/cbr.org.br\/wp-content\/uploads\/2022\/07\/MicrosoftTeams-image-54-18x12.jpg 18w\" sizes=\"(max-width: 600px) 100vw, 600px\" \/><\/a><\/figure>\n\n\n\n<p class=\"has-text-align-center\"><strong>COMPRUEBE TAMBI\u00c9N:<\/strong><\/p>\n\n\n\n<p class=\"has-text-align-center\"><strong>CONSEJOS GASTRON\u00d3MICOS PARA DEGUSTAR EN FLORIPA<\/strong><\/p>\n\n\n\n<figure class=\"wp-block-image aligncenter size-full\"><a href=\"https:\/\/cbr.org.br\/es\/ponto-de-encontro-cbr22-aproveite-floripa-conosco-gastronomia\/\" target=\"_blank\" rel=\"noreferrer noopener\"><img loading=\"lazy\" decoding=\"async\" width=\"600\" height=\"400\" src=\"https:\/\/cbr.org.br\/wp-content\/uploads\/2022\/08\/newsletter_CBR22_Floripa-Gastronomia_slide-2.png\" alt=\"ROSSO RESTAURANTE\" class=\"wp-image-42659\" srcset=\"https:\/\/cbr.org.br\/wp-content\/uploads\/2022\/08\/newsletter_CBR22_Floripa-Gastronomia_slide-2.png 600w, https:\/\/cbr.org.br\/wp-content\/uploads\/2022\/08\/newsletter_CBR22_Floripa-Gastronomia_slide-2-381x254.png 381w, https:\/\/cbr.org.br\/wp-content\/uploads\/2022\/08\/newsletter_CBR22_Floripa-Gastronomia_slide-2-18x12.png 18w\" sizes=\"(max-width: 600px) 100vw, 600px\" \/><\/a><\/figure>\n\n\n\n<p class=\"has-text-align-center\"><strong>ISLA DE SILICIO<\/strong><\/p>\n\n\n\n<figure class=\"wp-block-image aligncenter size-full\"><a href=\"https:\/\/cbr.org.br\/es\/ponto-de-encontro-cbr22-aproveite-floripa-conosco-ilha-do-silicio\/\" target=\"_blank\" rel=\"noreferrer noopener\"><img loading=\"lazy\" decoding=\"async\" width=\"600\" height=\"400\" src=\"https:\/\/cbr.org.br\/wp-content\/uploads\/2022\/08\/newsletter_CBR22_Floripa-Praias-Ilha-do-Silicio_slide-3.png\" alt=\"\" class=\"wp-image-42592\" srcset=\"https:\/\/cbr.org.br\/wp-content\/uploads\/2022\/08\/newsletter_CBR22_Floripa-Praias-Ilha-do-Silicio_slide-3.png 600w, https:\/\/cbr.org.br\/wp-content\/uploads\/2022\/08\/newsletter_CBR22_Floripa-Praias-Ilha-do-Silicio_slide-3-381x254.png 381w, https:\/\/cbr.org.br\/wp-content\/uploads\/2022\/08\/newsletter_CBR22_Floripa-Praias-Ilha-do-Silicio_slide-3-18x12.png 18w\" sizes=\"(max-width: 600px) 100vw, 600px\" \/><\/a><\/figure>\n\n\n\n<p class=\"has-text-align-center\"><strong>LAS HERMOSAS PLAYAS DE FLORIPA<\/strong><\/p>\n\n\n\n<figure class=\"wp-block-image aligncenter size-full\"><a href=\"https:\/\/cbr.org.br\/es\/ponto-de-encontro-cbr22-aproveite-floripa-conosco-praias\/\" target=\"_blank\" rel=\"noreferrer noopener\"><img loading=\"lazy\" decoding=\"async\" width=\"600\" height=\"400\" src=\"https:\/\/cbr.org.br\/wp-content\/uploads\/2022\/07\/newsletter_CBR22_Floripa-Praias_slide-2.png\" alt=\"melhores praias florian\u00f3polis cbr 22 radiologia ILHA DO CAMPECHE\" class=\"wp-image-42502\" srcset=\"https:\/\/cbr.org.br\/wp-content\/uploads\/2022\/07\/newsletter_CBR22_Floripa-Praias_slide-2.png 600w, https:\/\/cbr.org.br\/wp-content\/uploads\/2022\/07\/newsletter_CBR22_Floripa-Praias_slide-2-381x254.png 381w, https:\/\/cbr.org.br\/wp-content\/uploads\/2022\/07\/newsletter_CBR22_Floripa-Praias_slide-2-18x12.png 18w\" sizes=\"(max-width: 600px) 100vw, 600px\" \/><\/a><\/figure>\n\n\n\n<p class=\"has-text-align-center\"><strong>LA IMPRESIONANTE ARQUITECTURA DE LA CIUDAD<\/strong><\/p>\n\n\n\n<figure class=\"wp-block-image aligncenter size-full\"><a href=\"https:\/\/cbr.org.br\/es\/ponto-de-encontro-cbr22-aproveite-floripa-conosco-arquitetura\/\" target=\"_blank\" rel=\"noreferrer noopener\"><img loading=\"lazy\" decoding=\"async\" width=\"600\" height=\"400\" src=\"https:\/\/cbr.org.br\/wp-content\/uploads\/2022\/07\/newsletter_CBR22_Floripa-Arquitetura_slide-3.png\" alt=\"arquitetura florian\u00f3polis floripa radiologia cbr22\" class=\"wp-image-42378\" srcset=\"https:\/\/cbr.org.br\/wp-content\/uploads\/2022\/07\/newsletter_CBR22_Floripa-Arquitetura_slide-3.png 600w, https:\/\/cbr.org.br\/wp-content\/uploads\/2022\/07\/newsletter_CBR22_Floripa-Arquitetura_slide-3-381x254.png 381w, https:\/\/cbr.org.br\/wp-content\/uploads\/2022\/07\/newsletter_CBR22_Floripa-Arquitetura_slide-3-18x12.png 18w\" sizes=\"(max-width: 600px) 100vw, 600px\" \/><\/a><\/figure>","protected":false},"excerpt":{"rendered":"<p>Para hacer que el Congreso sea a\u00fan m\u00e1s notable, tendremos una gran fiesta de celebraci\u00f3n entre los radi\u00f3logos que asisten al CBR22.<\/p>","protected":false},"author":16,"featured_media":42710,"comment_status":"closed","ping_status":"closed","sticky":false,"template":"","format":"standard","meta":{"_acf_changed":false,"footnotes":""},"categories":[493],"tags":[512,524,89],"class_list":["post-42698","post","type-post","status-publish","format-standard","has-post-thumbnail","hentry","category-cbr-sociedade","tag-cbr22","tag-congresso-brasileiro-radiologia","tag-florianopolis"],"acf":[],"_links":{"self":[{"href":"https:\/\/cbr.org.br\/es\/wp-json\/wp\/v2\/posts\/42698","targetHints":{"allow":["GET"]}}],"collection":[{"href":"https:\/\/cbr.org.br\/es\/wp-json\/wp\/v2\/posts"}],"about":[{"href":"https:\/\/cbr.org.br\/es\/wp-json\/wp\/v2\/types\/post"}],"author":[{"embeddable":true,"href":"https:\/\/cbr.org.br\/es\/wp-json\/wp\/v2\/users\/16"}],"replies":[{"embeddable":true,"href":"https:\/\/cbr.org.br\/es\/wp-json\/wp\/v2\/comments?post=42698"}],"version-history":[{"count":3,"href":"https:\/\/cbr.org.br\/es\/wp-json\/wp\/v2\/posts\/42698\/revisions"}],"predecessor-version":[{"id":42712,"href":"https:\/\/cbr.org.br\/es\/wp-json\/wp\/v2\/posts\/42698\/revisions\/42712"}],"wp:featuredmedia":[{"embeddable":true,"href":"https:\/\/cbr.org.br\/es\/wp-json\/wp\/v2\/media\/42710"}],"wp:attachment":[{"href":"https:\/\/cbr.org.br\/es\/wp-json\/wp\/v2\/media?parent=42698"}],"wp:term":[{"taxonomy":"category","embeddable":true,"href":"https:\/\/cbr.org.br\/es\/wp-json\/wp\/v2\/categories?post=42698"},{"taxonomy":"post_tag","embeddable":true,"href":"https:\/\/cbr.org.br\/es\/wp-json\/wp\/v2\/tags?post=42698"}],"curies":[{"name":"wp","href":"https:\/\/api.w.org\/{rel}","templated":true}]}}