{"id":43390,"date":"2022-11-10T11:53:02","date_gmt":"2022-11-10T14:53:02","guid":{"rendered":"https:\/\/cbr.org.br\/?p=43390"},"modified":"2025-03-12T14:19:59","modified_gmt":"2025-03-12T17:19:59","slug":"nota-de-falecimento-dr-luiz-eduardo-machado","status":"publish","type":"post","link":"https:\/\/cbr.org.br\/es\/nota-de-falecimento-dr-luiz-eduardo-machado\/","title":{"rendered":"Aviso de muerte - Dr. Luis Eduardo Machado"},"content":{"rendered":"<figure class=\"wp-block-image aligncenter size-full is-resized\"><img fetchpriority=\"high\" decoding=\"async\" src=\"https:\/\/cbr.org.br\/wp-content\/uploads\/2022\/11\/Nota-de-falecimento-Luiz-Eduardo-Machado-1.jpg\" alt=\"\" class=\"wp-image-43388\" width=\"523\" height=\"322\" srcset=\"https:\/\/cbr.org.br\/wp-content\/uploads\/2022\/11\/Nota-de-falecimento-Luiz-Eduardo-Machado-1.jpg 1000w, https:\/\/cbr.org.br\/wp-content\/uploads\/2022\/11\/Nota-de-falecimento-Luiz-Eduardo-Machado-1-874x540.jpg 874w, https:\/\/cbr.org.br\/wp-content\/uploads\/2022\/11\/Nota-de-falecimento-Luiz-Eduardo-Machado-1-411x254.jpg 411w, https:\/\/cbr.org.br\/wp-content\/uploads\/2022\/11\/Nota-de-falecimento-Luiz-Eduardo-Machado-1-768x475.jpg 768w, https:\/\/cbr.org.br\/wp-content\/uploads\/2022\/11\/Nota-de-falecimento-Luiz-Eduardo-Machado-1-18x12.jpg 18w\" sizes=\"(max-width: 523px) 100vw, 523px\" \/><\/figure>\n\n\n\n<p>Con inmenso pesar, el Colegio Brasile\u00f1o de Radiolog\u00eda y Diagn\u00f3stico por Im\u00e1genes (CBR) recibi\u00f3 la noticia del fallecimiento del Dr. Luis Eduardo Machado. A los 76 a\u00f1os, la Dra. Luiz nos dej\u00f3 el 9 de noviembre. Luego de d\u00edas de hospitalizaci\u00f3n, debido a un infarto que sufri\u00f3 durante un Congreso en S\u00e3o Paulo, una serie de complicaciones lo llevaron a la muerte.<\/p>\n\n\n\n<p>Nacido en Salvador y graduado de la Facultad de Medicina y Salud P\u00fablica de Bah\u00eda en 1977 y Doctorado de la Universidad Espa\u00f1ola de Valencia en 2011. Dr. Luiz fue miembro de pleno derecho del Colegio Brasile\u00f1o de Radiolog\u00eda y Diagn\u00f3stico por Im\u00e1genes y contribuy\u00f3 al Colegio en varios momentos, brindando servicios invaluables como la coordinaci\u00f3n del m\u00f3dulo de Ultrasonido en Ginecolog\u00eda de las \u00faltimas ediciones del Congreso CBR.<\/p>\n\n\n\n<p>Su trayectoria profesional sin duda sum\u00f3 mucho a todos aquellos que tuvieron la oportunidad de trabajar con \u00e9l en eventos, o en el d\u00eda a d\u00eda. Una gran p\u00e9rdida para toda la profesi\u00f3n m\u00e9dica y para quienes lo admiraban como persona.<\/p>\n\n\n\n<p>CBR agradece al Dr. Luiz Eduardo Machado y su familia por sus a\u00f1os de dedicaci\u00f3n a la Radiolog\u00eda brasile\u00f1a.<\/p>","protected":false},"excerpt":{"rendered":"<p>Con inmenso pesar, el Colegio Brasile\u00f1o de Radiolog\u00eda y Diagn\u00f3stico por Im\u00e1genes (CBR) recibi\u00f3 la noticia del fallecimiento del Dr. Luis Eduardo Machado. A los 76 a\u00f1os, la Dra. Luiz nos dej\u00f3 el 9 de noviembre. Despu\u00e9s de d\u00edas de hospitalizaci\u00f3n, debido a un infarto que sufri\u00f3 durante un Congreso en S\u00e3o Paulo, una serie... <a href=\"https:\/\/cbr.org.br\/es\/nota-de-falecimento-dr-luiz-eduardo-machado\/\">Sigue leyendo<\/a><\/p>","protected":false},"author":8,"featured_media":43388,"comment_status":"closed","ping_status":"closed","sticky":false,"template":"","format":"standard","meta":{"_acf_changed":false,"footnotes":""},"categories":[646],"tags":[50,665,678,624],"class_list":["post-43390","post","type-post","status-publish","format-standard","has-post-thumbnail","hentry","category-nota-de-falecimento","tag-cbr","tag-cbr_radiologia","tag-medicina-diagnostica-2","tag-nota-de-falecimento"],"acf":[],"_links":{"self":[{"href":"https:\/\/cbr.org.br\/es\/wp-json\/wp\/v2\/posts\/43390","targetHints":{"allow":["GET"]}}],"collection":[{"href":"https:\/\/cbr.org.br\/es\/wp-json\/wp\/v2\/posts"}],"about":[{"href":"https:\/\/cbr.org.br\/es\/wp-json\/wp\/v2\/types\/post"}],"author":[{"embeddable":true,"href":"https:\/\/cbr.org.br\/es\/wp-json\/wp\/v2\/users\/8"}],"replies":[{"embeddable":true,"href":"https:\/\/cbr.org.br\/es\/wp-json\/wp\/v2\/comments?post=43390"}],"version-history":[{"count":3,"href":"https:\/\/cbr.org.br\/es\/wp-json\/wp\/v2\/posts\/43390\/revisions"}],"predecessor-version":[{"id":43474,"href":"https:\/\/cbr.org.br\/es\/wp-json\/wp\/v2\/posts\/43390\/revisions\/43474"}],"wp:featuredmedia":[{"embeddable":true,"href":"https:\/\/cbr.org.br\/es\/wp-json\/wp\/v2\/media\/43388"}],"wp:attachment":[{"href":"https:\/\/cbr.org.br\/es\/wp-json\/wp\/v2\/media?parent=43390"}],"wp:term":[{"taxonomy":"category","embeddable":true,"href":"https:\/\/cbr.org.br\/es\/wp-json\/wp\/v2\/categories?post=43390"},{"taxonomy":"post_tag","embeddable":true,"href":"https:\/\/cbr.org.br\/es\/wp-json\/wp\/v2\/tags?post=43390"}],"curies":[{"name":"wp","href":"https:\/\/api.w.org\/{rel}","templated":true}]}}