{"id":43553,"date":"2022-12-09T17:13:36","date_gmt":"2022-12-09T20:13:36","guid":{"rendered":"https:\/\/cbr.org.br\/?p=43553"},"modified":"2022-12-09T17:18:52","modified_gmt":"2022-12-09T20:18:52","slug":"quadro-da-presidencia-cbr","status":"publish","type":"post","link":"https:\/\/cbr.org.br\/es\/quadro-da-presidencia-cbr\/","title":{"rendered":"Renovaci\u00f3n de la galer\u00eda de presidentes de la CBR: Ceremonia re\u00fane al directorio y homenajea a las dos \u00faltimas administraciones del Colegio"},"content":{"rendered":"<p>El 8 de diciembre de 2022, el Colegio Brasile\u00f1o de Radiolog\u00eda y Diagn\u00f3stico por Im\u00e1genes (CBR) realiz\u00f3 la ceremonia de terminaci\u00f3n de la gesti\u00f3n. La ceremonia consiste en reconocer al presidente del presente bienio, por los servicios prestados a Radiolog\u00eda durante el \u00faltimo bienio. Se hace un cuadro y se exhibe en la galer\u00eda de ex presidentes, que est\u00e1 en la sede del Colegio. El responsable de entregar la mesa es el presidente del bienio anterior.<\/p>\n\n\n\n<p>Debido a la pandemia del COVID-19 no fue posible realizar este tr\u00e1mite para el pen\u00faltimo bienio. Por eso, ayer la CBR honr\u00f3 la presidencia del bienio 2019\/2020 y el actual. El acto simb\u00f3lico es de suma importancia y tradicionalmente se repite al final de cada administraci\u00f3n.<\/p>\n\n\n\n<h2 class=\"wp-block-heading\"><strong><em>\u00bfC\u00f3mo fue la ceremonia?<\/em><\/strong><\/h2>\n\n\n\n<p>La ceremonia tuvo lugar en la sede de la CBR, ubicada en la Avenida Paulista, 37 \u2013 S\u00e3o Paulo (SP); el medico Dante Escuissato \u2013 2\u00b0 vicepresidente de la actual junta, entreg\u00f3 el cuadro al Dr. Alair Sarmet Santos, presidente responsable del bienio 2019\/2020. Y, Dra. Alair Sarmet Santos, entreg\u00f3 el cuadro al Dr. Valdair Francisco Muglia, presidente para el bienio 2021\/2022.<\/p>\n\n\n\n<p>Este momento especial es una forma de agradecer y reconocer todo el compromiso de la gesti\u00f3n que cierra el ciclo. el medico Dante habl\u00f3 sabiamente sobre la importancia del Dr. Alair, en particular, por el desaf\u00edo que experiment\u00f3 durante el per\u00edodo de dos a\u00f1os que estuvo al frente de la CBR. S\u00ed, en este per\u00edodo, el mundo estaba experimentando el pico de la pandemia.<\/p>\n\n\n\n<p>\u201cAdministrar las necesidades del Colegio y todo lo que lo afectaba directamente, a trav\u00e9s de la delicada pero desafiante situaci\u00f3n, no impidi\u00f3 que el Dr. Alair para realizar una gran gesti\u00f3n&quot;, seg\u00fan el Dr. Dante Escuissato.<\/p>\n\n\n\n<p>Adem\u00e1s del agradecimiento mostrado en su momento, el Dr. Alair honr\u00f3 al actual presidente de la CBR, Dr. Valdair, y coment\u00f3 el gran compromiso en este bienio que finaliza el 31\/12\/2022. Habl\u00f3 sobre el enfoque que el Dr. Valdair triunf\u00f3 en este ciclo, entre el Colegio y otras sociedades radiol\u00f3gicas internacionales y nacionales.<\/p>\n\n\n\n<p>y el Dr. Valdair, cerr\u00f3 los homenajes de la ceremonia, tras mencionar la importancia de todos los que ya asumieron la presidencia del Colegio Brasile\u00f1o de Radiolog\u00eda y Diagn\u00f3stico por Im\u00e1genes, adem\u00e1s de toda la directiva y colaboradores. Agradecido por la confianza otorgada en este bienio y confiado en que la nueva presidencia podr\u00e1 fortalecer a\u00fan m\u00e1s la especialidad de los radi\u00f3logos y la CBR como instituci\u00f3n, concluy\u00f3.<\/p>\n\n\n\n<figure class=\"wp-block-image size-large is-resized\"><img fetchpriority=\"high\" decoding=\"async\" src=\"https:\/\/cbr.org.br\/wp-content\/uploads\/2022\/12\/Cerimonia-quadro-presidencia-1153x1080.jpeg\" alt=\"\" class=\"wp-image-43555\" width=\"577\" height=\"540\" srcset=\"https:\/\/cbr.org.br\/wp-content\/uploads\/2022\/12\/Cerimonia-quadro-presidencia-1153x1080.jpeg 1153w, https:\/\/cbr.org.br\/wp-content\/uploads\/2022\/12\/Cerimonia-quadro-presidencia-576x540.jpeg 576w, https:\/\/cbr.org.br\/wp-content\/uploads\/2022\/12\/Cerimonia-quadro-presidencia-271x254.jpeg 271w, https:\/\/cbr.org.br\/wp-content\/uploads\/2022\/12\/Cerimonia-quadro-presidencia-768x719.jpeg 768w, https:\/\/cbr.org.br\/wp-content\/uploads\/2022\/12\/Cerimonia-quadro-presidencia-13x12.jpeg 13w, https:\/\/cbr.org.br\/wp-content\/uploads\/2022\/12\/Cerimonia-quadro-presidencia.jpeg 1250w\" sizes=\"(max-width: 577px) 100vw, 577px\" \/><figcaption class=\"wp-element-caption\">doctor Dante Escuissato \u2013 2\u00b0 vicepresidente de la actual junta, entreg\u00f3 el cuadro al Dr. Alair Sarmet Santos, el presidente responsable del bienio 2019\/2020 Foto: Victor Hugo Bispo<\/figcaption><\/figure>\n\n\n\n<figure class=\"wp-block-image size-large is-resized\"><img decoding=\"async\" src=\"https:\/\/cbr.org.br\/wp-content\/uploads\/2022\/12\/Cerimonia-quadro-presidencia3-1280x1080.jpeg\" alt=\"\" class=\"wp-image-43556\" width=\"640\" height=\"540\" srcset=\"https:\/\/cbr.org.br\/wp-content\/uploads\/2022\/12\/Cerimonia-quadro-presidencia3-1280x1080.jpeg 1280w, https:\/\/cbr.org.br\/wp-content\/uploads\/2022\/12\/Cerimonia-quadro-presidencia3-640x540.jpeg 640w, https:\/\/cbr.org.br\/wp-content\/uploads\/2022\/12\/Cerimonia-quadro-presidencia3-301x254.jpeg 301w, https:\/\/cbr.org.br\/wp-content\/uploads\/2022\/12\/Cerimonia-quadro-presidencia3-768x648.jpeg 768w, https:\/\/cbr.org.br\/wp-content\/uploads\/2022\/12\/Cerimonia-quadro-presidencia3-14x12.jpeg 14w, https:\/\/cbr.org.br\/wp-content\/uploads\/2022\/12\/Cerimonia-quadro-presidencia3.jpeg 1308w\" sizes=\"(max-width: 640px) 100vw, 640px\" \/><figcaption class=\"wp-element-caption\">doctor Alair Sarmet Santos, entreg\u00f3 el cuadro al Dr. Valdair Francisco Muglia, presidente para el bienio 2021\/2022 Foto: Thiago Braga<\/figcaption><\/figure>\n\n\n\n<h3 class=\"wp-block-heading\"><strong><em>\u00bfQui\u00e9n estuvo presente?<\/em><\/strong><\/h3>\n\n\n\n<p>Los miembros de la junta directiva del Colegio Brasile\u00f1o de Radiolog\u00eda y Diagn\u00f3stico por Im\u00e1genes estuvieron presentes para honrar a la presidencia actual y anterior.<\/p>\n\n\n\n<p>doctor Alair Sarmet Santos<\/p>\n\n\n\n<p>Dr. Alicia Schuch<\/p>\n\n\n\n<p>doctor bernardo tessarollo<\/p>\n\n\n\n<p>Dr. Cibel\u00e9 Carvalho<\/p>\n\n\n\n<p>doctor Dante Escuissato<\/p>\n\n\n\n<p>doctor Giuseppe D&#039;Ippolito<\/p>\n\n\n\n<p>doctor Gustavo Andrade<\/p>\n\n\n\n<p>doctor Gustavo Baltasar<\/p>\n\n\n\n<p>doctor helio braga<\/p>\n\n\n\n<p>doctor Hilton Le\u00f3n<\/p>\n\n\n\n<p>Dr. Juliana Tapaj\u00f3s<\/p>\n\n\n\n<p>doctor Luis Ronan Souza<\/p>\n\n\n\n<p>doctor marcelo lauar<\/p>\n\n\n\n<p>doctor Mauricio Zapparoli<\/p>\n\n\n\n<p>Dr. Mayra Veloso<\/p>\n\n\n\n<p>doctor bernardo robertson<\/p>\n\n\n\n<p>doctor ronaldo baroni<\/p>\n\n\n\n<p>doctor Rubens Chojniak<\/p>\n\n\n\n<p>Dr. teresa sarmet<\/p>\n\n\n\n<p>doctor t\u00falio macedo<\/p>\n\n\n\n<p>Adem\u00e1s de colaboradores de todos los n\u00facleos y \u00e1reas del Colegio.<\/p>\n\n\n\n<figure class=\"wp-block-image size-full is-resized\"><img decoding=\"async\" src=\"https:\/\/cbr.org.br\/wp-content\/uploads\/2022\/12\/Cerimonia-quadro-presidencia4.jpeg\" alt=\"\" class=\"wp-image-43557\" width=\"714\" height=\"403\" srcset=\"https:\/\/cbr.org.br\/wp-content\/uploads\/2022\/12\/Cerimonia-quadro-presidencia4.jpeg 1427w, https:\/\/cbr.org.br\/wp-content\/uploads\/2022\/12\/Cerimonia-quadro-presidencia4-957x540.jpeg 957w, https:\/\/cbr.org.br\/wp-content\/uploads\/2022\/12\/Cerimonia-quadro-presidencia4-450x254.jpeg 450w, https:\/\/cbr.org.br\/wp-content\/uploads\/2022\/12\/Cerimonia-quadro-presidencia4-768x433.jpeg 768w, https:\/\/cbr.org.br\/wp-content\/uploads\/2022\/12\/Cerimonia-quadro-presidencia4-18x10.jpeg 18w\" sizes=\"(max-width: 714px) 100vw, 714px\" \/><figcaption class=\"wp-element-caption\">Integrantes del Directorio actual y nuevo Foto: Mar\u00edlia Cordeiro<\/figcaption><\/figure>","protected":false},"excerpt":{"rendered":"<p>El 8 de diciembre de 2022, el Colegio Brasile\u00f1o de Radiolog\u00eda y Diagn\u00f3stico por Im\u00e1genes (CBR) realiz\u00f3 la ceremonia de terminaci\u00f3n de la gesti\u00f3n. La ceremonia consiste en reconocer al presidente del presente bienio, por los servicios prestados a Radiolog\u00eda durante el \u00faltimo bienio. Se hace un cuadro y se exhibe en la galer\u00eda de ex presidentes,\u2026 <a href=\"https:\/\/cbr.org.br\/es\/quadro-da-presidencia-cbr\/\">Sigue leyendo<\/a><\/p>","protected":false},"author":20,"featured_media":43554,"comment_status":"closed","ping_status":"closed","sticky":false,"template":"","format":"standard","meta":{"_acf_changed":false,"footnotes":""},"categories":[493,12,10],"tags":[50,149,201,96],"class_list":["post-43553","post","type-post","status-publish","format-standard","has-post-thumbnail","hentry","category-cbr-sociedade","category-eventos","category-institucional","tag-cbr","tag-homenagem","tag-presidente","tag-radiologia"],"acf":[],"_links":{"self":[{"href":"https:\/\/cbr.org.br\/es\/wp-json\/wp\/v2\/posts\/43553","targetHints":{"allow":["GET"]}}],"collection":[{"href":"https:\/\/cbr.org.br\/es\/wp-json\/wp\/v2\/posts"}],"about":[{"href":"https:\/\/cbr.org.br\/es\/wp-json\/wp\/v2\/types\/post"}],"author":[{"embeddable":true,"href":"https:\/\/cbr.org.br\/es\/wp-json\/wp\/v2\/users\/20"}],"replies":[{"embeddable":true,"href":"https:\/\/cbr.org.br\/es\/wp-json\/wp\/v2\/comments?post=43553"}],"version-history":[{"count":3,"href":"https:\/\/cbr.org.br\/es\/wp-json\/wp\/v2\/posts\/43553\/revisions"}],"predecessor-version":[{"id":43566,"href":"https:\/\/cbr.org.br\/es\/wp-json\/wp\/v2\/posts\/43553\/revisions\/43566"}],"wp:featuredmedia":[{"embeddable":true,"href":"https:\/\/cbr.org.br\/es\/wp-json\/wp\/v2\/media\/43554"}],"wp:attachment":[{"href":"https:\/\/cbr.org.br\/es\/wp-json\/wp\/v2\/media?parent=43553"}],"wp:term":[{"taxonomy":"category","embeddable":true,"href":"https:\/\/cbr.org.br\/es\/wp-json\/wp\/v2\/categories?post=43553"},{"taxonomy":"post_tag","embeddable":true,"href":"https:\/\/cbr.org.br\/es\/wp-json\/wp\/v2\/tags?post=43553"}],"curies":[{"name":"wp","href":"https:\/\/api.w.org\/{rel}","templated":true}]}}