{"id":44424,"date":"2023-03-01T10:55:46","date_gmt":"2023-03-01T13:55:46","guid":{"rendered":"https:\/\/cbr.org.br\/?p=44424"},"modified":"2023-03-01T10:55:47","modified_gmt":"2023-03-01T13:55:47","slug":"prova-de-titulo-de-especialista-e-certificado-de-area-de-atuacao-inscricoes-a-partir-de-3-de-marco","status":"publish","type":"post","link":"https:\/\/cbr.org.br\/es\/prova-de-titulo-de-especialista-e-certificado-de-area-de-atuacao-inscricoes-a-partir-de-3-de-marco\/","title":{"rendered":"Constancia de T\u00edtulo de Especialista y Certificado de \u00c1rea de Pr\u00e1ctica: inscripciones a partir del 3 de marzo"},"content":{"rendered":"<p><em>Siga el cronograma del calendario y obtenga m\u00e1s informaci\u00f3n sobre los detalles del examen.<\/em><\/p>\n\n\n\n<p>CBR anunci\u00f3 el cronograma y el formato de la prueba de t\u00edtulo especializada. Los Ex\u00e1menes de Suficiencia para la obtenci\u00f3n de los T\u00edtulos de Especialistas y Certificados en el \u00c1rea de Pr\u00e1ctica son emitidos por la entidad en conjunto con la Asociaci\u00f3n M\u00e9dica Brasile\u00f1a (AMB).<\/p>\n\n\n\n<p>La aprobaci\u00f3n del examen, que se realiza en formato te\u00f3rico y pr\u00e1ctico, es requisito para la obtenci\u00f3n del t\u00edtulo de especialista, otorgado por el CBR\/AMB y acreditado por el CFM, en los t\u00e9rminos de las Resoluciones CFM n.\u00ba 2.148\/2016 y 2.221\/2018 .<\/p>\n\n\n\n<p>El certificado acredita que el profesional m\u00e9dico cuenta con una adecuada formaci\u00f3n acad\u00e9mico-cient\u00edfica y es capaz de ejercer la especialidad de manera \u00e9tica, responsable y competente.<\/p>\n\n\n\n<p>Se confirma la Prueba de T\u00edtulo que se realiza en el primer semestre. Sigue el siguiente horario:<\/p>\n\n\n\n<p><\/p>\n\n\n\n<p><strong>Prueba de t\u00edtulo <\/strong><\/p>\n\n\n\n<p><strong>Examen de T\u00edtulo de Especialista y Certificado de \u00c1rea de Pr\u00e1ctica \u2013 1er semestre<\/strong><\/p>\n\n\n\n<p>Per\u00edodo de inscripci\u00f3n:<strong> <\/strong>\u00a0<strong>3 al 24 de marzo de 2023<\/strong><\/p>\n\n\n\n<p><\/p>\n\n\n\n<p><strong>1\u00aa Fase \u2013 Prueba Te\u00f3rica<\/strong><\/p>\n\n\n\n<p><strong>Fecha: <\/strong>21 de mayo de 2023 \u2013 (domingo)<\/p>\n\n\n\n<p><strong>Especialidades:<\/strong> DO\/EVD\/MAMA\/NEURO\/RDDI\/RIA\/USGERAL\/USGO<\/p>\n\n\n\n<p><strong>Formato<\/strong>:En persona<\/p>\n\n\n\n<p><strong>Ubicaciones: <\/strong>Belo Horizonte (MG), Brasilia (DF), Curitiba (PR), R\u00edo de Janeiro (RJ), Recife (PE) y S\u00e3o Paulo (SP)<\/p>\n\n\n\n<p><\/p>\n\n\n\n<p><strong>2\u00aa fase - Prueba pr\u00e1ctica (Pr\u00e1ctica oral\/Pr\u00e1ctica de aparato)<\/strong><\/p>\n\n\n\n<p><strong>Fecha: <\/strong>8 de julio de 2023 \u2013 (s\u00e1bado)<\/p>\n\n\n\n<p><strong>Especialidades:<\/strong> DO\/EVD\/MAMA\/NEURO\/RIA\/USGERAL\/USGO<\/p>\n\n\n\n<p><strong>Formato<\/strong>:En persona<\/p>\n\n\n\n<p><strong>Local: <\/strong>S\u00e3o Paulo-SP)<\/p>\n\n\n\n<p><\/p>\n\n\n\n<p><strong>2\u00aa fase \u2013 Prueba te\u00f3rico-pr\u00e1ctica<\/strong><\/p>\n\n\n\n<p><strong>Fecha: <\/strong>9 de julio de 2023 \u2013 (domingo)<\/p>\n\n\n\n<p><strong>Especialidades:<\/strong> RDSI<\/p>\n\n\n\n<p><strong>Formato<\/strong>:En persona<\/p>\n\n\n\n<p><strong>Local: <\/strong>S\u00e3o Paulo-SP).<\/p>\n\n\n\n<p><\/p>\n\n\n\n<p>Para el segundo semestre est\u00e1 prevista una segunda prueba. Sin embargo, la fecha est\u00e1 pendiente de confirmaci\u00f3n por parte de la Asociaci\u00f3n M\u00e9dica Brasile\u00f1a (AMB).<\/p>\n\n\n\n<p>Los certificados son emitidos por AMB\/CBR. Son ellos:<\/p>\n\n\n\n<p>T\u00edtulos de Especialista: Radiolog\u00eda e Imagen Diagn\u00f3stica; Diagn\u00f3stico por Im\u00e1genes con Pr\u00e1ctica Exclusiva en Radiolog\u00eda Intervencionista y Angiorradiolog\u00eda; Diagn\u00f3stico por Imagen con Desempe\u00f1o Exclusivo en Ultrasonograf\u00eda General.<\/p>\n\n\n\n<p>\u00c1rea de Pr\u00e1ctica Certificados: Densitometr\u00eda \u00d3sea; Ecograf\u00eda vascular con Doppler (Convenio CBR\/AMB\/SBACV); Mamograf\u00eda (Convenio CBR\/AMB\/SBM\/FEBRASGO); Neurorradiolog\u00eda Diagn\u00f3stica y Terap\u00e9utica; y Ultrasonograf\u00eda en Ginecolog\u00eda y Obstetricia (Convenio CBR\/AMB\/FEBRASGO).<\/p>\n\n\n\n<p>Los T\u00edtulos de Especialista y Certificados en el \u00c1rea de Experiencia est\u00e1n compuestos y son competencia exclusiva de la Asociaci\u00f3n M\u00e9dica Brasile\u00f1a. La solicitud de inscripci\u00f3n deber\u00e1 realizarse ante la Sociedad de la Especialidad, de acuerdo a los lineamientos presentes en la convocatoria de cada concurso. El plazo de recepci\u00f3n es de 30 a 45 d\u00edas, contados a partir del pago de la factura.<\/p>\n\n\n\n<p>Para obtener informaci\u00f3n, consulte: <a href=\"https:\/\/cbr.org.br\/es\/prova-titulo-especialista\/\">https:\/\/cbr.org.br\/prova-titulo-especialista\/<\/a><\/p>","protected":false},"excerpt":{"rendered":"<p>Sigue el cronograma del calendario y ent\u00e9rate m\u00e1s sobre el examen El CBR dio a conocer el cronograma y formato de la Prueba de T\u00edtulo de la especialidad. Los Ex\u00e1menes de Suficiencia para la obtenci\u00f3n de los T\u00edtulos de Especialistas y Certificados en el \u00c1rea de Pr\u00e1ctica son emitidos por la entidad en conjunto con la Asociaci\u00f3n M\u00e9dica Brasile\u00f1a (AMB). Aprobaci\u00f3n en\u2026 <a href=\"https:\/\/cbr.org.br\/es\/prova-de-titulo-de-especialista-e-certificado-de-area-de-atuacao-inscricoes-a-partir-de-3-de-marco\/\">Sigue leyendo<\/a><\/p>","protected":false},"author":8,"featured_media":44426,"comment_status":"closed","ping_status":"closed","sticky":false,"template":"","format":"standard","meta":{"_acf_changed":false,"footnotes":""},"categories":[492,19,15,17],"tags":[50,566,111,537,96,66,69],"class_list":["post-44424","post","type-post","status-publish","format-standard","has-post-thumbnail","hentry","category-cbr-formacao","category-estudantes-de-medicina","category-residencia-e-aperfeicoamento","category-titulos-e-certificados","tag-cbr","tag-certificado-de-area-de-atuacao-3","tag-diagnostico-por-imagem","tag-prova-de-titulo-cbr","tag-radiologia","tag-radiologista","tag-residentes"],"acf":[],"_links":{"self":[{"href":"https:\/\/cbr.org.br\/es\/wp-json\/wp\/v2\/posts\/44424","targetHints":{"allow":["GET"]}}],"collection":[{"href":"https:\/\/cbr.org.br\/es\/wp-json\/wp\/v2\/posts"}],"about":[{"href":"https:\/\/cbr.org.br\/es\/wp-json\/wp\/v2\/types\/post"}],"author":[{"embeddable":true,"href":"https:\/\/cbr.org.br\/es\/wp-json\/wp\/v2\/users\/8"}],"replies":[{"embeddable":true,"href":"https:\/\/cbr.org.br\/es\/wp-json\/wp\/v2\/comments?post=44424"}],"version-history":[{"count":1,"href":"https:\/\/cbr.org.br\/es\/wp-json\/wp\/v2\/posts\/44424\/revisions"}],"predecessor-version":[{"id":44427,"href":"https:\/\/cbr.org.br\/es\/wp-json\/wp\/v2\/posts\/44424\/revisions\/44427"}],"wp:featuredmedia":[{"embeddable":true,"href":"https:\/\/cbr.org.br\/es\/wp-json\/wp\/v2\/media\/44426"}],"wp:attachment":[{"href":"https:\/\/cbr.org.br\/es\/wp-json\/wp\/v2\/media?parent=44424"}],"wp:term":[{"taxonomy":"category","embeddable":true,"href":"https:\/\/cbr.org.br\/es\/wp-json\/wp\/v2\/categories?post=44424"},{"taxonomy":"post_tag","embeddable":true,"href":"https:\/\/cbr.org.br\/es\/wp-json\/wp\/v2\/tags?post=44424"}],"curies":[{"name":"wp","href":"https:\/\/api.w.org\/{rel}","templated":true}]}}