{"id":44788,"date":"2023-03-23T20:00:41","date_gmt":"2023-03-23T23:00:41","guid":{"rendered":"https:\/\/cbr.org.br\/?p=44788"},"modified":"2025-03-12T13:43:19","modified_gmt":"2025-03-12T16:43:19","slug":"esclarecimentos-do-cbr-sobre-a-resolucao-cfm-no-2330-23","status":"publish","type":"post","link":"https:\/\/cbr.org.br\/es\/esclarecimentos-do-cbr-sobre-a-resolucao-cfm-no-2330-23\/","title":{"rendered":"Consultar aclaraciones CBR sobre resoluci\u00f3n CFM n\u00ba 2330\/23"},"content":{"rendered":"<p>El Colegio Brasile\u00f1o de Radiolog\u00eda y Diagn\u00f3stico por Im\u00e1genes (CBR) aclara los principales puntos de la resoluci\u00f3n CFM n\u00ba 2330\/23 a trav\u00e9s de una nota, que transform\u00f3 la Ultrasonograf\u00eda General en un \u00e1rea de especializaci\u00f3n.<br><br>Verificar:<\/p>\n\n\n\n<ul class=\"wp-block-list\">\n<li>El t\u00edtulo de especialista en Radiolog\u00eda y Diagn\u00f3stico por la Imagen no ha sido modificado. los radi\u00f3logos contin\u00faan pudiendo realizar ultrasonograf\u00edas, as\u00ed como todos los dem\u00e1s m\u00e9todos de imagen inherentes a esta especialidad;<\/li>\n<\/ul>\n\n\n\n<ul class=\"wp-block-list\">\n<li>El t\u00edtulo de especialista en <strong>Radiolog\u00eda y Diagn\u00f3stico por Im\u00e1genes<\/strong> no ha sufrido alteraci\u00f3n alguna, manteniendo todos los requisitos para su obtenci\u00f3n;<\/li>\n<\/ul>\n\n\n\n<ul class=\"wp-block-list\">\n<li>La Resoluci\u00f3n mantuvo la posibilidad de obtener un t\u00edtulo en Diagn\u00f3stico por Imagen con actuaci\u00f3n exclusiva en Ultrasonido General hasta el a\u00f1o 2025, conservando el derecho de quienes se preparan a obtener este t\u00edtulo;<\/li>\n<\/ul>\n\n\n\n<ul class=\"wp-block-list\">\n<li>Los m\u00e9dicos que ostenten el t\u00edtulo de Especialista en Diagn\u00f3stico por la Imagen con especialidad exclusiva en Ecograf\u00eda General seguir\u00e1n ostentando el mismo. Este es un derecho adquirido, reconocido por el Consejo Federal de Medicina;<\/li>\n<\/ul>\n\n\n\n<ul class=\"wp-block-list\">\n<li>Y solo CBR puede certificar m\u00e9dicos especialistas <strong>en Radiolog\u00eda e Imagen Diagn\u00f3stica<\/strong>, as\u00ed como m\u00e9dicos con experiencia en ecograf\u00eda general;<\/li>\n<\/ul>\n\n\n\n<p><strong>Consulte el descargo de responsabilidad completo en:<\/strong><br><a href=\"https:\/\/bit.ly\/esclarecimento-cbr-resolucao2330-2023-cfm\">https:\/\/bit.ly\/esclarecimento-cbr-resolucao2330-2023-cfm<\/a><\/p>","protected":false},"excerpt":{"rendered":"<p>El Colegio Brasile\u00f1o de Radiolog\u00eda y Diagn\u00f3stico por Im\u00e1genes (CBR) aclara los principales puntos de la resoluci\u00f3n CFM n\u00ba 2330\/23 a trav\u00e9s de una nota, que transform\u00f3 la Ultrasonograf\u00eda General en un \u00e1rea de especializaci\u00f3n. Compru\u00e9belo: Consulte la nota aclaratoria completa en: https:\/\/bit.ly\/esclarecimento-cbr-resolucao2330-2023-cfm<\/p>","protected":false},"author":8,"featured_media":42523,"comment_status":"closed","ping_status":"closed","sticky":false,"template":"","format":"standard","meta":{"_acf_changed":false,"footnotes":""},"categories":[10],"tags":[50,694,111,65,66],"class_list":["post-44788","post","type-post","status-publish","format-standard","has-post-thumbnail","hentry","category-institucional","tag-cbr","tag-cbr_radiologista","tag-diagnostico-por-imagem","tag-medico","tag-radiologista"],"acf":[],"_links":{"self":[{"href":"https:\/\/cbr.org.br\/es\/wp-json\/wp\/v2\/posts\/44788","targetHints":{"allow":["GET"]}}],"collection":[{"href":"https:\/\/cbr.org.br\/es\/wp-json\/wp\/v2\/posts"}],"about":[{"href":"https:\/\/cbr.org.br\/es\/wp-json\/wp\/v2\/types\/post"}],"author":[{"embeddable":true,"href":"https:\/\/cbr.org.br\/es\/wp-json\/wp\/v2\/users\/8"}],"replies":[{"embeddable":true,"href":"https:\/\/cbr.org.br\/es\/wp-json\/wp\/v2\/comments?post=44788"}],"version-history":[{"count":3,"href":"https:\/\/cbr.org.br\/es\/wp-json\/wp\/v2\/posts\/44788\/revisions"}],"predecessor-version":[{"id":44794,"href":"https:\/\/cbr.org.br\/es\/wp-json\/wp\/v2\/posts\/44788\/revisions\/44794"}],"wp:featuredmedia":[{"embeddable":true,"href":"https:\/\/cbr.org.br\/es\/wp-json\/wp\/v2\/media\/42523"}],"wp:attachment":[{"href":"https:\/\/cbr.org.br\/es\/wp-json\/wp\/v2\/media?parent=44788"}],"wp:term":[{"taxonomy":"category","embeddable":true,"href":"https:\/\/cbr.org.br\/es\/wp-json\/wp\/v2\/categories?post=44788"},{"taxonomy":"post_tag","embeddable":true,"href":"https:\/\/cbr.org.br\/es\/wp-json\/wp\/v2\/tags?post=44788"}],"curies":[{"name":"wp","href":"https:\/\/api.w.org\/{rel}","templated":true}]}}