{"id":45753,"date":"2023-05-24T17:05:45","date_gmt":"2023-05-24T20:05:45","guid":{"rendered":"https:\/\/cbr.org.br\/?p=45753"},"modified":"2023-07-03T18:53:42","modified_gmt":"2023-07-03T21:53:42","slug":"o-programa-scholarship-esor-cbr-2023-que-conta-com-o-apoio-da-bayer","status":"publish","type":"post","link":"https:\/\/cbr.org.br\/es\/o-programa-scholarship-esor-cbr-2023-que-conta-com-o-apoio-da-bayer\/","title":{"rendered":"El Programa de Becas ESOR-CBR 2023, que cuenta con el apoyo de Bayer, incluye a los tres becarios en Europa"},"content":{"rendered":"<p>Este martes 23\/05 se realiz\u00f3 en la sede de CBR un acto de entrega de los premios que ofrece Bayer a los beneficiarios de las becas del programa Beca ESOR-CBR, promovido por <em>Escuela Europea de Radiolog\u00eda<\/em> (ESOR) y el Colegio Brasile\u00f1o de Radiolog\u00eda y Diagn\u00f3stico por Im\u00e1genes (CBR), que ofrece becas de pasant\u00eda en Europa a tres ex residentes brasile\u00f1os seleccionados a trav\u00e9s de un proceso de selecci\u00f3n definido por los puntajes en la Evaluaci\u00f3n Anual de Residentes y Perfeccionamiento en 2023, y que pasan por un proceso de selecci\u00f3n por parte de ESOR para definir a los ganadores. Los Dres. Afonso Paranhos Silva Santos, Genival Viana de Oliveira J\u00fanior y Leonardo C\u00e9sar de Freitas Cayres fueron los tres primeros, cada uno de los cuales gan\u00f3 una pasant\u00eda de tres meses en Europa para mejorar sus conocimientos en Radiolog\u00eda.<\/p>\n\n\n\n<p>La ceremonia se realiz\u00f3 en formato h\u00edbrido en la sede de la CBR, en la Avenida Paulista, en S\u00e3o Paulo (SP). Los radi\u00f3logos contemplados recibieron el reconocimiento del Dr. Cibele Carvalho, Presidenta de CBR, Dra. Ronaldo Baroni, Director Cient\u00edfico de CBR; y representantes de Bayer: Dr. Tatiana Azzi, Gerente M\u00e9dico, y Gabriella Ruffato, Analista de Relaciones M\u00e9dicas en Radiolog\u00eda.<\/p>\n\n\n\n<p>Los ganadores tendr\u00e1n la oportunidad de seguir un programa de residencia altamente calificado en Europa, indicado por ESOR y en la subespecialidad elegida por ellos.<\/p>\n\n\n\n<p>el medico Genival Viana J\u00fanior es de Arapiraca, una ciudad ubicada en el interior del estado de Alagoas (AL) y tiene 29 a\u00f1os. Se gradu\u00f3 en la Universidad Federal de Alagoas, complet\u00f3 su residencia m\u00e9dica en el Hospital Albert Einstein de S\u00e3o Paulo (SP). Eligi\u00f3 actuar en <em>Hospital King&#039;s College<\/em>, Londres, Reino Unido, en el \u00e1rea de Neurorradiolog\u00eda.<\/p>\n\n\n\n<figure class=\"wp-block-image size-large is-resized\"><img fetchpriority=\"high\" decoding=\"async\" src=\"https:\/\/cbr.org.br\/wp-content\/uploads\/2023\/05\/2_-Foto-Genival-1-810x1080.jpeg\" alt=\"\" class=\"wp-image-45756\" width=\"375\" height=\"500\" srcset=\"https:\/\/cbr.org.br\/wp-content\/uploads\/2023\/05\/2_-Foto-Genival-1-810x1080.jpeg 810w, https:\/\/cbr.org.br\/wp-content\/uploads\/2023\/05\/2_-Foto-Genival-1-405x540.jpeg 405w, https:\/\/cbr.org.br\/wp-content\/uploads\/2023\/05\/2_-Foto-Genival-1-191x254.jpeg 191w, https:\/\/cbr.org.br\/wp-content\/uploads\/2023\/05\/2_-Foto-Genival-1-768x1024.jpeg 768w, https:\/\/cbr.org.br\/wp-content\/uploads\/2023\/05\/2_-Foto-Genival-1-1152x1536.jpeg 1152w, https:\/\/cbr.org.br\/wp-content\/uploads\/2023\/05\/2_-Foto-Genival-1-9x12.jpeg 9w, https:\/\/cbr.org.br\/wp-content\/uploads\/2023\/05\/2_-Foto-Genival-1.jpeg 1200w\" sizes=\"(max-width: 375px) 100vw, 375px\" \/><figcaption class=\"wp-element-caption\">Subt\u00edtulo: Dra. Genival Viana J\u00fanior mientras recibe la beca de pr\u00e1cticas y el certificado<br>Cr\u00e9dito: Comunicaci\u00f3n y Marketing CBR<\/figcaption><\/figure>\n\n\n\n<p>el medico Genival Viana J\u00fanior habla de su emoci\u00f3n al saber que estaba entre los tres seleccionados: \u201cEstaba muy emocionado de ser elegido, estaba muy feliz\u201d. El doctor agrega que esta experiencia de ir a Londres ser\u00e1 muy buena para su vida: \u201cEs una oportunidad incre\u00edble, creo que ir a Londres, para el <em>King&#039;s College de Londres<\/em>, que es una instituci\u00f3n centenaria, ser\u00e1 muy bueno tanto para mi vida como para lo que quiero traer a Brasil\u201d. Genival tambi\u00e9n agradeci\u00f3 la asociaci\u00f3n entre las organizaciones: \u201cEstoy muy agradecido con CBR, la Escuela Europea de Radiolog\u00eda (ESOR) y Bayer.<\/p>\n\n\n\n<p>el medico Afonso Santos es de Ubat\u00e3, ubicado en el interior de Bah\u00eda (BA) y tiene 28 a\u00f1os. Se gradu\u00f3 en Medicina en la Escola Bahiana de Medicina y complet\u00f3 su residencia m\u00e9dica en la Associa\u00e7\u00e3o e Hospital Benefic\u00eancia de S\u00e3o Paulo (SP). Tambi\u00e9n opt\u00f3 por trabajar en Neurorradiolog\u00eda, sin embargo, realizar\u00e1 la pasant\u00eda en <em>Centro M\u00e9dico Erasmo<\/em>, en <em>rotterdam<\/em>, En Holanda.<\/p>\n\n\n\n<figure class=\"wp-block-image size-large is-resized\"><img decoding=\"async\" src=\"https:\/\/cbr.org.br\/wp-content\/uploads\/2023\/05\/3_-Foto-Afonso-810x1080.jpeg\" alt=\"\" class=\"wp-image-45757\" width=\"403\" height=\"537\" srcset=\"https:\/\/cbr.org.br\/wp-content\/uploads\/2023\/05\/3_-Foto-Afonso-810x1080.jpeg 810w, https:\/\/cbr.org.br\/wp-content\/uploads\/2023\/05\/3_-Foto-Afonso-405x540.jpeg 405w, https:\/\/cbr.org.br\/wp-content\/uploads\/2023\/05\/3_-Foto-Afonso-191x254.jpeg 191w, https:\/\/cbr.org.br\/wp-content\/uploads\/2023\/05\/3_-Foto-Afonso-768x1024.jpeg 768w, https:\/\/cbr.org.br\/wp-content\/uploads\/2023\/05\/3_-Foto-Afonso-1152x1536.jpeg 1152w, https:\/\/cbr.org.br\/wp-content\/uploads\/2023\/05\/3_-Foto-Afonso-9x12.jpeg 9w, https:\/\/cbr.org.br\/wp-content\/uploads\/2023\/05\/3_-Foto-Afonso.jpeg 1200w\" sizes=\"(max-width: 403px) 100vw, 403px\" \/><figcaption class=\"wp-element-caption\">Subt\u00edtulo: Dra. Afonso Santos mientras recibe la beca de pr\u00e1cticas y el certificado<br>Cr\u00e9dito: Comunicaci\u00f3n y Marketing CBR<\/figcaption><\/figure>\n\n\n\n<p>el medico Afonso Santos dice estar muy contento con el premio: \u201cMuy contento de haber sido incluido en el programa en colaboraci\u00f3n con la Escuela Europea de Radiolog\u00eda, CBR y Bayer\u201d. El doctor tambi\u00e9n habl\u00f3 sobre sus perspectivas sobre esta experiencia: \u201cEspero que con este programa podamos aprender mucho sobre radiolog\u00eda, experiencias y que este intercambio sea muy positivo\u201d.<\/p>\n\n\n\n<p>el medico Leonardo C\u00e9sar Cayres es de Araguari, interior de Minas Gerais (MG), y tiene 27 a\u00f1os. Decidi\u00f3 ir al estado de S\u00e3o Paulo en busca de grandes centros m\u00e9dicos para la pr\u00e1ctica profesional e hizo su residencia m\u00e9dica en la Universidad de S\u00e3o Paulo (USP) en Ribeir\u00e3o Preto (SP). Eligi\u00f3 actuar en <em>Hospital King&#039;s College<\/em>, Londres, Reino Unido, en el campo de la Radiolog\u00eda Tor\u00e1cica.<\/p>\n\n\n\n<figure class=\"wp-block-image size-large is-resized\"><img decoding=\"async\" src=\"https:\/\/cbr.org.br\/wp-content\/uploads\/2023\/05\/4_-Foto-Leonardo-1440x1080.jpeg\" alt=\"\" class=\"wp-image-45758\" width=\"528\" height=\"396\" srcset=\"https:\/\/cbr.org.br\/wp-content\/uploads\/2023\/05\/4_-Foto-Leonardo-1440x1080.jpeg 1440w, https:\/\/cbr.org.br\/wp-content\/uploads\/2023\/05\/4_-Foto-Leonardo-720x540.jpeg 720w, https:\/\/cbr.org.br\/wp-content\/uploads\/2023\/05\/4_-Foto-Leonardo-339x254.jpeg 339w, https:\/\/cbr.org.br\/wp-content\/uploads\/2023\/05\/4_-Foto-Leonardo-768x576.jpeg 768w, https:\/\/cbr.org.br\/wp-content\/uploads\/2023\/05\/4_-Foto-Leonardo-1536x1152.jpeg 1536w, https:\/\/cbr.org.br\/wp-content\/uploads\/2023\/05\/4_-Foto-Leonardo-16x12.jpeg 16w, https:\/\/cbr.org.br\/wp-content\/uploads\/2023\/05\/4_-Foto-Leonardo.jpeg 1600w\" sizes=\"(max-width: 528px) 100vw, 528px\" \/><figcaption class=\"wp-element-caption\">Subt\u00edtulo: Dra. Leonardo C\u00e9sar Cayres durante la recepci\u00f3n de la beca de pr\u00e1cticas y certificado<br>Cr\u00e9dito: Comunicaci\u00f3n y Marketing CBR<\/figcaption><\/figure>\n\n\n\n<p>el medico Leonardo C\u00e9sar Cayres cuenta su objetivo de vida profesional: \u201cMi objetivo de vida es volver a esa regi\u00f3n (de donde es) y traer los conocimientos que adquir\u00ed\u201d. El m\u00e9dico dice que estaba muy feliz de competir por la beca en Europa: \u201cCuando me enter\u00e9 que hab\u00eda estado entre los 40 en Brasil y podr\u00eda competir por esa vacante en Europa, estaba muy feliz y me dediqu\u00e9\u201d .<br><\/p>\n\n\n\n<p>Al final, la Dra. Cibele y el Dr. Ronaldo agradecieron a Bayer por apoyar este importante acuerdo establecido con ESOR. Reforzaron que a trav\u00e9s de la asociaci\u00f3n ser\u00e1 posible promover el programa de residencia de alta calificaci\u00f3n en Europa para los tres m\u00e9dicos premiados y brindar un conocimiento m\u00e1s amplio en radiolog\u00eda y diagn\u00f3stico por im\u00e1genes a la sociedad en su conjunto.<\/p>","protected":false},"excerpt":{"rendered":"<p>Este martes 23\/05 se realiz\u00f3 en la sede del CBR una ceremonia de entrega de los premios ofrecidos por Bayer a los beneficiarios de las becas del programa Scholarship ESOR-CBR, promovido por la Escuela Europea de Radiolog\u00eda (ESOR) y el Instituto Col\u00e9gio Brasile\u00f1o of Radiology and Image Diagnosis (CBR), que ofrece becas de pr\u00e1cticas en Europa para\u2026 <a href=\"https:\/\/cbr.org.br\/es\/o-programa-scholarship-esor-cbr-2023-que-conta-com-o-apoio-da-bayer\/\">Sigue leyendo<\/a><\/p>","protected":false},"author":24,"featured_media":45754,"comment_status":"closed","ping_status":"closed","sticky":false,"template":"","format":"standard","meta":{"_acf_changed":false,"footnotes":""},"categories":[18],"tags":[50,67,387,68,96,70],"class_list":["post-45753","post","type-post","status-publish","format-standard","has-post-thumbnail","hentry","category-parcerias-internacional","tag-cbr","tag-esor","tag-estudo","tag-europa","tag-radiologia","tag-scholarship"],"acf":[],"_links":{"self":[{"href":"https:\/\/cbr.org.br\/es\/wp-json\/wp\/v2\/posts\/45753","targetHints":{"allow":["GET"]}}],"collection":[{"href":"https:\/\/cbr.org.br\/es\/wp-json\/wp\/v2\/posts"}],"about":[{"href":"https:\/\/cbr.org.br\/es\/wp-json\/wp\/v2\/types\/post"}],"author":[{"embeddable":true,"href":"https:\/\/cbr.org.br\/es\/wp-json\/wp\/v2\/users\/24"}],"replies":[{"embeddable":true,"href":"https:\/\/cbr.org.br\/es\/wp-json\/wp\/v2\/comments?post=45753"}],"version-history":[{"count":1,"href":"https:\/\/cbr.org.br\/es\/wp-json\/wp\/v2\/posts\/45753\/revisions"}],"predecessor-version":[{"id":45759,"href":"https:\/\/cbr.org.br\/es\/wp-json\/wp\/v2\/posts\/45753\/revisions\/45759"}],"wp:featuredmedia":[{"embeddable":true,"href":"https:\/\/cbr.org.br\/es\/wp-json\/wp\/v2\/media\/45754"}],"wp:attachment":[{"href":"https:\/\/cbr.org.br\/es\/wp-json\/wp\/v2\/media?parent=45753"}],"wp:term":[{"taxonomy":"category","embeddable":true,"href":"https:\/\/cbr.org.br\/es\/wp-json\/wp\/v2\/categories?post=45753"},{"taxonomy":"post_tag","embeddable":true,"href":"https:\/\/cbr.org.br\/es\/wp-json\/wp\/v2\/tags?post=45753"}],"curies":[{"name":"wp","href":"https:\/\/api.w.org\/{rel}","templated":true}]}}