{"id":45761,"date":"2023-05-25T16:34:39","date_gmt":"2023-05-25T19:34:39","guid":{"rendered":"https:\/\/cbr.org.br\/?p=45761"},"modified":"2023-05-25T16:34:40","modified_gmt":"2023-05-25T19:34:40","slug":"primeira-etapa-da-prova-de-titulo-de-especialista-e-certificado-de-area-de-atuacao-2023","status":"publish","type":"post","link":"https:\/\/cbr.org.br\/es\/primeira-etapa-da-prova-de-titulo-de-especialista-e-certificado-de-area-de-atuacao-2023\/","title":{"rendered":"Primera etapa de la Prueba de T\u00edtulo de Especialista y Certificado de Pericia 2023 se aplica en seis ciudades de Brasil"},"content":{"rendered":"<p>La primera fase de la Prueba de T\u00edtulo de Experto 2023 y Certificado de \u00c1rea de Especializaci\u00f3n se llev\u00f3 a cabo el domingo pasado (21). Las evaluaciones se aplicaron en seis ciudades del pa\u00eds: Belo Horizonte (MG), Brasilia (DF), Curitiba (PR), Rio de Janeiro (RJ), Recife (PE) y S\u00e3o Paulo (SP), a partir de las 9 h ( hora de Brasilia).<br><\/p>\n\n\n\n<p>Se aplicaron ex\u00e1menes de las siguientes especialidades: Mamograf\u00eda, Densitometr\u00eda \u00d3sea, Ultrasonido Doppler Vascular, Neurorradiolog\u00eda Diagn\u00f3stica, Neurorradiolog\u00eda Terap\u00e9utica, Radiolog\u00eda e Imagen Diagn\u00f3stica, Radiolog\u00eda Intervencionista y Angiorradiolog\u00eda, Ultrasonido en Ginecolog\u00eda y Obstetricia, y Ultrasonido General.<br><\/p>\n\n\n\n<p>En total, 841 candidatos estuvieron presentes en esta etapa. S\u00e3o Paulo fue la ciudad que m\u00e1s personas recibi\u00f3, fueron 348. La especialidad m\u00e1s popular fue Radiolog\u00eda y Diagn\u00f3stico por Im\u00e1genes (RDDI), 381 candidatos tomaron la prueba con ese objetivo.<br><\/p>\n\n\n\n<p>Es de destacar que solo 78 personas no asistieron a los sitios de prueba. Al igual que con el n\u00famero de candidatos presentes, la ciudad de S\u00e3o Paulo fue el lugar con mayor n\u00famero de ausentes, con 40 candidatos sin ser evaluados.<br><\/p>\n\n\n\n<p>Las plantillas se publicaron el lunes pasado (22) y ahora est\u00e1n disponibles en el enlace a continuaci\u00f3n, en el sitio web de CBR. <\/p>\n\n\n\n<p><a href=\"https:\/\/cbr.org.br\/es\/prova-titulo-especialista\/\" target=\"_blank\" rel=\"noreferrer noopener\">https:\/\/cbr.org.br\/prova-titulo-especialista\/<\/a><br><\/p>\n\n\n\n<p><strong>Segunda etapa<br><\/strong><\/p>\n\n\n\n<p>La segunda etapa de la carrera est\u00e1 prevista para los d\u00edas 8 y 9 de julio, en la ciudad de S\u00e3o Paulo (SP). En esta etapa, los candidatos realizar\u00e1n una prueba oral y pr\u00e1ctica sobre dispositivos. Los T\u00edtulos de Especialista y Certificados en el \u00c1rea de Experiencia est\u00e1n compuestos y son competencia exclusiva de la Asociaci\u00f3n M\u00e9dica Brasile\u00f1a.<br><\/p>\n\n\n\n<p>La solicitud de fabricaci\u00f3n deber\u00e1 hacerse ante la Sociedad de la Especialidad, de acuerdo con los lineamientos presentes en la convocatoria de cada concurso. El plazo de recepci\u00f3n es de 30 a 45 d\u00edas, contados a partir del pago de la factura.<\/p>","protected":false},"excerpt":{"rendered":"<p>La primera fase de la Prueba de T\u00edtulo de Experto 2023 y Certificado de \u00c1rea de Especializaci\u00f3n se llev\u00f3 a cabo el domingo pasado (21). Las evaluaciones se aplicaron en seis ciudades del pa\u00eds: Belo Horizonte (MG), Brasilia (DF), Curitiba (PR), Rio de Janeiro (RJ), Recife (PE) y S\u00e3o Paulo (SP), a partir de las 9 h ( hora de Brasilia). Ellos eran \u2026 <a href=\"https:\/\/cbr.org.br\/es\/primeira-etapa-da-prova-de-titulo-de-especialista-e-certificado-de-area-de-atuacao-2023\/\">Sigue leyendo<\/a><\/p>","protected":false},"author":24,"featured_media":45762,"comment_status":"closed","ping_status":"closed","sticky":false,"template":"","format":"standard","meta":{"_acf_changed":false,"footnotes":""},"categories":[17],"tags":[50,283,286,108],"class_list":["post-45761","post","type-post","status-publish","format-standard","has-post-thumbnail","hentry","category-titulos-e-certificados","tag-cbr","tag-certificado-de-area-de-atuacao","tag-prova-de-titulo","tag-titulo-de-especialista"],"acf":[],"_links":{"self":[{"href":"https:\/\/cbr.org.br\/es\/wp-json\/wp\/v2\/posts\/45761","targetHints":{"allow":["GET"]}}],"collection":[{"href":"https:\/\/cbr.org.br\/es\/wp-json\/wp\/v2\/posts"}],"about":[{"href":"https:\/\/cbr.org.br\/es\/wp-json\/wp\/v2\/types\/post"}],"author":[{"embeddable":true,"href":"https:\/\/cbr.org.br\/es\/wp-json\/wp\/v2\/users\/24"}],"replies":[{"embeddable":true,"href":"https:\/\/cbr.org.br\/es\/wp-json\/wp\/v2\/comments?post=45761"}],"version-history":[{"count":3,"href":"https:\/\/cbr.org.br\/es\/wp-json\/wp\/v2\/posts\/45761\/revisions"}],"predecessor-version":[{"id":45765,"href":"https:\/\/cbr.org.br\/es\/wp-json\/wp\/v2\/posts\/45761\/revisions\/45765"}],"wp:featuredmedia":[{"embeddable":true,"href":"https:\/\/cbr.org.br\/es\/wp-json\/wp\/v2\/media\/45762"}],"wp:attachment":[{"href":"https:\/\/cbr.org.br\/es\/wp-json\/wp\/v2\/media?parent=45761"}],"wp:term":[{"taxonomy":"category","embeddable":true,"href":"https:\/\/cbr.org.br\/es\/wp-json\/wp\/v2\/categories?post=45761"},{"taxonomy":"post_tag","embeddable":true,"href":"https:\/\/cbr.org.br\/es\/wp-json\/wp\/v2\/tags?post=45761"}],"curies":[{"name":"wp","href":"https:\/\/api.w.org\/{rel}","templated":true}]}}