{"id":45974,"date":"2023-06-06T18:05:47","date_gmt":"2023-06-06T21:05:47","guid":{"rendered":"https:\/\/cbr.org.br\/?p=45974"},"modified":"2023-07-04T10:28:12","modified_gmt":"2023-07-04T13:28:12","slug":"curso-cbr-esor-asklepios-chest-2023-radiologia-toracica-acontecera-em-duas-cidades-do-brasil","status":"publish","type":"post","link":"https:\/\/cbr.org.br\/es\/curso-cbr-esor-asklepios-chest-2023-radiologia-toracica-acontecera-em-duas-cidades-do-brasil\/","title":{"rendered":"El \u201cCBR ESOR Asklepios Chest Course 2023 \u2013 Thoracic Radiology\u201d se realizar\u00e1 en dos ciudades de Brasil"},"content":{"rendered":"<p>La Escuela Europea de Radiolog\u00eda (ESOR) junto con la Sociedad Europea de Radiolog\u00eda (ESR), socia del Colegio Brasile\u00f1o de Radiolog\u00eda y Diagn\u00f3stico por Imagen (CBR), pondr\u00e1 a disposici\u00f3n de los radi\u00f3logos brasile\u00f1os el \u201cCurso CBR ESOR <em>Cofre Asklepios 2023 \u2013 <\/em>Radiolog\u00eda Tor\u00e1cica\u201d, que se aplicar\u00e1 en dos ciudades del pa\u00eds. La primera ubicaci\u00f3n ser\u00e1 en Belo Horizonte (MG), en el Hotel Mercure Belo Horizonte Lourdes, el 24 de agosto. A continuaci\u00f3n, el curso tendr\u00e1 lugar en Salvador (BA), en el Novotel Salvador Rio Vermelho, el 26 de agosto.&nbsp;<\/p>\n\n\n\n<p><strong>Sobre el curso<\/strong><\/p>\n\n\n\n<p>El curso tiene como objetivo desarrollar y actualizar a los participantes en las mejores pr\u00e1cticas en radiolog\u00eda tor\u00e1cica. Durante toda la jornada de clase se presentar\u00e1 el amplio espectro de las diferentes enfermedades pulmonares y los respectivos hallazgos en radiolog\u00eda de t\u00f3rax. El curso se enfoca en las necesidades cl\u00ednicas, soluciones t\u00e9cnicas y aplicaci\u00f3n adecuada de im\u00e1genes y patrones en el diagn\u00f3stico y toma de decisiones de casos tales como: enfermedades pulmonares inflamatorias infecciosas y no infecciosas, n\u00f3dulos pulmonares, embolismo pulmonar, entre otros temas.<\/p>\n\n\n\n<p><strong>Objetivos del Curso<\/strong><\/p>\n\n\n\n<p>Seg\u00fan la ESOR, los objetivos del curso son: \u201cconocer los \u00faltimos avances en el tratamiento de los n\u00f3dulos pulmonares, en particular los subs\u00f3lidos, as\u00ed como en el cribado y estadificaci\u00f3n del c\u00e1ncer de pulm\u00f3n. Comprender los beneficios de diagn\u00f3stico del enfoque est\u00e1ndar en el diagn\u00f3stico de enfermedades pulmonares inflamatorias como la neumon\u00eda bacteriana, viral y f\u00fangica, la tuberculosis, la neumonitis por hipersensibilidad y la fibrosis pulmonar idiop\u00e1tica. Consolidar el conocimiento sobre las mejores pr\u00e1cticas actuales en el diagn\u00f3stico y tratamiento radiol\u00f3gico de la embolia pulmonar\u201d.<\/p>\n\n\n\n<p><strong>Temas de clase<\/strong><\/p>\n\n\n\n<p>Se impartir\u00e1n clases sobre los siguientes temas:<\/p>\n\n\n\n<ul class=\"wp-block-list\">\n<li>Embolia pulmonar e hipertensi\u00f3n;<\/li>\n\n\n\n<li>Enfermedad pulmonar intersticial con foco en FPI y DDx;<\/li>\n\n\n\n<li>Enfermedad pulmonar intersticial con \u00e9nfasis en neumonitis por hipersensibilidad y vasculitis;<\/li>\n\n\n\n<li>Neoplasias pulmonares y pleurales: DDx y Estadificaci\u00f3n;<\/li>\n\n\n\n<li>Enfermedades infecciosas y de las v\u00edas respiratorias;<\/li>\n\n\n\n<li>DDx y manejo de consolidaciones y opacidades en vidrio esmerilado.&nbsp;<\/li>\n<\/ul>\n\n\n\n<p><strong>Profesores del curso<\/strong><\/p>\n\n\n\n<p>Los profesores de las clases ser\u00e1n: Dr. Annemiek Snoeckx (B\u00e9lgica); Dr. Arthur Soares Souza J\u00fanior (Brasil); Dr. Galit Aviram (Israel); Dr. Hans-Ulrich Kauczor (Alemania); Dr. Melanie Greaves (Reino Unido) y el Dr. Pedro Paulo Teixeira y Silva Torres (Brasil).<\/p>\n\n\n\n<p><strong>Tabla de Valores<\/strong><\/p>\n\n\n\n<figure class=\"wp-block-table\"><table><tbody><tr><td>&nbsp;<\/td><td>1er lote (junio)<\/td><td>2do lote (julio)<\/td><td>3er lote (hasta el 22 de agosto)<\/td><td>&nbsp; En el lugar<\/td><\/tr><tr><td>Asociado de CBR (Residente)<\/td><td>R$ 441<\/td><td>R$ 490<\/td><td>R$ 539<\/td><td>R$ 563<\/td><\/tr><tr><td>No miembro (residente)<\/td><td>R$ 573<\/td><td>R$ 637<\/td><td>R$ 701<\/td><td>R$ 732<\/td><\/tr><tr><td>Asociado de CBR (m\u00e9dico)<\/td><td>R$ 495<\/td><td>R$ 550<\/td><td>R$ 605<\/td><td>R$ 632<\/td><\/tr><tr><td>Asociado de CBR (m\u00e9dico)<\/td><td>R$ 643<\/td><td>R$ 715<\/td><td>R$ 787<\/td><td>R$ 822<\/td><\/tr><\/tbody><\/table><\/figure>\n\n\n\n<p>Las postulaciones estar\u00e1n abiertas hasta el 22 de agosto. Recuerda que el almuerzo se realizar\u00e1 en el hotel del evento y est\u00e1 incluido en la cuota de inscripci\u00f3n. No pierdas la oportunidad de estar con profesores de renombre nacional e internacional en dos ediciones in\u00e9ditas del curso.\u00a0 <br><br><strong>Clases confirmadas!<\/strong><br><br>Asegura tu lugar ahora:<br><\/p>\n\n\n\n<div class=\"wp-block-buttons is-layout-flex wp-block-buttons-is-layout-flex\">\n<div class=\"wp-block-button\"><a class=\"wp-block-button__link wp-element-button\" href=\"https:\/\/cbr.entity.itarget.com.br\/offers-unique\/144\">registrar aqu\u00ed<\/a><\/div>\n<\/div>","protected":false},"excerpt":{"rendered":"<p>La Escuela Europea de Radiolog\u00eda (ESOR) junto con la Sociedad Europea de Radiolog\u00eda (ESR), socia del Colegio Brasile\u00f1o de Radiolog\u00eda y Diagn\u00f3stico por Im\u00e1genes (CBR), pondr\u00e1 a disposici\u00f3n de los radi\u00f3logos brasile\u00f1os el \u201cCBR ESOR Asklepios Chest Course 2023 \u2013 Thoracic Radiolog\u00eda\u201d, que se aplicar\u00e1 en dos ciudades del pa\u00eds. La primera ubicaci\u00f3n ser\u00e1 en Belo Horizonte (MG), \u2026 <a href=\"https:\/\/cbr.org.br\/es\/curso-cbr-esor-asklepios-chest-2023-radiologia-toracica-acontecera-em-duas-cidades-do-brasil\/\">Sigue leyendo<\/a><\/p>","protected":false},"author":24,"featured_media":45967,"comment_status":"closed","ping_status":"closed","sticky":false,"template":"","format":"standard","meta":{"_acf_changed":false,"footnotes":""},"categories":[491,30],"tags":[50,594,596,111,595,66],"class_list":["post-45974","post","type-post","status-publish","format-standard","has-post-thumbnail","hentry","category-cbr-educa","category-cursos-educa-cbr","tag-cbr","tag-chest","tag-cursoesor","tag-diagnostico-por-imagem","tag-radiologia-toracica","tag-radiologista"],"acf":[],"_links":{"self":[{"href":"https:\/\/cbr.org.br\/es\/wp-json\/wp\/v2\/posts\/45974","targetHints":{"allow":["GET"]}}],"collection":[{"href":"https:\/\/cbr.org.br\/es\/wp-json\/wp\/v2\/posts"}],"about":[{"href":"https:\/\/cbr.org.br\/es\/wp-json\/wp\/v2\/types\/post"}],"author":[{"embeddable":true,"href":"https:\/\/cbr.org.br\/es\/wp-json\/wp\/v2\/users\/24"}],"replies":[{"embeddable":true,"href":"https:\/\/cbr.org.br\/es\/wp-json\/wp\/v2\/comments?post=45974"}],"version-history":[{"count":3,"href":"https:\/\/cbr.org.br\/es\/wp-json\/wp\/v2\/posts\/45974\/revisions"}],"predecessor-version":[{"id":46133,"href":"https:\/\/cbr.org.br\/es\/wp-json\/wp\/v2\/posts\/45974\/revisions\/46133"}],"wp:featuredmedia":[{"embeddable":true,"href":"https:\/\/cbr.org.br\/es\/wp-json\/wp\/v2\/media\/45967"}],"wp:attachment":[{"href":"https:\/\/cbr.org.br\/es\/wp-json\/wp\/v2\/media?parent=45974"}],"wp:term":[{"taxonomy":"category","embeddable":true,"href":"https:\/\/cbr.org.br\/es\/wp-json\/wp\/v2\/categories?post=45974"},{"taxonomy":"post_tag","embeddable":true,"href":"https:\/\/cbr.org.br\/es\/wp-json\/wp\/v2\/tags?post=45974"}],"curies":[{"name":"wp","href":"https:\/\/api.w.org\/{rel}","templated":true}]}}