{"id":46127,"date":"2023-07-03T18:32:19","date_gmt":"2023-07-03T21:32:19","guid":{"rendered":"https:\/\/cbr.org.br\/?p=46127"},"modified":"2023-07-05T12:11:43","modified_gmt":"2023-07-05T15:11:43","slug":"segunda-etapa-da-prova-de-titulo-de-especialista-e-certificado-de-area-de-atuacao-2023","status":"publish","type":"post","link":"https:\/\/cbr.org.br\/es\/segunda-etapa-da-prova-de-titulo-de-especialista-e-certificado-de-area-de-atuacao-2023\/","title":{"rendered":"Segunda etapa de la Prueba de T\u00edtulo de Especialista y Certificado de Pericia 2023 tendr\u00e1 lugar en S\u00e3o Paulo (SP)"},"content":{"rendered":"<p>La segunda fase de la Prueba de T\u00edtulo de Especialista y Certificado de Pericia 2023 tendr\u00e1 lugar los d\u00edas 8 y 9 de julio, en la ciudad de S\u00e3o Paulo (SP). El sitio de prueba se anunci\u00f3 el 19 de junio y est\u00e1 disponible en el &quot;acceso de candidatos&quot;. <\/p>\n\n\n\n<p>En esta etapa, los candidatos que fueron aprobados en la primera etapa de la Prueba de T\u00edtulo y Certificado en el \u00c1rea de Especializaci\u00f3n ser\u00e1n sometidos a una evaluaci\u00f3n oral y pr\u00e1ctica sobre dispositivos. Las \u00e1reas de desempe\u00f1o evaluadas ser\u00e1n:<\/p>\n\n\n\n<ul class=\"wp-block-list\">\n<li>Densitometr\u00eda \u00f3sea;<\/li>\n\n\n\n<li>Ultrasonido vascular con <em>Doppler;<\/em><\/li>\n\n\n\n<li>Mamograf\u00eda;<\/li>\n\n\n\n<li>Neurorradiolog\u00eda diagn\u00f3stica<\/li>\n\n\n\n<li>Neurorradiolog\u00eda Terap\u00e9utica;<\/li>\n\n\n\n<li>Ultrasonograf\u00eda en Ginecolog\u00eda y Obstetricia. <\/li>\n<\/ul>\n\n\n\n<p><strong>Las especialidades de:<\/strong><\/p>\n\n\n\n<ul class=\"wp-block-list\">\n<li>Radiolog\u00eda y Diagn\u00f3stico por Im\u00e1genes<\/li>\n\n\n\n<li>Radiolog\u00eda Intervencionista y Angiorradiolog\u00eda<\/li>\n\n\n\n<li>Ultrasonidos Generales.<\/li>\n<\/ul>\n\n\n\n<p>Los T\u00edtulos de Especialista y Certificados en el \u00c1rea de Experiencia est\u00e1n compuestos y son competencia exclusiva de la Associa\u00e7\u00e3o M\u00e9dica Brasileira (AMB). La solicitud de confecci\u00f3n deber\u00e1 hacerse ante la sociedad de especialidad, de acuerdo con los lineamientos presentes en el aviso p\u00fablico de cada licitaci\u00f3n.<br>El plazo de recepci\u00f3n es de 30 a 45 d\u00edas, contados a partir del pago de la factura.<\/p>\n\n\n\n<p><a href=\"https:\/\/cbr.org.br\/es\/dra-cibele-carvalho-participa-do-14-encontro-nacional-das-entidades-medicas-enem2023\/\" target=\"_blank\" rel=\"noreferrer noopener\"><strong>+Leer m\u00e1s: Dra. Cibele Carvalho participa del 14\u00ba Encuentro Nacional de Entidades M\u00e9dicas (ENEM2023)<\/strong><\/a><\/p>\n\n\n\n<p><strong>Pr\u00f3ximos pasos para el Certificado de Prueba de T\u00edtulo de Especialista y \u00c1rea de Experiencia 2023<\/strong><\/p>\n\n\n\n<p>08\/07\/2023<\/p>\n\n\n\n<p>Aplicaci\u00f3n de la Prueba Pr\u00e1ctica (presencial), todas las especialidades y \u00e1reas de especializaci\u00f3n, excepto RDDI.<\/p>\n\n\n\n<p><br>09\/07\/2023<\/p>\n\n\n\n<p>Aplicaci\u00f3n de la Prueba Te\u00f3rico-Pr\u00e1ctica (presencial) para RDDI.<\/p>\n\n\n\n<p>31\/07\/2023<\/p>\n\n\n\n<p>Divulgaci\u00f3n de clasificados en la Prueba Pr\u00e1ctica (acceso de candidatos)<\/p>\n\n\n\n<p>31\/07 al 02\/08\/2023<\/p>\n\n\n\n<p>Plazo de apelaci\u00f3n: desde las 12:00 horas del 31\/07\/2023 hasta las 12:00 horas del 02\/08\/2023 (acceso de candidatos)<\/p>\n\n\n\n<p>21\/08\/2023<\/p>\n\n\n\n<p>Divulgaci\u00f3n de aprobaci\u00f3n definitiva - Publicaci\u00f3n de los dict\u00e1menes de los Recursos, Declaraci\u00f3n Oficial de aprobaci\u00f3n y pautas para la confecci\u00f3n del T\u00edtulo de Especialista con la AMB (acceso de candidatos).<\/p>\n\n\n\n<p><a href=\"https:\/\/cbr.org.br\/es\/prova-titulo-especialista\/\" target=\"_blank\" rel=\"noreferrer noopener\">Para m\u00e1s informaci\u00f3n, haga clic aqu\u00ed<\/a><br><\/p>","protected":false},"excerpt":{"rendered":"<p>La segunda fase de la Prueba de T\u00edtulo y Certificado de Especialista en \u00c1rea de Pericia 2023 tendr\u00e1 lugar los d\u00edas 8 y 9 de julio, en la ciudad de S\u00e3o Paulo (SP). La ubicaci\u00f3n de la prueba se anunci\u00f3 el 19 de junio y est\u00e1 disponible en el &quot;acceso de candidatos&quot;. En esta etapa, los candidatos que fueron aprobados... <a href=\"https:\/\/cbr.org.br\/es\/segunda-etapa-da-prova-de-titulo-de-especialista-e-certificado-de-area-de-atuacao-2023\/\">Sigue leyendo<\/a><\/p>","protected":false},"author":24,"featured_media":46128,"comment_status":"closed","ping_status":"closed","sticky":false,"template":"","format":"standard","meta":{"_acf_changed":false,"footnotes":""},"categories":[17],"tags":[50,43,286,96,380],"class_list":["post-46127","post","type-post","status-publish","format-standard","has-post-thumbnail","hentry","category-titulos-e-certificados","tag-cbr","tag-colegio-brasileiro-de-radiologia-e-diagnostico-por-imagem","tag-prova-de-titulo","tag-radiologia","tag-titulacao"],"acf":[],"_links":{"self":[{"href":"https:\/\/cbr.org.br\/es\/wp-json\/wp\/v2\/posts\/46127","targetHints":{"allow":["GET"]}}],"collection":[{"href":"https:\/\/cbr.org.br\/es\/wp-json\/wp\/v2\/posts"}],"about":[{"href":"https:\/\/cbr.org.br\/es\/wp-json\/wp\/v2\/types\/post"}],"author":[{"embeddable":true,"href":"https:\/\/cbr.org.br\/es\/wp-json\/wp\/v2\/users\/24"}],"replies":[{"embeddable":true,"href":"https:\/\/cbr.org.br\/es\/wp-json\/wp\/v2\/comments?post=46127"}],"version-history":[{"count":3,"href":"https:\/\/cbr.org.br\/es\/wp-json\/wp\/v2\/posts\/46127\/revisions"}],"predecessor-version":[{"id":46146,"href":"https:\/\/cbr.org.br\/es\/wp-json\/wp\/v2\/posts\/46127\/revisions\/46146"}],"wp:featuredmedia":[{"embeddable":true,"href":"https:\/\/cbr.org.br\/es\/wp-json\/wp\/v2\/media\/46128"}],"wp:attachment":[{"href":"https:\/\/cbr.org.br\/es\/wp-json\/wp\/v2\/media?parent=46127"}],"wp:term":[{"taxonomy":"category","embeddable":true,"href":"https:\/\/cbr.org.br\/es\/wp-json\/wp\/v2\/categories?post=46127"},{"taxonomy":"post_tag","embeddable":true,"href":"https:\/\/cbr.org.br\/es\/wp-json\/wp\/v2\/tags?post=46127"}],"curies":[{"name":"wp","href":"https:\/\/api.w.org\/{rel}","templated":true}]}}