{"id":46239,"date":"2023-07-12T17:38:18","date_gmt":"2023-07-12T20:38:18","guid":{"rendered":"https:\/\/cbr.org.br\/?p=46239"},"modified":"2023-11-24T16:13:45","modified_gmt":"2023-11-24T19:13:45","slug":"confira-os-termos-mais-buscados-no-radlex-apos-um-mes-de-seu-lancamento","status":"publish","type":"post","link":"https:\/\/cbr.org.br\/es\/confira-os-termos-mais-buscados-no-radlex-apos-um-mes-de-seu-lancamento\/","title":{"rendered":"Consulta los t\u00e9rminos m\u00e1s buscados en Radlex a un mes de su lanzamiento"},"content":{"rendered":"<p>Radlex, una herramienta lanzada por el Colegio Brasile\u00f1o de Radiolog\u00eda y Diagn\u00f3stico por Im\u00e1genes (CBR), que vino a ayudar a los radi\u00f3logos en su d\u00eda a d\u00eda, cumpli\u00f3 un mes de uso el 1 de julio. El lanzamiento del l\u00e9xico fue un \u00e9xito y fue muy utilizado durante todo el mes.<\/p>\n\n\n\n<p>Del 1 de junio al 3 de julio, Radlex registr\u00f3 2553 b\u00fasquedas en su plataforma. El t\u00e9rmino m\u00e1s buscado fue \u201cGross Glass\u201d (60 veces), seguido de \u201cOpacity\u201d 40 (veces) y Cyst 37 (veces).<\/p>\n\n\n\n<p><strong>Consulte la lista de los 10 t\u00e9rminos m\u00e1s buscados en Radlex en este primer mes:<\/strong><\/p>\n\n\n\n<p>1-) Vidrio esmerilado (60x)<br>2-) Opacidad (40x)<br>3-) Quiste (37x)<br>4-) Esteatosis (36x)<br>5-) Consolidaci\u00f3n (35x)<br>6-) Nodo (35x)<br>7-) Apendicitis (25x)<br>\ud83d\ude0e Posterior (23x)<br>9-) Hemangioma (21x)<br>10-) Encubierto (20x)<\/p>\n\n\n\n<p><a href=\"https:\/\/cbr.org.br\/es\/conheca-os-professores-e-a-grade-cientifica-do-curso-cbr-esor-asklepios-chest-2023-radiologia-toracica\/\" target=\"_blank\" rel=\"noreferrer noopener\"><strong>+Leer m\u00e1s: Conoce a los profesores y personal cient\u00edfico del &#039;CBR ESOR Asklepios Chest Course 2023 \u2013 Thoracic Radiology&#039;<\/strong><\/a><\/p>\n\n\n\n<p><strong>\u00bfPara qu\u00e9 se utiliza Radlex?<\/strong><\/p>\n\n\n\n<p>La herramienta es un l\u00e9xico que re\u00fane m\u00e1s de 47.000 t\u00e9rminos para radi\u00f3logos, con la intenci\u00f3n de llenar un vac\u00edo creado por la creciente digitalizaci\u00f3n de im\u00e1genes, informes de im\u00e1genes y registros m\u00e9dicos. Su principal funci\u00f3n es estandarizar la terminolog\u00eda radiol\u00f3gica, buscando facilitar la comunicaci\u00f3n y la miner\u00eda de datos para mejorar la toma de decisiones.<\/p>\n\n\n\n<p><strong>Mantente al tanto de CBR, s\u00edguenos en\u00a0<a href=\"https:\/\/www.instagram.com\/cbr_radiologia\/\" target=\"_blank\" rel=\"noreferrer noopener\">Instagram\u00a0<\/a>,\u00a0<a href=\"https:\/\/www.facebook.com\/CBRadiologia\/?locale=pt_BR\" target=\"_blank\" rel=\"noreferrer noopener\">Facebook<\/a>\u00a0Es\u00a0<a href=\"https:\/\/br.linkedin.com\/company\/colegiobrasileiroderadiologiaediagn%C3%B3sticoporimagem\" target=\"_blank\" rel=\"noreferrer noopener\">LinkedIn<\/a><\/strong><\/p>\n\n\n\n<p>Cabe mencionar que Radlex estar\u00e1 abierto al p\u00fablico de tres a seis meses, a partir de la fecha de su lanzamiento (1 de junio). Despu\u00e9s de este per\u00edodo, solo los miembros de CBR tendr\u00e1n acceso a la nueva herramienta.<\/p>\n\n\n\n<p><a href=\"https:\/\/cbr.org.br\/es\/radlex-cbr\/\" target=\"_blank\" rel=\"noreferrer noopener\"><strong>Tambi\u00e9n haga su investigaci\u00f3n sobre Radlex<\/strong><\/a><\/p>","protected":false},"excerpt":{"rendered":"<p>Radlex, una herramienta lanzada por el Colegio Brasile\u00f1o de Radiolog\u00eda y Diagn\u00f3stico por Im\u00e1genes (CBR), que vino a ayudar a los radi\u00f3logos en su d\u00eda a d\u00eda, cumpli\u00f3 un mes de uso el 1 de julio. El lanzamiento del l\u00e9xico fue un \u00e9xito y fue muy utilizado durante todo el mes. Desde el 1 de junio\u2026 <a href=\"https:\/\/cbr.org.br\/es\/confira-os-termos-mais-buscados-no-radlex-apos-um-mes-de-seu-lancamento\/\">Sigue leyendo<\/a><\/p>","protected":false},"author":24,"featured_media":45921,"comment_status":"closed","ping_status":"closed","sticky":false,"template":"","format":"standard","meta":{"_acf_changed":false,"footnotes":""},"categories":[492,616,10],"tags":[50,43,96,66],"class_list":["post-46239","post","type-post","status-publish","format-standard","has-post-thumbnail","hentry","category-cbr-formacao","category-cear","category-institucional","tag-cbr","tag-colegio-brasileiro-de-radiologia-e-diagnostico-por-imagem","tag-radiologia","tag-radiologista"],"acf":[],"_links":{"self":[{"href":"https:\/\/cbr.org.br\/es\/wp-json\/wp\/v2\/posts\/46239","targetHints":{"allow":["GET"]}}],"collection":[{"href":"https:\/\/cbr.org.br\/es\/wp-json\/wp\/v2\/posts"}],"about":[{"href":"https:\/\/cbr.org.br\/es\/wp-json\/wp\/v2\/types\/post"}],"author":[{"embeddable":true,"href":"https:\/\/cbr.org.br\/es\/wp-json\/wp\/v2\/users\/24"}],"replies":[{"embeddable":true,"href":"https:\/\/cbr.org.br\/es\/wp-json\/wp\/v2\/comments?post=46239"}],"version-history":[{"count":1,"href":"https:\/\/cbr.org.br\/es\/wp-json\/wp\/v2\/posts\/46239\/revisions"}],"predecessor-version":[{"id":46240,"href":"https:\/\/cbr.org.br\/es\/wp-json\/wp\/v2\/posts\/46239\/revisions\/46240"}],"wp:featuredmedia":[{"embeddable":true,"href":"https:\/\/cbr.org.br\/es\/wp-json\/wp\/v2\/media\/45921"}],"wp:attachment":[{"href":"https:\/\/cbr.org.br\/es\/wp-json\/wp\/v2\/media?parent=46239"}],"wp:term":[{"taxonomy":"category","embeddable":true,"href":"https:\/\/cbr.org.br\/es\/wp-json\/wp\/v2\/categories?post=46239"},{"taxonomy":"post_tag","embeddable":true,"href":"https:\/\/cbr.org.br\/es\/wp-json\/wp\/v2\/tags?post=46239"}],"curies":[{"name":"wp","href":"https:\/\/api.w.org\/{rel}","templated":true}]}}